{"id":107169,"date":"2025-12-04T03:52:07","date_gmt":"2025-12-04T03:52:07","guid":{"rendered":"https:\/\/www.europesays.com\/fi\/107169\/"},"modified":"2025-12-04T03:52:07","modified_gmt":"2025-12-04T03:52:07","slug":"frida-karlsson-tavoittelee-olympiakultaa-huipputehokkaalla-harjoittelulla","status":"publish","type":"post","link":"https:\/\/www.europesays.com\/fi\/107169\/","title":{"rendered":"Frida Karlsson tavoittelee olympiakultaa huipputehokkaalla harjoittelulla"},"content":{"rendered":"<p>25-vuotias Karlsson voitti hiljattain maailmanmestaruuden 50 kilometrin kilpailussa Trondheimin MM-kisoissa. Nyt h\u00e4n t\u00e4ht\u00e4\u00e4 olympiakultaan \u2013 ja on investoinut miljoonan kruunun huippuluokan juoksumattoon, joka on suunniteltu erityisesti rullahiihtoon, mukaan lukien luistelutekniikka.<\/p>\n<p class=\"gt-block\">Juoksumaton edess\u00e4 olevaan sein\u00e4\u00e4n on kiinnitetty kultainen laatta, jossa lukee: Milano\u2013Cortina 2026 \u2013 p\u00e4ivitt\u00e4inen muistutus h\u00e4nen perimm\u00e4isest\u00e4 tavoitteestaan.<\/p>\n<p class=\"gt-block\"><strong>Lue lis\u00e4\u00e4:<\/strong> <a href=\"https:\/\/www.proxcskiing.com\/fi\/koulutus\/Kuinka-optimoit-harjoittelun-rullahiihtojuoksumatolla\/\" target=\"_blank\" rel=\"noreferrer noopener nofollow\">Miten optimoit harjoittelun rullahiihtojuoksumatolla?<\/a><\/p>\n<p>Mestareiden keskuudessa kasvavan trendin mukaisesti<\/p>\n<p>Karlsson ei ole ensimm\u00e4inen, joka on omaksunut t\u00e4m\u00e4n l\u00e4hestymistavan. Norjalainen supert\u00e4hti Johannes H\u00f8sflot Kl\u00e6bo osti rullahiihtojuoksumattonsa kes\u00e4ll\u00e4 2023. Ruotsalaisella ampumahiihtot\u00e4hdell\u00e4 Sebastian Samuelssonilla on ollut sellainen jo useita vuosia, samoin kuin nyky\u00e4\u00e4n el\u00e4kkeell\u00e4 olevalla legendalla Johannes Thingnes B\u00f8ll\u00e4.<\/p>\n<p>Entinen maastohiihdon suuruus Petter Northug uskoo, ett\u00e4 siirto voisi nostaa Karlssonin suoritusta entisest\u00e4\u00e4n.<\/p>\n<p class=\"gt-block\">\u201dOn syyns\u00e4, miksi Kl\u00e6bolla ja Thingnes B\u00f8ll\u00e4 on t\u00e4llainen aivan etuovensa sis\u00e4ll\u00e4.\u201d sanoi Northug <a href=\"https:\/\/www.tv2.no\/sport\/northug-hyller-frida-karlsson-bor-frykte-henne\/17840348\/\" target=\"_blank\" rel=\"noreferrer noopener nofollow\">TV2<\/a>, ja lis\u00e4nnyt:<\/p>\n<p class=\"gt-block\">\u201dNyt meid\u00e4n t\u00e4ytyy vain katsoa, \u200b\u200bparaneeko h\u00e4n \u2013 ja uskon ehdottomasti, ett\u00e4 paranee. Voisi olla aika pelottavaa n\u00e4hd\u00e4 h\u00e4net olympialaisissa.\u201d<\/p>\n<p class=\"gt-block\"><strong>Lue my\u00f6s:<\/strong> <a href=\"https:\/\/www.proxcskiing.com\/fi\/koulutus\/Onko-juoksumattotesteist%C3%A4-hy%C3%B6ty%C3%A4-kuntohiiht%C3%A4j%C3%A4lle\/\" target=\"_blank\" rel=\"noreferrer noopener nofollow\">Onko juoksumattotesteist\u00e4 hy\u00f6ty\u00e4 kuntohiiht\u00e4j\u00e4lle?<\/a><\/p>\n<p>Vakava sijoitus<\/p>\n<p>Huippuluokan rullahiihtojuoksumatot, jotka tukevat sek\u00e4 kaksoiskeipaista ett\u00e4 perinteist\u00e4 hiihtoa, ovat jo yleisi\u00e4 ammattihiiht\u00e4jien keskuudessa. Ne maksavat tyypillisesti useita satoja tuhansia kruunuja, ja niit\u00e4 k\u00e4ytt\u00e4v\u00e4t usein sek\u00e4 pitk\u00e4n matkan spesialistit ett\u00e4 maajoukkueurheilijat, jotka jahtaavat maailmanmestaruus- ja olympiamitaleja.<\/p>\n<p>Luisteluhiihtoon riitt\u00e4v\u00e4n leve\u00e4t juoksumatot ovat kuitenkin huomattavasti kalliimpia \u2013 usein jopa kymmenen kertaa kalliimpia \u2013 ja niit\u00e4 l\u00f6ytyy harvoin yksityiskodeista. Kyse ei ole pelk\u00e4st\u00e4\u00e4n niiden vaatimasta tilasta, vaan my\u00f6s taloudellisesta investoinnista.<\/p>\n<p>T\u00e4llaisten rullalautakelpoisten juoksumattoihin hinta alkaa tyypillisesti useiden miljoonien Ruotsin kruunujen luokasta.<\/p>\n<p class=\"gt-block\"><a href=\"https:\/\/www.instagram.com\/p\/DLCL5EmNAuS\/?utm_source=ig_web_copy_link&amp;igsh=MzRlODBiNWFlZA==\" target=\"_blank\" rel=\"noreferrer noopener nofollow\">Katso Frida Karlssonin juoksumattoasetukset Instagramissa<\/a><\/p>\n<blockquote class=\"instagram-media\" data-instgrm-captioned=\"\" data-instgrm-permalink=\"https:\/\/www.instagram.com\/p\/DLCL5EmNAuS\/?utm_source=ig_embed&amp;utm_campaign=loading\" data-instgrm-version=\"14\" style=\" background:#FFF; border:0; border-radius:3px; box-shadow:0 0 1px 0 rgba(0,0,0,0.5),0 1px 10px 0 rgba(0,0,0,0.15); margin: 1px; max-width:540px; min-width:326px; padding:0; width:99.375%; width:-webkit-calc(100% - 2px); width:calc(100% - 2px);\"\/>\n<p class=\"gt-block\">Oletko kiinnostunut harjoittelusta pitk\u00e4n matkan ja perinteisen hiihdon hiihdossa? Klikkaa t\u00e4st\u00e4 <a href=\"https:\/\/www.proxcskiing.com\/fi\/luokka\/koulutus\/\" target=\"_blank\" rel=\"noreferrer noopener nofollow\">T\u00c4\u00c4LT\u00c4<\/a> ja lue siit\u00e4 lis\u00e4\u00e4.<\/p>\n<p><script async src=\"\/\/www.instagram.com\/embed.js\"><\/script><\/p>\n","protected":false},"excerpt":{"rendered":"25-vuotias Karlsson voitti hiljattain maailmanmestaruuden 50 kilometrin kilpailussa Trondheimin MM-kisoissa. Nyt h\u00e4n t\u00e4ht\u00e4\u00e4 olympiakultaan \u2013 ja on investoinut&hellip;\n","protected":false},"author":2,"featured_media":107170,"comment_status":"","ping_status":"","sticky":false,"template":"","format":"standard","meta":{"footnotes":""},"categories":[86],"tags":[420,33,31,30,20152,20155,20153,421,20154,32,91,92],"class_list":{"0":"post-107169","1":"post","2":"type-post","3":"status-publish","4":"format-standard","5":"has-post-thumbnail","7":"category-laitteet","8":"tag-equipment","9":"tag-fi","10":"tag-finland","11":"tag-finnish","12":"tag-frida-karlsson","13":"tag-juoksumatto","14":"tag-karlsson","15":"tag-laitteet","16":"tag-proxcskiihto","17":"tag-suomi","18":"tag-technology","19":"tag-teknologia"},"share_on_mastodon":{"url":"https:\/\/pubeurope.com\/@fi\/115659272591759053","error":""},"_links":{"self":[{"href":"https:\/\/www.europesays.com\/fi\/wp-json\/wp\/v2\/posts\/107169","targetHints":{"allow":["GET"]}}],"collection":[{"href":"https:\/\/www.europesays.com\/fi\/wp-json\/wp\/v2\/posts"}],"about":[{"href":"https:\/\/www.europesays.com\/fi\/wp-json\/wp\/v2\/types\/post"}],"author":[{"embeddable":true,"href":"https:\/\/www.europesays.com\/fi\/wp-json\/wp\/v2\/users\/2"}],"replies":[{"embeddable":true,"href":"https:\/\/www.europesays.com\/fi\/wp-json\/wp\/v2\/comments?post=107169"}],"version-history":[{"count":0,"href":"https:\/\/www.europesays.com\/fi\/wp-json\/wp\/v2\/posts\/107169\/revisions"}],"wp:featuredmedia":[{"embeddable":true,"href":"https:\/\/www.europesays.com\/fi\/wp-json\/wp\/v2\/media\/107170"}],"wp:attachment":[{"href":"https:\/\/www.europesays.com\/fi\/wp-json\/wp\/v2\/media?parent=107169"}],"wp:term":[{"taxonomy":"category","embeddable":true,"href":"https:\/\/www.europesays.com\/fi\/wp-json\/wp\/v2\/categories?post=107169"},{"taxonomy":"post_tag","embeddable":true,"href":"https:\/\/www.europesays.com\/fi\/wp-json\/wp\/v2\/tags?post=107169"}],"curies":[{"name":"wp","href":"https:\/\/api.w.org\/{rel}","templated":true}]}}