{"id":107171,"date":"2025-12-04T03:54:18","date_gmt":"2025-12-04T03:54:18","guid":{"rendered":"https:\/\/www.europesays.com\/fi\/107171\/"},"modified":"2025-12-04T03:54:18","modified_gmt":"2025-12-04T03:54:18","slug":"ozzy-osbournesta-tyhmia-lausunut-roger-waters-paasi-osaksi-uutta-fanipaitaa-joka-sivaltaa-takaisin-samalla-mitalla","status":"publish","type":"post","link":"https:\/\/www.europesays.com\/fi\/107171\/","title":{"rendered":"Ozzy Osbournesta tyhmi\u00e4 lausunut Roger Waters p\u00e4\u00e4si osaksi uutta fanipaitaa, joka sivaltaa takaisin samalla mitalla"},"content":{"rendered":"<p><a href=\"https:\/\/kaaoszine.fi\/roger-waters-lausui-typeryyksia-ozzy-osbournesta-jack-osbourne-sivaltaa-takaisin\/\" rel=\"nofollow noopener\" target=\"_blank\">Uutisoimme <\/a>syyskuussa, ett\u00e4 <strong>Pink Floydista <\/strong>ja soolourastaan tunnettu Roger Waters lausui tovi sitten typeryyksi\u00e4 edesmenneest\u00e4 Ozzy Osbournesta. Watersin kommentit her\u00e4ttiv\u00e4t kiukkua Osbournen faneissa, ja my\u00f6s edesmenneen pimeyden prinssin poika Jack Osbourne sivalsi tuolloin takaisin.<\/p>\n<p>Nyt Osbournen perhe on tuonut markkinoille t-paidan, jolla ilkutaan Watersin suuntaan. Paidassa lukee \u201dAnother Prick In The Wall\u201d, joka on v\u00e4\u00e4nn\u00f6s Pink Floydin kappalekolmikosta \u201dAnother Brick In The Wall\u201d. <\/p>\n<p>Paita on saatavilla vain rajoitetun hetken ja rajoitetun m\u00e4\u00e4r\u00e4n Ozzyn verkkokaupassa. Ostoksille p\u00e4\u00e4set <a href=\"https:\/\/store-uk.ozzy.com\/products\/another-pr-ck-in-the-wall-tee\" rel=\"nofollow noopener\" target=\"_blank\">t\u00e4st\u00e4<\/a>. <\/p>\n<p>Artikkeli jatkuu mainoksen j\u00e4lkeen<br \/>\nMainos p\u00e4\u00e4ttyy<\/p>\n<p>Waters lausui alun perin\u00a0The Independent Inkin haastattelussa\u00a0seuraavaa:<\/p>\n<blockquote class=\"wp-block-quote is-layout-flow wp-block-quote-is-layout-flow\">\n<p>\u201dOzzy Osbourne, joka juuri kuoli, olkoon h\u00e4n siunattu siin\u00e4 tilassa miss\u00e4 koko el\u00e4m\u00e4ns\u00e4 oli el\u00e4nytk\u00e4\u00e4n. Emme koskaan saa tiet\u00e4\u00e4. Vaikka h\u00e4n oli vuosikaudet televisiossa idioottimaisuuksineen ja h\u00f6lynp\u00f6lyineen. Musiikistaan en tied\u00e4 mit\u00e4\u00e4n, enk\u00e4 v\u00e4lit\u00e4 paskaakaan. En v\u00e4lit\u00e4\u00a0<strong>Black Sabbathista<\/strong>, enk\u00e4 ole koskaan v\u00e4litt\u00e4nytk\u00e4\u00e4n. Minua ei kiinnosta kanojen p\u00e4iden irti pureminen tai mit\u00e4 ikin\u00e4 tekiv\u00e4tk\u00e4\u00e4n. Ei voisi v\u00e4hemp\u00e4\u00e4 kiinnostaa.\u201d\n<\/p>\n<\/blockquote>\n<p><a class=\"gofollow\" data-track=\"Mjc4OSw0OCwxLDYw\" href=\"https:\/\/www.lippu.fi\/artist\/def-leggend\/\" rel=\"nofollow noopener\" target=\"_blank\"><img decoding=\"async\" src=\"https:\/\/www.europesays.com\/fi\/wp-content\/uploads\/2025\/11\/def-leggend-980x400-def-leggend.jpg\"\/><\/a><br \/>\nArtikkeli jatkuu mainoksen j\u00e4lkeen<a class=\"gofollow\" data-track=\"Mjc5NCw0MSwxLDYw\" href=\"https:\/\/www.ticketmaster.fi\/event\/870895700\" rel=\"nofollow noopener\" target=\"_blank\"><img decoding=\"async\" src=\"https:\/\/www.europesays.com\/fi\/wp-content\/uploads\/2025\/12\/kings-of-leon-980x400-1.jpg\"\/><\/a>Mainos p\u00e4\u00e4ttyy<\/p>\n","protected":false},"excerpt":{"rendered":"Uutisoimme syyskuussa, ett\u00e4 Pink Floydista ja soolourastaan tunnettu Roger Waters lausui tovi sitten typeryyksi\u00e4 edesmenneest\u00e4 Ozzy Osbournesta. Watersin&hellip;\n","protected":false},"author":2,"featured_media":107172,"comment_status":"","ping_status":"","sticky":false,"template":"","format":"standard","meta":{"footnotes":""},"categories":[136],"tags":[407,137,33,31,30,408,13197,20156,32,109],"class_list":{"0":"post-107171","1":"post","2":"type-post","3":"status-publish","4":"format-standard","5":"has-post-thumbnail","7":"category-julkkikset","8":"tag-celebrities","9":"tag-entertainment","10":"tag-fi","11":"tag-finland","12":"tag-finnish","13":"tag-julkkikset","14":"tag-ozzy-osbourne","15":"tag-roger-waters","16":"tag-suomi","17":"tag-viihde"},"share_on_mastodon":{"url":"https:\/\/pubeurope.com\/@fi\/115659280721043873","error":""},"_links":{"self":[{"href":"https:\/\/www.europesays.com\/fi\/wp-json\/wp\/v2\/posts\/107171","targetHints":{"allow":["GET"]}}],"collection":[{"href":"https:\/\/www.europesays.com\/fi\/wp-json\/wp\/v2\/posts"}],"about":[{"href":"https:\/\/www.europesays.com\/fi\/wp-json\/wp\/v2\/types\/post"}],"author":[{"embeddable":true,"href":"https:\/\/www.europesays.com\/fi\/wp-json\/wp\/v2\/users\/2"}],"replies":[{"embeddable":true,"href":"https:\/\/www.europesays.com\/fi\/wp-json\/wp\/v2\/comments?post=107171"}],"version-history":[{"count":0,"href":"https:\/\/www.europesays.com\/fi\/wp-json\/wp\/v2\/posts\/107171\/revisions"}],"wp:featuredmedia":[{"embeddable":true,"href":"https:\/\/www.europesays.com\/fi\/wp-json\/wp\/v2\/media\/107172"}],"wp:attachment":[{"href":"https:\/\/www.europesays.com\/fi\/wp-json\/wp\/v2\/media?parent=107171"}],"wp:term":[{"taxonomy":"category","embeddable":true,"href":"https:\/\/www.europesays.com\/fi\/wp-json\/wp\/v2\/categories?post=107171"},{"taxonomy":"post_tag","embeddable":true,"href":"https:\/\/www.europesays.com\/fi\/wp-json\/wp\/v2\/tags?post=107171"}],"curies":[{"name":"wp","href":"https:\/\/api.w.org\/{rel}","templated":true}]}}