{"id":107173,"date":"2025-12-04T04:01:09","date_gmt":"2025-12-04T04:01:09","guid":{"rendered":"https:\/\/www.europesays.com\/fi\/107173\/"},"modified":"2025-12-04T04:01:09","modified_gmt":"2025-12-04T04:01:09","slug":"pitelematon-kylian-mbappe-sai-30-maalia-tayteen-real-madridille-loukkaantumisia-urheilua-lyhyesti","status":"publish","type":"post","link":"https:\/\/www.europesays.com\/fi\/107173\/","title":{"rendered":"Pitelem\u00e4t\u00f6n Kylian Mbapp\u00e9 sai 30 maalia t\u00e4yteen \u2013 Real Madridille loukkaantumisia | Urheilua lyhyesti"},"content":{"rendered":"<p class=\"aw-1gybjub aw-5vja16 kEtdKx kmuxyA yle__article__paragraph\">Kylian Mbapp\u00e9 teki kaksi maalia ja sy\u00f6tti yhden, kun Real Madrid voitti Athletic Bilbaon 3-0 ja katkaisi kolmen ottelun voitottoman putkensa La Ligassa. <\/p>\n<p><img decoding=\"async\" alt=\"Real Madridin maaliruisku Kylian Mbappe juhlii illan toista maaliaan 3.12. 2025 \" src=\"https:\/\/www.europesays.com\/fi\/wp-content\/uploads\/2025\/12\/39-15640216930ad6c1fe5e.jpeg\" class=\"aw-1l9m598 hKVVvP\"\/><\/p>\n<p>Avaa kuvien katselu<\/p>\n<p>Real Madridin maaliruisku Kylian Mbappe juhlii illan toista maaliaan 3.12. 2025 Kuva: Guillermo Martinez\/NurPhoto\/Shutterstock\/All Over Press<\/p>\n<p class=\"aw-1gybjub aw-1p7kakr kEtdKx cEmitX yle__article__paragraph\"><strong class=\"aw-ak79eh KyCXm yle__article__strong\">Eduardo Camavinga<\/strong> onnistui my\u00f6s maalinteossa, kun Real Madrid nousi takaisin pisteen p\u00e4\u00e4h\u00e4n Barcelonasta, joka voitti Atl\u00e9tico Madridin 3\u20131 tiistaina.<\/p>\n<p class=\"aw-1gybjub aw-1p7kakr kEtdKx cEmitX yle__article__paragraph\">Molemmat 19. kierroksen ottelut siirrettiin pelattavaksi etuk\u00e4teen, koska Madrid, Barcelona, Athletic ja Atl\u00e9tico osallistuvat tammikuussa Saudi-Arabiassa pelattavaan Espanjan Supercupiin.<\/p>\n<p class=\"aw-1gybjub aw-1p7kakr kEtdKx cEmitX yle__article__paragraph\">Madrid oli pelannut aiemmin tasan Gironan, Elchen ja Rayo Vallecanon kanssa. T\u00e4m\u00e4 oli Madridille vasta toinen voitto viimeisest\u00e4 kuudesta ottelusta kaikissa kilpailuissa.<\/p>\n<p class=\"aw-1gybjub aw-1p7kakr kEtdKx cEmitX yle__article__paragraph\">\u2013 Oli t\u00e4rke\u00e4\u00e4, ett\u00e4 kolmen vierastasapelin j\u00e4lkeen palasimme voittojen tielle vieraissa, Madridin valmentaja <strong class=\"aw-ak79eh KyCXm yle__article__strong\">Xabi Alonso<\/strong> my\u00f6nsi.<\/p>\n<p class=\"aw-1gybjub aw-1p7kakr kEtdKx cEmitX yle__article__paragraph\"><strong class=\"aw-ak79eh KyCXm yle__article__strong\">Kylian Mbapp\u00e9<\/strong> on tehnyt seitsem\u00e4n maalia viimeisess\u00e4 kolmessa ottelussaan kaikissa kilpailuissa.<\/p>\n<p class=\"aw-1gybjub aw-1p7kakr kEtdKx cEmitX yle__article__paragraph\">H\u00e4n teki yhden maalin Gironaa vastaan ja nelj\u00e4 Olympiakosia vastaan 4\u20133 p\u00e4\u00e4ttyneess\u00e4 Mestarien liigan ottelussa.<\/p>\n<p>Maalip\u00f6rssin k\u00e4rken\u00e4 La Ligassa ja Mestarien liigassa<\/p>\n<p class=\"aw-1gybjub aw-1p7kakr kEtdKx cEmitX yle__article__paragraph\">Ranskalaist\u00e4hti on tehnyt t\u00e4ll\u00e4 kaudella 30 maalia ja sy\u00f6tt\u00e4nyt kuusi t\u00e4ysosumaa pelaamissaan 24 ottelussa seura- ja maajoukkuepeleiss\u00e4.<\/p>\n<p class=\"aw-1gybjub aw-1p7kakr kEtdKx cEmitX yle__article__paragraph\">H\u00e4n johtaa maalip\u00f6rssi\u00e4 sek\u00e4 La Ligassa (16 maalia) ett\u00e4 Mestarien liigassa (9 maalia).<\/p>\n<p class=\"aw-1gybjub aw-1p7kakr kEtdKx cEmitX yle__article__paragraph\">\u2013 Joskus mietin itsekseni, kuinka onnekas olen, kun h\u00e4n on minun joukkueessani eik\u00e4 minun tarvitse kohdata h\u00e4nt\u00e4 \u2013 paitsi ehk\u00e4 Ranskaa vastaan, Madridin ja Belgian maalivahti <strong class=\"aw-ak79eh KyCXm yle__article__strong\">Thibaut Courtois<\/strong> sanoi.<\/p>\n<p class=\"aw-1gybjub aw-1p7kakr kEtdKx cEmitX yle__article__paragraph\">\u2013 H\u00e4n on pys\u00e4ytt\u00e4m\u00e4t\u00f6n, nautimme todella h\u00e4nen pelaamisestaan.<\/p>\n<p class=\"aw-1gybjub aw-1p7kakr kEtdKx cEmitX yle__article__paragraph\">Camavinga jouduttiin vaihtamaan kent\u00e4lt\u00e4 ilmeisen loukkaantumisen vuoksi 69. minuutilla. Madrid menetti my\u00f6s <strong class=\"aw-ak79eh KyCXm yle__article__strong\">Trent Alexander-Arnoldin<\/strong> loukkaantumisen takia 55. minuutilla.<\/p>\n<p class=\"aw-1gybjub aw-1p7kakr kEtdKx cEmitX yle__article__paragraph\">Athletic, joka on sarjassa kahdeksantena, on voittanut vain kaksi viimeisest\u00e4 kahdeksasta ottelustaan.<\/p>\n<p class=\"aw-1gybjub aw-1p7kakr kEtdKx cEmitX yle__article__paragraph\">Real Madrid kohtaa sunnuntaina Celta Vigon palatessaan Santiago Bernab\u00e9ulle. Athletic Bilbao saa lauantaina vieraakseen nelj\u00e4nten\u00e4 olevan Atl\u00e9ticon.<\/p>\n<p class=\"aw-1gybjub aw-1p7kakr kEtdKx cEmitX yle__article__paragraph\">La Ligan sarjataulukko <a class=\"aw-iao6s4 iHOxEa yle__article__link\" href=\"https:\/\/yle.fi\/aihe\/tekstitv?P=682\" role=\"link\" rel=\"nofollow noopener\" target=\"_blank\"><strong class=\"aw-ak79eh KyCXm yle__article__strong\">t\u00e4\u00e4lt\u00e4<\/strong><\/a><\/p>\n","protected":false},"excerpt":{"rendered":"Kylian Mbapp\u00e9 teki kaksi maalia ja sy\u00f6tti yhden, kun Real Madrid voitti Athletic Bilbaon 3-0 ja katkaisi kolmen&hellip;\n","protected":false},"author":2,"featured_media":107174,"comment_status":"","ping_status":"","sticky":false,"template":"","format":"standard","meta":{"footnotes":""},"categories":[158],"tags":[33,31,30,43,13797,3468,20157,159,32,160],"class_list":{"0":"post-107173","1":"post","2":"type-post","3":"status-publish","4":"format-standard","5":"has-post-thumbnail","7":"category-urheilu","8":"tag-fi","9":"tag-finland","10":"tag-finnish","11":"tag-jalkapallo","12":"tag-kylian-mbappe","13":"tag-la-liga","14":"tag-real-madrid","15":"tag-sports","16":"tag-suomi","17":"tag-urheilu"},"share_on_mastodon":{"url":"https:\/\/pubeurope.com\/@fi\/115659308155135970","error":""},"_links":{"self":[{"href":"https:\/\/www.europesays.com\/fi\/wp-json\/wp\/v2\/posts\/107173","targetHints":{"allow":["GET"]}}],"collection":[{"href":"https:\/\/www.europesays.com\/fi\/wp-json\/wp\/v2\/posts"}],"about":[{"href":"https:\/\/www.europesays.com\/fi\/wp-json\/wp\/v2\/types\/post"}],"author":[{"embeddable":true,"href":"https:\/\/www.europesays.com\/fi\/wp-json\/wp\/v2\/users\/2"}],"replies":[{"embeddable":true,"href":"https:\/\/www.europesays.com\/fi\/wp-json\/wp\/v2\/comments?post=107173"}],"version-history":[{"count":0,"href":"https:\/\/www.europesays.com\/fi\/wp-json\/wp\/v2\/posts\/107173\/revisions"}],"wp:featuredmedia":[{"embeddable":true,"href":"https:\/\/www.europesays.com\/fi\/wp-json\/wp\/v2\/media\/107174"}],"wp:attachment":[{"href":"https:\/\/www.europesays.com\/fi\/wp-json\/wp\/v2\/media?parent=107173"}],"wp:term":[{"taxonomy":"category","embeddable":true,"href":"https:\/\/www.europesays.com\/fi\/wp-json\/wp\/v2\/categories?post=107173"},{"taxonomy":"post_tag","embeddable":true,"href":"https:\/\/www.europesays.com\/fi\/wp-json\/wp\/v2\/tags?post=107173"}],"curies":[{"name":"wp","href":"https:\/\/api.w.org\/{rel}","templated":true}]}}