{"id":107179,"date":"2025-12-04T04:06:08","date_gmt":"2025-12-04T04:06:08","guid":{"rendered":"https:\/\/www.europesays.com\/fi\/107179\/"},"modified":"2025-12-04T04:06:08","modified_gmt":"2025-12-04T04:06:08","slug":"venezuelan-johtaja-puhelu-trumpin-kanssa-oli-kunnioittava-ja-ystavallinen","status":"publish","type":"post","link":"https:\/\/www.europesays.com\/fi\/107179\/","title":{"rendered":"Venezuelan johtaja: Puhelu Trumpin kanssa oli &#8221;kunnioittava ja yst\u00e4v\u00e4llinen&#8221;"},"content":{"rendered":"<p>Yhdysvallat|Yhdysvallat on silti uhannut iske\u00e4 Venezuelaan.<\/p>\n<p class=\"article-body mb-nof-24 px-nof-16\">Venezuelan presidentti <a class=\"article-personlink\" href=\"https:\/\/www.hs.fi\/haku\/?query=Nicolas%20Maduro\" rel=\"nofollow noopener\" target=\"_blank\">Nicolas Maduro<\/a> sanoo k\u00e4yneens\u00e4 Yhdysvaltojen presidentin <a class=\"article-personlink\" href=\"https:\/\/www.hs.fi\/haku\/?query=Donald%20Trumpin\" rel=\"nofollow noopener\" target=\"_blank\">Donald Trumpin<\/a> kanssa \u201dkunnioittavan ja yst\u00e4v\u00e4llisen\u201d puhelinkeskustelun noin kymmenen p\u00e4iv\u00e4\u00e4 sitten, kertoo uutistoimisto Reuters.<\/p>\n<p class=\"article-body mb-nof-24 px-nof-16\">Trump kertoi viime sunnuntaina puhuneensa Maduron kanssa, mutta h\u00e4n ei kommentoinut puhelun sis\u00e4lt\u00f6\u00e4.<\/p>\n<p class=\"article-body mb-nof-24 px-nof-16\">\u201dEn halua kommentoida sit\u00e4. Vastaus on kyll\u00e4\u201d, h\u00e4n tyytyi sanomaan <a class=\"article-genericlink\" href=\"https:\/\/www.reuters.com\/world\/americas\/trump-confirms-he-spoke-with-venezuelas-maduro-2025-11-30\/\" rel=\"nofollow noopener\" target=\"_blank\">Reutersin<\/a> mukaan, kun h\u00e4nelt\u00e4 kysyttiin, onko h\u00e4n puhunut Maduron kanssa.<\/p>\n<p class=\"article-body mb-nof-24 px-nof-16\">\u201dJos t\u00e4m\u00e4 puhelu tarkoittaa, ett\u00e4 otetaan askelia kohti kunnioittavaa vuoropuhelua maidemme v\u00e4lill\u00e4, siin\u00e4 tapauksessa vuoropuhelu on tervetullutta\u201d, Maduro sanoi Reutersin mukaan keskiviikkona televisioidussa tapahtumassa.<\/p>\n<p class=\"article-body mb-nof-24 px-nof-16\">Yhdysvaltojen ja Venezuelan v\u00e4lej\u00e4 on viime p\u00e4ivin\u00e4 seurattu tarkkaan, koska Yhdysvallat on uhannut iske\u00e4 Venezuelaan. Trump sanoi viimeksi tiistaina, ett\u00e4 Yhdysvallat alkaa pian tehd\u00e4 iskuja kohteisiin Venezuelan rajojen sis\u00e4ll\u00e4.<\/p>\n<p class=\"article-body mb-nof-24 px-nof-16\">Trump on syytt\u00e4nyt Venezuelan hallintoa huumekartellin johtamisesta ja v\u00e4itt\u00e4\u00e4, ett\u00e4 Venezuela toimittaa huumeita Yhdysvaltoihin.<\/p>\n<p class=\"article-body mb-nof-24 px-nof-16\">Yhdysvallat on syksyn mittaan l\u00e4hett\u00e4nyt runsaasti asevoimaa etel\u00e4iselle Karibianmerelle ja surmannut kymmeni\u00e4 ihmisi\u00e4 merell\u00e4 kansainv\u00e4lisill\u00e4 vesill\u00e4 kulkeneisiin aluksiin tehdyiss\u00e4 iskuissa. Nyt se uhkaa alkaa iske\u00e4 my\u00f6s maakohteisiin.<\/p>\n<p class=\"article-body mb-nof-24 px-nof-16\">Yhdysvallat on my\u00f6s luvannut palkkion Maduron kiinniottoon johtavista tiedoista, kertoo <a class=\"article-genericlink\" href=\"https:\/\/www.bbc.com\/news\/articles\/c93n4nx5yqro\" rel=\"nofollow noopener\" target=\"_blank\">BBC<\/a>.<\/p>\n<p class=\"article-body mb-nof-24 px-nof-16\">Venezuela on Etel\u00e4-Amerikan pohjoisrannikolla sijaitseva valtio, jossa on maailman suurimmat tiedossa olevat \u00f6ljyvarat.<\/p>\n","protected":false},"excerpt":{"rendered":"Yhdysvallat|Yhdysvallat on silti uhannut iske\u00e4 Venezuelaan. Venezuelan presidentti Nicolas Maduro sanoo k\u00e4yneens\u00e4 Yhdysvaltojen presidentin Donald Trumpin kanssa \u201dkunnioittavan&hellip;\n","protected":false},"author":2,"featured_media":107180,"comment_status":"","ping_status":"","sticky":false,"template":"","format":"standard","meta":{"footnotes":""},"categories":[14],"tags":[22,23,26,27,33,31,30,17,46,24,25,28,29,15,18,21,32,19,20,56,16,59,60,61],"class_list":{"0":"post-107179","1":"post","2":"type-post","3":"status-publish","4":"format-standard","5":"has-post-thumbnail","7":"category-ulkomaat","8":"tag-breaking-news","9":"tag-breakingnews","10":"tag-featured-news","11":"tag-featurednews","12":"tag-fi","13":"tag-finland","14":"tag-finnish","15":"tag-headlines","16":"tag-helsingin-sanomat","17":"tag-latest-news","18":"tag-latestnews","19":"tag-main-news","20":"tag-mainnews","21":"tag-news","22":"tag-otsikot","23":"tag-paauutiset","24":"tag-suomi","25":"tag-top-stories","26":"tag-topstories","27":"tag-ulkomaat","28":"tag-uutiset","29":"tag-world","30":"tag-world-news","31":"tag-worldnews"},"share_on_mastodon":{"url":"https:\/\/pubeurope.com\/@fi\/115659327744051716","error":""},"_links":{"self":[{"href":"https:\/\/www.europesays.com\/fi\/wp-json\/wp\/v2\/posts\/107179","targetHints":{"allow":["GET"]}}],"collection":[{"href":"https:\/\/www.europesays.com\/fi\/wp-json\/wp\/v2\/posts"}],"about":[{"href":"https:\/\/www.europesays.com\/fi\/wp-json\/wp\/v2\/types\/post"}],"author":[{"embeddable":true,"href":"https:\/\/www.europesays.com\/fi\/wp-json\/wp\/v2\/users\/2"}],"replies":[{"embeddable":true,"href":"https:\/\/www.europesays.com\/fi\/wp-json\/wp\/v2\/comments?post=107179"}],"version-history":[{"count":0,"href":"https:\/\/www.europesays.com\/fi\/wp-json\/wp\/v2\/posts\/107179\/revisions"}],"wp:featuredmedia":[{"embeddable":true,"href":"https:\/\/www.europesays.com\/fi\/wp-json\/wp\/v2\/media\/107180"}],"wp:attachment":[{"href":"https:\/\/www.europesays.com\/fi\/wp-json\/wp\/v2\/media?parent=107179"}],"wp:term":[{"taxonomy":"category","embeddable":true,"href":"https:\/\/www.europesays.com\/fi\/wp-json\/wp\/v2\/categories?post=107179"},{"taxonomy":"post_tag","embeddable":true,"href":"https:\/\/www.europesays.com\/fi\/wp-json\/wp\/v2\/tags?post=107179"}],"curies":[{"name":"wp","href":"https:\/\/api.w.org\/{rel}","templated":true}]}}