{"id":107187,"date":"2025-12-04T04:20:17","date_gmt":"2025-12-04T04:20:17","guid":{"rendered":"https:\/\/www.europesays.com\/fi\/107187\/"},"modified":"2025-12-04T04:20:17","modified_gmt":"2025-12-04T04:20:17","slug":"jari-sarasvuo-arahtaa-paivakodista-piti-maksaa-kovempaa-hintaa-kuin-naapuri","status":"publish","type":"post","link":"https:\/\/www.europesays.com\/fi\/107187\/","title":{"rendered":"Jari Sarasvuo \u00e4r\u00e4ht\u00e4\u00e4: \u201dP\u00e4iv\u00e4kodista piti maksaa kovempaa hintaa kuin naapuri\u201d"},"content":{"rendered":"<p>Yritt\u00e4j\u00e4 <strong>Jari Sarasvuo<\/strong> ottaa X-viestipalvelussa kantaa viimeaikaisiin keskusteluihin siit\u00e4, pit\u00e4isik\u00f6 vanhusten hoivassa ottaa huomioon varallisuus. Se voisi tarkoittaa asiakasmaksujen nousua jopa 800 eurolla kuussa.<\/p>\n<p>\u2013 Tavoitteeni on kuolla sairauskohtaukseen Nuuksion jyrkiss\u00e4 m\u00e4iss\u00e4. Se on reilu&amp;rehti l\u00e4ht\u00f6, varsinkin sukulaisille. Sit\u00e4 ennen osallistun auliisti muiden hoivan rahoitukseen, kirjoittaa Sarasvuo kiukkuisen oloisena.<\/p>\n<p>Lue my\u00f6s: <a href=\"https:\/\/www.como.fi\/uutiset\/jari-sarasvuon-firma-takoo-miljoonia-asiassa-on-vain-ikava-mutta\/\" title=\"Jari Sarasvuon firma takoo miljoonia \u2013 asiassa on vain ik\u00e4v\u00e4 mutta\" class=\"underline-custom !font-montserrat !font-bold !underline-offset-4 !decoration-4 !decoration-red-600 !text-md\" rel=\"nofollow noopener\" target=\"_blank\">Jari Sarasvuon firma takoo miljoonia \u2013 asiassa on vain ik\u00e4v\u00e4 mutta<\/a><\/p>\n<p>Sarasvuo vertaa t\u00e4t\u00e4 my\u00f6s p\u00e4iv\u00e4kotimaksuihin, joita niit\u00e4kin maksetaan varallisuuden mukaan. Varhaiskasvatuksen asiakasmaksut lasketaan prosenttiosuutena perheen bruttotuloista.<\/p>\n<p>\u2013 En t\u00e4n\u00e4 p\u00e4iv\u00e4n\u00e4 pid\u00e4 reiluna, ett\u00e4 p\u00e4iv\u00e4kodista piti maksaa kovempaa hintaa kuin naapuri. Eik\u00f6 se olisi riitt\u00e4nyt, ett\u00e4 olin jo aiemmin osallistunut enemm\u00e4n kuin h\u00e4n? kysyy Sarasvuo.<\/p>\n<p>Sarasvuo kysyy viel\u00e4: \u201dOlisiko my\u00f6s kahvipaketin ja kortsujen hinnoissa kassalla pit\u00e4nyt ottaa huomioon ty\u00f6markkinamenestys?\u201d<\/p>\n<p>Osa Sarasvuon julkaisuun vastanneista on samaa mielt\u00e4 h\u00e4nen kanssaan ja osa ei.<\/p>\n<p>Lue my\u00f6s: <a href=\"https:\/\/www.como.fi\/uutiset\/il-jari-sarasvuo-ei-kay-joka-paiva-suihkussa-erikoinen-syy\/\" title=\"IL: Jari Sarasvuo ei k\u00e4y joka p\u00e4iv\u00e4 suihkussa \u2013 erikoinen syy\" class=\"underline-custom !font-montserrat !font-bold !underline-offset-4 !decoration-4 !decoration-red-600 !text-md\" rel=\"nofollow noopener\" target=\"_blank\">IL: Jari Sarasvuo ei k\u00e4y joka p\u00e4iv\u00e4 suihkussa \u2013 erikoinen syy<\/a><\/p>\n<p>\u2013 Kaatuiko taloutesi p\u00e4iv\u00e4kotimaksuihin? Miksi haluat identifioitua vuorineuvosten tunkkaiseen joukkoon? kysyy joku ja h\u00e4n on saanut n\u00e4ihin vastauksena ei ja en.<\/p>\n<p>\u2013 Kun annat pirulle pikkusormen, se vie koko k\u00e4den. N\u00e4in se Jari vaan menee. Ei sosialistien ahneudella ole mit\u00e4\u00e4n rajaa, on joku kommentoinut.<\/p>\n<p>\u2013 Onko Suomi maailman ainoa maa, jossa jollain tavalla menestymisest\u00e4 rankaistaan korkeampien maksujen muodossa? miettii er\u00e4s.<\/p>\n<blockquote class=\"twitter-tweet\" data-width=\"500\" data-dnt=\"true\">\n<p lang=\"fi\" dir=\"ltr\">Tavoitteeni on kuolla sairauskohtaukseen Nuuksion jyrkiss\u00e4 m\u00e4iss\u00e4. Se on reilu&amp;rehti l\u00e4ht\u00f6, varsinkin sukulaisille.<\/p>\n<p>Sit\u00e4 ennen osallistun auliisti muiden hoivan rahoitukseen.<\/p>\n<p>Mut raja se on vittuilullakin.<\/p>\n<p>En t\u00e4n\u00e4 p\u00e4iv\u00e4n\u00e4 pid\u00e4 reiluna, ett\u00e4 p\u00e4iv\u00e4kodista piti maksaa kovempaa\u2026 <a href=\"https:\/\/t.co\/VHMQVOe2AU\" rel=\"nofollow\">https:\/\/t.co\/VHMQVOe2AU<\/a><\/p>\n<p>\u2014 Jari Sarasvuo (@SarasvuoJari) <a href=\"https:\/\/twitter.com\/SarasvuoJari\/status\/1995895968240124374?ref_src=twsrc%5Etfw\" rel=\"nofollow noopener\" target=\"_blank\">December 2, 2025<\/a><\/p><\/blockquote>\n<p>Jos upotus ei n\u00e4y, avaa se auki <a href=\"https:\/\/x.com\/SarasvuoJari\/status\/1995895968240124374\" target=\"_blank\" rel=\"noreferrer noopener nofollow\">t\u00e4st\u00e4<\/a>.<\/p>\n<p>Lue my\u00f6s: <a href=\"https:\/\/www.como.fi\/tilaa-comon-uutiskirje\/\" title=\"Tilaa Comon uutiskirje ja tied\u00e4t mist\u00e4 kahvitauolla puhutaan! Nappaa kotimaan tv-vinkit ja puheenaiheet suoraan s\u00e4hk\u00f6postiin t\u00e4st\u00e4.\" class=\"underline-custom !font-montserrat !font-bold !underline-offset-4 !decoration-4 !decoration-red-600 !text-md\" rel=\"nofollow noopener\" target=\"_blank\">Tilaa Comon uutiskirje ja tied\u00e4t mist\u00e4 kahvitauolla puhutaan! Nappaa kotimaan tv-vinkit ja puheenaiheet suoraan s\u00e4hk\u00f6postiin t\u00e4st\u00e4.<\/a><\/p>\n<p>\t\t\t\t<script async src=\"https:\/\/platform.twitter.com\/widgets.js\" charset=\"utf-8\"><\/script><\/p>\n","protected":false},"excerpt":{"rendered":"Yritt\u00e4j\u00e4 Jari Sarasvuo ottaa X-viestipalvelussa kantaa viimeaikaisiin keskusteluihin siit\u00e4, pit\u00e4isik\u00f6 vanhusten hoivassa ottaa huomioon varallisuus. Se voisi tarkoittaa&hellip;\n","protected":false},"author":2,"featured_media":107188,"comment_status":"","ping_status":"","sticky":false,"template":"","format":"standard","meta":{"footnotes":""},"categories":[136],"tags":[407,137,33,31,30,14243,408,32,109],"class_list":{"0":"post-107187","1":"post","2":"type-post","3":"status-publish","4":"format-standard","5":"has-post-thumbnail","7":"category-julkkikset","8":"tag-celebrities","9":"tag-entertainment","10":"tag-fi","11":"tag-finland","12":"tag-finnish","13":"tag-jari-sarasvuo","14":"tag-julkkikset","15":"tag-suomi","16":"tag-viihde"},"share_on_mastodon":{"url":"https:\/\/pubeurope.com\/@fi\/115659382625460000","error":""},"_links":{"self":[{"href":"https:\/\/www.europesays.com\/fi\/wp-json\/wp\/v2\/posts\/107187","targetHints":{"allow":["GET"]}}],"collection":[{"href":"https:\/\/www.europesays.com\/fi\/wp-json\/wp\/v2\/posts"}],"about":[{"href":"https:\/\/www.europesays.com\/fi\/wp-json\/wp\/v2\/types\/post"}],"author":[{"embeddable":true,"href":"https:\/\/www.europesays.com\/fi\/wp-json\/wp\/v2\/users\/2"}],"replies":[{"embeddable":true,"href":"https:\/\/www.europesays.com\/fi\/wp-json\/wp\/v2\/comments?post=107187"}],"version-history":[{"count":0,"href":"https:\/\/www.europesays.com\/fi\/wp-json\/wp\/v2\/posts\/107187\/revisions"}],"wp:featuredmedia":[{"embeddable":true,"href":"https:\/\/www.europesays.com\/fi\/wp-json\/wp\/v2\/media\/107188"}],"wp:attachment":[{"href":"https:\/\/www.europesays.com\/fi\/wp-json\/wp\/v2\/media?parent=107187"}],"wp:term":[{"taxonomy":"category","embeddable":true,"href":"https:\/\/www.europesays.com\/fi\/wp-json\/wp\/v2\/categories?post=107187"},{"taxonomy":"post_tag","embeddable":true,"href":"https:\/\/www.europesays.com\/fi\/wp-json\/wp\/v2\/tags?post=107187"}],"curies":[{"name":"wp","href":"https:\/\/api.w.org\/{rel}","templated":true}]}}