{"id":10720,"date":"2025-08-20T02:18:19","date_gmt":"2025-08-20T02:18:19","guid":{"rendered":"https:\/\/www.europesays.com\/fi\/10720\/"},"modified":"2025-08-20T02:18:19","modified_gmt":"2025-08-20T02:18:19","slug":"kirja-kisapappi-leena-huovinen-kertoo-lapsensa-traagisesta-menettamisesta","status":"publish","type":"post","link":"https:\/\/www.europesays.com\/fi\/10720\/","title":{"rendered":"Kirja: Kisapappi Leena Huovinen kertoo lapsensa traagisesta menett\u00e4misest\u00e4"},"content":{"rendered":"<p>Urheilijoiden sielunpaimenena pitk\u00e4\u00e4n toimineen Leena Huovisen kirjassa k\u00e4yd\u00e4\u00e4n l\u00e4pi el\u00e4m\u00e4n ilot ja surut.<\/p>\n<p>18.3. 6:13<\/p>\n<p>Lue tiivistelm\u00e4<\/p>\n<p>Tiivistelm\u00e4 on teko\u00e4lyn tekem\u00e4 ja ihmisen tarkistama.<\/p>\n<p class=\"article-body margin-bottom-24 padding-x-16 sndp-summary-bullet-point-font\">Pappi Leena Huovinen, 61, kertoo uudessa kirjassaan lapsensa menetyksest\u00e4 vuonna 2001.<\/p>\n<p class=\"article-body margin-bottom-24 padding-x-16 sndp-summary-bullet-point-font\">Huovisen nelj\u00e4s lapsi kuoli kohtuun raskausviikolla 40 kromosomipoikkeavuuden takia.<\/p>\n<p class=\"article-body margin-bottom-24 padding-x-16 sndp-summary-bullet-point-font\">Huovinen on toiminut Suomen olympiajoukkueen kisapappina vuodesta 2004 l\u00e4htien.<\/p>\n<p class=\"article-body margin-bottom-24 padding-x-16\">Helsingin yliopistossa opiskelijoiden ja henkil\u00f6kunnan pappina toimiva <a class=\"article-personlink\" href=\"https:\/\/www.is.fi\/haku\/?query=Leena%20Huovinen\" rel=\"nofollow noopener\" target=\"_blank\">Leena Huovinen<\/a>, 61, on kirjannut el\u00e4m\u00e4ntarinansa kansien v\u00e4liin.<\/p>\n<p class=\"article-body margin-bottom-24 padding-x-16\">Suuri yleis\u00f6 tuntee Huovisen parhaiten suomalaisten urheilujoukkueiden hengenluojana. Huovinen on toiminut Ateenan olympialaisista 2004 l\u00e4htien Suomen olympiajoukkueen kisapappina ja samassa teht\u00e4v\u00e4ss\u00e4 muun muassa hiihdon ja yleisurheilun arvokisoissa.<\/p>\n<p class=\"article-body margin-bottom-24 padding-x-16\">Tuoreessa kirjassaan Suorituksesta vapaa alue (Bazar) Huovinen k\u00e4y l\u00e4pi kokemuksiaan urheilumaailmasta, mutta my\u00f6s muita t\u00e4rkeit\u00e4 el\u00e4m\u00e4ntapahtumia. Huovinen avaa el\u00e4m\u00e4ns\u00e4 riemukkaita hetki\u00e4 mutta my\u00f6s surullisia tapahtumia.<\/p>\n<p class=\"article-body margin-bottom-24 padding-x-16\">J\u00e4lkimm\u00e4isiin kuuluu oman lapsen menett\u00e4minen.<\/p>\n<p class=\"article-body margin-bottom-24 padding-x-16\">Huovisen perheeseen odotettiin vuonna 2001 nelj\u00e4tt\u00e4 lasta. Elokuun viimeisen\u00e4 p\u00e4iv\u00e4n\u00e4 Huovinen her\u00e4si aamulla outoon tilaan. Edellisiltana h\u00e4n oli nauttinut Taiteiden y\u00f6n kulttuuritarjonnasta ja loppukes\u00e4n ihanuudesta.<\/p>\n<p class=\"article-body margin-bottom-24 padding-x-16\">Huovinen oli j\u00e4\u00e4nyt viikkoa aikaisemmin \u00e4itiyslomalle. Raskausaika oli sujunut normaalisti, ja kolme synnytyst\u00e4 olivat tuoneet varmuutta lapsen odotukseen. Elokuun viimeinen p\u00e4iv\u00e4 muutti kaiken.<\/p>\n<blockquote class=\"citation\">\n<p>\u201d<\/p>\n<p>Ei tarvinnut en\u00e4\u00e4 pel\u00e4t\u00e4 sit\u00e4, mit\u00e4 el\u00e4m\u00e4ss\u00e4\u00e4n eniten pelk\u00e4isi.<\/p>\n<\/blockquote>\n<p class=\"article-body margin-bottom-24 padding-x-16\">Aamun oudot tuntemukset saivat Huovisen soittamaan Munkkiniemen terveysasemalle. Sielt\u00e4 h\u00e4net ohjattiin Naistenklinikalle tarkempiin tutkimuksiin. Huovinen kertoo tapahtumista koskettavasti kirjassaan.<\/p>\n<p class=\"article-body margin-bottom-24 padding-x-16\">\u2013\u2009L\u00e4\u00e4k\u00e4ri teki tutkimustaan hiljaa ja rauhallisesti. Maatessani siin\u00e4 hoitop\u00f6yd\u00e4ll\u00e4 kauhu sis\u00e4ll\u00e4ni kasvoi hetki hetkelt\u00e4 isommaksi ja isommaksi, vaikka taisin sisimm\u00e4ss\u00e4ni jo tiet\u00e4\u00e4, ett\u00e4 vauvamme on kuollut. Tilanne varmistui, kun l\u00e4\u00e4k\u00e4ri laski hitaasti ultra\u00e4\u00e4nilaitteen p\u00f6yd\u00e4lle, otti k\u00e4dest\u00e4ni kiinni ja sanoi: \u201dValitettavasti vauva on menehtynyt. Olen hurjan pahoillani.\u201d<\/p>\n<p class=\"article-body margin-bottom-24 padding-x-16\">Huovinen kertoo ottaneensa tiedon yll\u00e4tt\u00e4v\u00e4n tyynesti vastaan.<\/p>\n<p class=\"article-body margin-bottom-24 padding-x-16\">\u2013\u2009Hetkess\u00e4 minuun laskeutui rauha. Ei tarvinnut en\u00e4\u00e4 pel\u00e4t\u00e4 sit\u00e4, mit\u00e4 el\u00e4m\u00e4ss\u00e4\u00e4n eniten pelk\u00e4isi. Sit\u00e4, ett\u00e4 oma lapsi kuolee. Nyt se oli tapahtunut.<\/p>\n<p><img decoding=\"async\" src=\"https:\/\/www.europesays.com\/fi\/wp-content\/uploads\/2025\/08\/1755656299_710_468.jpg\" alt=\"Leena Huovinen elokuussa 2024 Helsingiss\u00e4 yliopistokampuksella Porthanian edess\u00e4.\" class=\"_Img_tdqg8_1\" style=\"aspect-ratio:0.83125\" loading=\"eager\"\/><\/p>\n<p class=\"article-picture-caption\">Leena Huovinen elokuussa 2024 Helsingiss\u00e4 yliopistokampuksella Porthanian edess\u00e4. Kuva:\u00a0Viena Kyt\u00f6joki \/ HS<\/p>\n<p class=\"article-body margin-bottom-24 padding-x-16\">Huovinen kantoi lasta sis\u00e4ll\u00e4\u00e4n viel\u00e4 kolme p\u00e4iv\u00e4\u00e4, kunnes synnytys k\u00e4ynnistettiin. Kohtuun kuollut lapsi on synnytett\u00e4v\u00e4.<\/p>\n<p class=\"article-body margin-bottom-24 padding-x-16\">Kuvaus pienen elottoman vauvan kohtaamisesta ja hautaamisesta on tunteikasta, ja ep\u00e4ilem\u00e4tt\u00e4 rohkaisevaa luettavaa heille, jotka ovat joutuneet kokemaan saman itse tai l\u00e4hipiiriss\u00e4.<\/p>\n<p class=\"article-body margin-bottom-24 padding-x-16\">Huovisen lapsen kuolinsyyksi todettiin trisomia 18, eli pienokaisen kromosomistossa oli kromosomiparin sijasta kolme kromosomia.<\/p>\n<p class=\"article-body margin-bottom-24 padding-x-16\">Lapsen menett\u00e4minen oli raskas ja murskaava kokemus, mutta h\u00e4n onnekseen Leena sai tukea perheelt\u00e4\u00e4n ja yst\u00e4vilt\u00e4, eik\u00e4 vaipunut ep\u00e4toivoon.<\/p>\n<p class=\"article-body margin-bottom-24 padding-x-16\">\u2013\u2009Ehk\u00e4 minua on kantanut ja kantaa usko siihen, ett\u00e4 tulee se mit\u00e4 tulee ja me otamme vastaan sen mik\u00e4 on tullakseen niill\u00e4 ev\u00e4ill\u00e4, jotka meille on annettu.<\/p>\n<p class=\"article-body margin-bottom-24 padding-x-16\">Alina-vauva haudattiin pieness\u00e4 puuarkussa Maunulan uurnalehtoon.<\/p>\n<p class=\"article-body margin-bottom-24 padding-x-16\">\u2013\u2009Alinan kuolema ei ollut kenenk\u00e4\u00e4n syyt\u00e4. Se vain tapahtui ja se on hyv\u00e4ksytt\u00e4v\u00e4, Huovinen toteaa kirjassa.<\/p>\n<p class=\"article-body margin-bottom-24 padding-x-16\">Kaksi vuotta hautajaisten j\u00e4lkeen Huovinen synnytti viidennen lapsensa.<\/p>\n","protected":false},"excerpt":{"rendered":"Urheilijoiden sielunpaimenena pitk\u00e4\u00e4n toimineen Leena Huovisen kirjassa k\u00e4yd\u00e4\u00e4n l\u00e4pi el\u00e4m\u00e4n ilot ja surut. 18.3. 6:13 Lue tiivistelm\u00e4 Tiivistelm\u00e4&hellip;\n","protected":false},"author":2,"featured_media":10721,"comment_status":"","ping_status":"","sticky":false,"template":"","format":"standard","meta":{"footnotes":""},"categories":[134],"tags":[377,137,33,31,30,34,378,32,109],"class_list":{"0":"post-10720","1":"post","2":"type-post","3":"status-publish","4":"format-standard","5":"has-post-thumbnail","7":"category-kirjat","8":"tag-books","9":"tag-entertainment","10":"tag-fi","11":"tag-finland","12":"tag-finnish","13":"tag-ilta-sanomat","14":"tag-kirjat","15":"tag-suomi","16":"tag-viihde"},"share_on_mastodon":{"url":"","error":""},"_links":{"self":[{"href":"https:\/\/www.europesays.com\/fi\/wp-json\/wp\/v2\/posts\/10720","targetHints":{"allow":["GET"]}}],"collection":[{"href":"https:\/\/www.europesays.com\/fi\/wp-json\/wp\/v2\/posts"}],"about":[{"href":"https:\/\/www.europesays.com\/fi\/wp-json\/wp\/v2\/types\/post"}],"author":[{"embeddable":true,"href":"https:\/\/www.europesays.com\/fi\/wp-json\/wp\/v2\/users\/2"}],"replies":[{"embeddable":true,"href":"https:\/\/www.europesays.com\/fi\/wp-json\/wp\/v2\/comments?post=10720"}],"version-history":[{"count":0,"href":"https:\/\/www.europesays.com\/fi\/wp-json\/wp\/v2\/posts\/10720\/revisions"}],"wp:featuredmedia":[{"embeddable":true,"href":"https:\/\/www.europesays.com\/fi\/wp-json\/wp\/v2\/media\/10721"}],"wp:attachment":[{"href":"https:\/\/www.europesays.com\/fi\/wp-json\/wp\/v2\/media?parent=10720"}],"wp:term":[{"taxonomy":"category","embeddable":true,"href":"https:\/\/www.europesays.com\/fi\/wp-json\/wp\/v2\/categories?post=10720"},{"taxonomy":"post_tag","embeddable":true,"href":"https:\/\/www.europesays.com\/fi\/wp-json\/wp\/v2\/tags?post=10720"}],"curies":[{"name":"wp","href":"https:\/\/api.w.org\/{rel}","templated":true}]}}