{"id":107203,"date":"2025-12-04T04:46:09","date_gmt":"2025-12-04T04:46:09","guid":{"rendered":"https:\/\/www.europesays.com\/fi\/107203\/"},"modified":"2025-12-04T04:46:09","modified_gmt":"2025-12-04T04:46:09","slug":"nain-sovelluskuski-aikoo-kayttaa-takseille-pakolliseksi-tulevaa-taksamittaria-ts-fi","status":"publish","type":"post","link":"https:\/\/www.europesays.com\/fi\/107203\/","title":{"rendered":"N\u00e4in sovelluskuski aikoo k\u00e4ytt\u00e4\u00e4 takseille pakolliseksi tulevaa taksamittaria &#8211; ts.fi"},"content":{"rendered":"<ol>\n<li><a href=\"https:\/\/news.google.com\/rss\/articles\/CBMiSEFVX3lxTFBWeGRmRUp2X1FKdjY2R2JhRVpPLUZQQU5ScDFSVnZUR1pSQnRlNlZxN2xxU1Y1LWdQelBYbUVwYlNQTnZYeU50RQ?oc=5\" target=\"_blank\" rel=\"nofollow noopener\">N\u00e4in sovelluskuski aikoo k\u00e4ytt\u00e4\u00e4 takseille pakolliseksi tulevaa taksamittaria<\/a>&nbsp;&nbsp;ts.fi<\/li>\n<li><a href=\"https:\/\/news.google.com\/rss\/articles\/CBMif0FVX3lxTE1uSFRUMksxRXJMOVJFWjlmc0JhSWM3UHY0S1JvWnU4MnFfZjBEbklHTmtBaDFRUUV4Vm1ZUzc3UjNFVmJ0RHEyeHF5ZDQ1azFSTE1STHJFdkdRWUt3UmRjalM4OWxQbExoVkNXNU11NG5xVEZkY2xtMl94YU5aXzQ?oc=5\" target=\"_blank\" rel=\"nofollow noopener\">Taksamittarit pakolliseksi takseihin \u2013 N\u00e4ille firmoille voi tulla tilip\u00e4iv\u00e4<\/a>&nbsp;&nbsp;Iltalehti<\/li>\n<li><a href=\"https:\/\/news.google.com\/rss\/articles\/CBMiW0FVX3lxTE5WZkxyUXprZHhBcHdreWc0OGpRUl9Bd0dzSVR0X3ktdnIzRWpuZUdhOXAwVEVVcUcxc0dibWx2TzIzR3EwQXNxNnk1WnAxUHdMR3FtN2ljZDNtaXM?oc=5\" target=\"_blank\" rel=\"nofollow noopener\">Taksit | Hallituksen taksiuudistus luultavasti nostaa matkojen hintoja<\/a>&nbsp;&nbsp;HS.fi<\/li>\n<li><a href=\"https:\/\/news.google.com\/rss\/articles\/CBMiY0FVX3lxTE9pY2VYR2tiRDRVNnJCRHJpcTdmRE15NGZ2QXhQMnprWFFNS1hTdXRQaFhSRW1MU1REWXp2Qm5sRW53X0NvbXhfekN6ZEFINVBCSmsyUkJfYzgtdUVDSGRmTV9BMA?oc=5\" target=\"_blank\" rel=\"nofollow noopener\">P\u00e4\u00e4kirjoitus: Pakollinen taksamittari on turha<\/a>&nbsp;&nbsp;Ilta-Sanomat<\/li>\n<li><a href=\"https:\/\/news.google.com\/rss\/articles\/CBMiiAFBVV95cUxPTWg5LXNVY1lZNXNTeXZrS2dnVGJYell5M2NvMjVCYVRVNDhWRnk0Y0VSVkhteEhtQjFnZVJWWmUza0ZBa1RaMUhsR1k5NXQ3ZGpzZ0IweG12TERYU2V3bW13UWk3eGxYOW5WbWxTRGFhX2FfV0g1RWhRcGY1YmN0VlM2dFl3TEFu?oc=5\" target=\"_blank\" rel=\"nofollow noopener\">Digikehityksen entinen k\u00e4rkimaa peruuttaa taksiliikenteess\u00e4 menneisyyteen<\/a>&nbsp;&nbsp;Kaleva<\/li>\n<\/ol>\n","protected":false},"excerpt":{"rendered":"N\u00e4in sovelluskuski aikoo k\u00e4ytt\u00e4\u00e4 takseille pakolliseksi tulevaa taksamittaria&nbsp;&nbsp;ts.fi Taksamittarit pakolliseksi takseihin \u2013 N\u00e4ille firmoille voi tulla tilip\u00e4iv\u00e4&nbsp;&nbsp;Iltalehti Taksit&hellip;\n","protected":false},"author":2,"featured_media":107204,"comment_status":"","ping_status":"","sticky":false,"template":"","format":"standard","meta":{"footnotes":""},"categories":[85],"tags":[33,31,30,419,418,32,91,92],"class_list":{"0":"post-107203","1":"post","2":"type-post","3":"status-publish","4":"format-standard","5":"has-post-thumbnail","7":"category-mobiili","8":"tag-fi","9":"tag-finland","10":"tag-finnish","11":"tag-mobiili","12":"tag-mobile","13":"tag-suomi","14":"tag-technology","15":"tag-teknologia"},"share_on_mastodon":{"url":"https:\/\/pubeurope.com\/@fi\/115659485034681675","error":""},"_links":{"self":[{"href":"https:\/\/www.europesays.com\/fi\/wp-json\/wp\/v2\/posts\/107203","targetHints":{"allow":["GET"]}}],"collection":[{"href":"https:\/\/www.europesays.com\/fi\/wp-json\/wp\/v2\/posts"}],"about":[{"href":"https:\/\/www.europesays.com\/fi\/wp-json\/wp\/v2\/types\/post"}],"author":[{"embeddable":true,"href":"https:\/\/www.europesays.com\/fi\/wp-json\/wp\/v2\/users\/2"}],"replies":[{"embeddable":true,"href":"https:\/\/www.europesays.com\/fi\/wp-json\/wp\/v2\/comments?post=107203"}],"version-history":[{"count":0,"href":"https:\/\/www.europesays.com\/fi\/wp-json\/wp\/v2\/posts\/107203\/revisions"}],"wp:featuredmedia":[{"embeddable":true,"href":"https:\/\/www.europesays.com\/fi\/wp-json\/wp\/v2\/media\/107204"}],"wp:attachment":[{"href":"https:\/\/www.europesays.com\/fi\/wp-json\/wp\/v2\/media?parent=107203"}],"wp:term":[{"taxonomy":"category","embeddable":true,"href":"https:\/\/www.europesays.com\/fi\/wp-json\/wp\/v2\/categories?post=107203"},{"taxonomy":"post_tag","embeddable":true,"href":"https:\/\/www.europesays.com\/fi\/wp-json\/wp\/v2\/tags?post=107203"}],"curies":[{"name":"wp","href":"https:\/\/api.w.org\/{rel}","templated":true}]}}