{"id":107205,"date":"2025-12-04T04:47:16","date_gmt":"2025-12-04T04:47:16","guid":{"rendered":"https:\/\/www.europesays.com\/fi\/107205\/"},"modified":"2025-12-04T04:47:16","modified_gmt":"2025-12-04T04:47:16","slug":"marika-fingerroos-bongattiin-yllattavasta-paikasta-kuva","status":"publish","type":"post","link":"https:\/\/www.europesays.com\/fi\/107205\/","title":{"rendered":"Marika Fingerroos bongattiin yll\u00e4tt\u00e4v\u00e4st\u00e4 paikasta &#8211; kuva!"},"content":{"rendered":"<p>            Matti Matikainen\n        <\/p>\n<p class=\"subtitle \">Seiskan lukija bongasi Marikan illanvietosta.<\/p>\n<p class=\"article-content article-content-width !bg-background\">Ovi k\u00e4vi Vaasan Wanhassa Mestarissa viime lauantaina 29. marraskuuta. Ravintolaan astui puoli yhdeks\u00e4n aikaan sis\u00e4\u00e4n iloinen seurue, johon kuului muun muassa julkkiskaunottarena tunnettu .<\/p>\n<p class=\"article-content article-content-width !bg-background\">Paikalla karaokea ja virkist\u00e4vi\u00e4 juomia tarjoomassaan pit\u00e4v\u00e4ss\u00e4 ravintolassa oli \u2013 luonnollisesti \u2013 my\u00f6s Seiskan tarkkasilm\u00e4inen lukija.<\/p>\n<p class=\"article-content article-content-width !bg-background\">Hyv\u00e4ntuulinen seurue asettui ravintolan perimm\u00e4iseen nurkkap\u00f6yt\u00e4\u00e4n, ja Marika puolestaan kyseisen loossin perimm\u00e4iseen nurkkaan.<\/p>\n<p class=\"article-content article-content-width !bg-background\">Illan aikana p\u00f6yt\u00e4 t\u00e4yttyi muun muassa viinist\u00e4 ja shoteista, Seiskalle hiiskutaan.<\/p>\n<p>        <a itemprop=\"url\" href=\"https:\/\/www.seiska.fi\/kotimaa\/marika-fingerroos-tyly-kommentti-martina-aitolehdesta\/1865512\" rel=\"nofollow noopener\" target=\"_blank\"><\/p>\n<p>\nMarika Fingerroos\n<\/p>\n<p class=\"section-date\">\n        <strong class=\"article-section\" data-section=\"kotimaa\"><br \/>\n            kotimaa<br \/>\n        <\/strong><br \/>\n        13.7. 09:00\n    <\/p>\n<p>Marika Fingerroos: Tyly kommentti Martina Aitolehdest\u00e4!\n    <\/p>\n<p itemprop=\"description\" class=\"subtitle \">\n    Marikasta ei tullut koskaan kyl\u00e4kauppiaan rouvaa, eik\u00e4 Martinasta Suomen Victoria Beckhamia.\n<\/p>\n<p>        <\/a><\/p>\n<p>                <img decoding=\"async\" src=\"https:\/\/www.europesays.com\/fi\/wp-content\/uploads\/2025\/12\/2008134.webp\" width=\"576\" height=\"639\" title=\"Marika viihtyi seurueineen baarin nurkkap\u00f6yd\u00e4ss\u00e4. Porukalle maistuivat muun muassa viini, lonkero ja snapsit. Kuva lauantailta 29.11.\" alt=\"Marika Fingerroos seurueineen istuu baarin nurkkap\u00f6yd\u00e4ss\u00e4.\" loading=\"lazy\" \/>            <\/p>\n<p>\n            Marika viihtyi seurueineen baarin nurkkap\u00f6yd\u00e4ss\u00e4. Porukalle maistuivat muun muassa viini, lonkero ja snapsit. Kuva lauantailta 29.11.<br \/>\n            Lukijan kuva \/ Seiska\n        <\/p>\n<p>Sosiaalisella tuulella<\/p>\n<p class=\"article-content article-content-width !bg-background\">Seiskan lukijalta tihkuvien tietojen mukaan seurue vietti aikaa suurimmaksi osaksi kesken\u00e4\u00e4n. Poikkeuksen teki Marika, joka jutusteli hyv\u00e4ntuulisesti my\u00f6s\u00a0muiden asiakkaiden kanssa.<\/p>\n<p class=\"article-content article-content-width !bg-background\"> \u2013 Aluksi en ollut varma onko kyseess\u00e4 Marika, mutta kun h\u00e4nen nimens\u00e4 kuulutettiin karaokessa, asia selvisi. <\/p>\n<p class=\"article-content article-content-width !bg-background\"> Julkkiksen bongaaminen kyseisess\u00e4 paikassa yll\u00e4tti, vaikka\u00a0t\u00e4m\u00e4 on vain yhden ihmisen mielipide. Marika seurueineen viihtyi samassa paikassa ainakin puolen y\u00f6n yli.<\/p>\n<p class=\"article-content article-content-width !bg-background\"> \u2013 Kyseess\u00e4 ei ole kaikista tasokkain paikka, joten yll\u00e4tyin n\u00e4hdess\u00e4ni Marikan siell\u00e4.<\/p>\n<p>        <a itemprop=\"url\" href=\"https:\/\/www.seiska.fi\/kotimaa\/shokkiero-marika-fingerroosilta-karu-tilitys\/1990284\" rel=\"nofollow noopener\" target=\"_blank\"><\/p>\n<p>\nMarika Fingerroos\n<\/p>\n<p class=\"section-date\">\n        <strong class=\"article-section\" data-section=\"kotimaa\"><br \/>\n            kotimaa<br \/>\n        <\/strong><br \/>\n        11.11. 17:00\n    <\/p>\n<p>Shokkiero! Marika Fingerroosilta karu tilitys\n    <\/p>\n<p itemprop=\"description\" class=\"subtitle \">\n    Kohublondi Marika Fingerroos ilmoitti eronneensa ja samalla latasi sanaisen arkkunsa tyhj\u00e4ksi ex-miehest\u00e4\u00e4n.\n<\/p>\n<p>        <\/a><\/p>\n","protected":false},"excerpt":{"rendered":"Matti Matikainen Seiskan lukija bongasi Marikan illanvietosta. Ovi k\u00e4vi Vaasan Wanhassa Mestarissa viime lauantaina 29. marraskuuta. Ravintolaan astui&hellip;\n","protected":false},"author":2,"featured_media":107206,"comment_status":"","ping_status":"","sticky":false,"template":"","format":"standard","meta":{"footnotes":""},"categories":[136],"tags":[407,137,33,31,30,408,12032,7623,7291,2397,32,20158,109],"class_list":{"0":"post-107205","1":"post","2":"type-post","3":"status-publish","4":"format-standard","5":"has-post-thumbnail","7":"category-julkkikset","8":"tag-celebrities","9":"tag-entertainment","10":"tag-fi","11":"tag-finland","12":"tag-finnish","13":"tag-julkkikset","14":"tag-julkkis","15":"tag-karaoke","16":"tag-marika-fingerroos","17":"tag-seiska","18":"tag-suomi","19":"tag-vaasan-wanha-mestari","20":"tag-viihde"},"share_on_mastodon":{"url":"https:\/\/pubeurope.com\/@fi\/115659489039163625","error":""},"_links":{"self":[{"href":"https:\/\/www.europesays.com\/fi\/wp-json\/wp\/v2\/posts\/107205","targetHints":{"allow":["GET"]}}],"collection":[{"href":"https:\/\/www.europesays.com\/fi\/wp-json\/wp\/v2\/posts"}],"about":[{"href":"https:\/\/www.europesays.com\/fi\/wp-json\/wp\/v2\/types\/post"}],"author":[{"embeddable":true,"href":"https:\/\/www.europesays.com\/fi\/wp-json\/wp\/v2\/users\/2"}],"replies":[{"embeddable":true,"href":"https:\/\/www.europesays.com\/fi\/wp-json\/wp\/v2\/comments?post=107205"}],"version-history":[{"count":0,"href":"https:\/\/www.europesays.com\/fi\/wp-json\/wp\/v2\/posts\/107205\/revisions"}],"wp:featuredmedia":[{"embeddable":true,"href":"https:\/\/www.europesays.com\/fi\/wp-json\/wp\/v2\/media\/107206"}],"wp:attachment":[{"href":"https:\/\/www.europesays.com\/fi\/wp-json\/wp\/v2\/media?parent=107205"}],"wp:term":[{"taxonomy":"category","embeddable":true,"href":"https:\/\/www.europesays.com\/fi\/wp-json\/wp\/v2\/categories?post=107205"},{"taxonomy":"post_tag","embeddable":true,"href":"https:\/\/www.europesays.com\/fi\/wp-json\/wp\/v2\/tags?post=107205"}],"curies":[{"name":"wp","href":"https:\/\/api.w.org\/{rel}","templated":true}]}}