{"id":107211,"date":"2025-12-04T04:58:13","date_gmt":"2025-12-04T04:58:13","guid":{"rendered":"https:\/\/www.europesays.com\/fi\/107211\/"},"modified":"2025-12-04T04:58:13","modified_gmt":"2025-12-04T04:58:13","slug":"mikkelilainen-yritys-haaveili-rakentavansa-kelluvia-huviloita-heimariin-ei-kay-linjasi-korkein-hallinto-oikeus-etela-savo","status":"publish","type":"post","link":"https:\/\/www.europesays.com\/fi\/107211\/","title":{"rendered":"Mikkelil\u00e4inen yritys haaveili rakentavansa kelluvia huviloita Heimariin \u2013 ei k\u00e4y, linjasi Korkein hallinto-oikeus | Etel\u00e4-Savo"},"content":{"rendered":"<p class=\"aw-1gybjub aw-5vja16 kEtdKx kmuxyA yle__article__paragraph\">KHO:n mukaan Ristiinan Ukonveden alueella on erityisi\u00e4 maisema- ja kulttuuriymp\u00e4rist\u00f6\u00adarvoja, jotka t\u00e4ytyy s\u00e4ilytt\u00e4\u00e4.<\/p>\n<p><img decoding=\"async\" alt=\"Ilmakuva hotelli Heimarisya. Saimaata ja peltoja hotellin ymp\u00e4rill\u00e4.\" src=\"https:\/\/www.europesays.com\/fi\/wp-content\/uploads\/2025\/12\/39-7585345fed746355abb.jpeg\" class=\"aw-1l9m598 hKVVvP\"\/><\/p>\n<p>Avaa kuvien katselu<\/p>\n<p>Heimarin ymp\u00e4rist\u00f6 on kulttuurihistoriallisesti arvokasta. Kuva on otettu vuodenvaihteessa 2020. Kuva: Esa Huuhko\/Yle<\/p>\n<p class=\"aw-1gybjub aw-1p7kakr kEtdKx cEmitX yle__article__paragraph\">Korkein hallinto-oikeus on torpannut Mikkeliss\u00e4 sijaitsevan hotelli Heimarin haaveet kelluvien huviloiden rakentamisesta. Hotellin omistava St.Michel Resort suunnittelee laajentavansa matkailukeskusta ja osana sit\u00e4 se olisi halunnut rakentaa alueelle kelluvia loma-asuntoja.<\/p>\n<p class=\"aw-1gybjub aw-1p7kakr kEtdKx cEmitX yle__article__paragraph\"><a class=\"aw-iao6s4 iHOxEa yle__article__link\" href=\"https:\/\/www.kho.fi\/fi\/index\/paatokset\/ennakkopaatokset\/1764141535145.html\" role=\"link\" rel=\"nofollow noopener\" target=\"_blank\">Korkeimman hallinto-oikeuden mukaan<\/a> kelluvat huvilat mahdollistava ranta-asemakaava ei huomioi riitt\u00e4v\u00e4sti sit\u00e4, ett\u00e4 alueella on erityisi\u00e4 maisema- ja kulttuuriymp\u00e4rist\u00f6arvoja.<\/p>\n<p class=\"aw-1gybjub aw-1p7kakr kEtdKx cEmitX yle__article__paragraph\">Kelluvat huvilat sallivasta ranta-asemakaavasta valitti Heimarin naapurihuvilan omistaja. Suojellun huvilan omistaa Posti- ja logistiikka-alan unioni PAU.<\/p>\n<p>Liian v\u00e4lji\u00e4 m\u00e4\u00e4r\u00e4yksi\u00e4<\/p>\n<p class=\"aw-1gybjub aw-1p7kakr kEtdKx cEmitX yle__article__paragraph\">KHO:n mukaan Mikkelin kaupunki on laatinut liian v\u00e4lj\u00e4t kaavam\u00e4\u00e4r\u00e4ykset. Niill\u00e4 ei voi varmistaa, ett\u00e4 loma-asunnot sopisivat arvokkaaseen maisemaan ja kulttuuriymp\u00e4rist\u00f6\u00f6n.<\/p>\n<p class=\"aw-1gybjub aw-1p7kakr kEtdKx cEmitX yle__article__paragraph\">M\u00e4\u00e4r\u00e4ykset eiv\u00e4t rajoita riitt\u00e4v\u00e4sti esimerkiksi rakennusten korkeutta, sijoittelua, ulkon\u00e4k\u00f6\u00e4 tai laitureita.<\/p>\n<p class=\"aw-1gybjub aw-1p7kakr kEtdKx cEmitX yle__article__paragraph\">KHO:n mukaan my\u00f6s alueen havainnekuvat ja maisemaselvitykset ovat puutteellisia. Ne eiv\u00e4t anna realistista kuvaa rakentamisen todellisista maisemavaikutuksista. Kelluvat huvilat muodostaisivat l\u00e4himaisemaa hallitsevan elementin, joka n\u00e4kyisi laivav\u00e4yl\u00e4lt\u00e4 asti.<\/p>\n<p class=\"aw-1gybjub aw-1p7kakr kEtdKx cEmitX yle__article__paragraph\">Maisemaselvitys ei huomioi my\u00f6sk\u00e4\u00e4n esimerkiksi sit\u00e4, ett\u00e4 melu voi kantautua kelluvista huviloista ymp\u00e4rist\u00f6\u00f6n laajemmin ja h\u00e4iritsev\u00e4mp\u00e4n\u00e4 kuin ranta-alueelle sijoitetuista loma-asunnoista.<\/p>\n<p>Hotellin omistaja: Vau-efekti j\u00e4\u00e4 pois<\/p>\n<p class=\"aw-1gybjub aw-1p7kakr kEtdKx cEmitX yle__article__paragraph\">St. Michel Resortin toimitusjohtaja <strong class=\"aw-ak79eh KyCXm yle__article__strong\">Harri Sj\u00f6gr\u00e9nin<\/strong> mukaan kelluvien huviloiden j\u00e4\u00e4minen pois suunnitelmista ei ole suuri takaisku matkailukeskuksen laajentumiselle.<\/p>\n<p class=\"aw-1gybjub aw-1p7kakr kEtdKx cEmitX yle__article__paragraph\">\u2013 Ne olisivat luoneet vau-efektin, joka nyt j\u00e4\u00e4 pois. Maalle rakennettavat huvilat ovat kuitenkin ykk\u00f6sjuttu.<\/p>\n<p class=\"aw-1gybjub aw-1p7kakr kEtdKx cEmitX yle__article__paragraph\">St. Michel Resort on kiinteist\u00f6yhti\u00f6, eik\u00e4 Heimarissa ole t\u00e4ll\u00e4 hetkell\u00e4 perinteist\u00e4 majoitustoimintaa harjoittavaa yritt\u00e4j\u00e4\u00e4. St. Michel Resort vuokraa koko hotellia esimerkiksi tapahtumien ja kurssien j\u00e4rjest\u00e4miseen.<\/p>\n<p class=\"aw-1gybjub aw-1p7kakr kEtdKx cEmitX yle__article__paragraph\">Posti- ja logistiikka-alan unioni PAU:n puheenjohtajan <strong class=\"aw-ak79eh KyCXm yle__article__strong\">Heidi Niemisen<\/strong> mukaan liitossa ollaan KHO:n p\u00e4\u00e4t\u00f6kseen tyytyv\u00e4isi\u00e4.<\/p>\n","protected":false},"excerpt":{"rendered":"KHO:n mukaan Ristiinan Ukonveden alueella on erityisi\u00e4 maisema- ja kulttuuriymp\u00e4rist\u00f6\u00adarvoja, jotka t\u00e4ytyy s\u00e4ilytt\u00e4\u00e4. Avaa kuvien katselu Heimarin ymp\u00e4rist\u00f6&hellip;\n","protected":false},"author":2,"featured_media":107212,"comment_status":"","ping_status":"","sticky":false,"template":"","format":"standard","meta":{"footnotes":""},"categories":[76],"tags":[79,77,184,33,31,30,20159,1207,1478,685,686,402,32,78],"class_list":{"0":"post-107211","1":"post","2":"type-post","3":"status-publish","4":"format-standard","5":"has-post-thumbnail","7":"category-talous","8":"tag-business","9":"tag-economy","10":"tag-etela-savo","11":"tag-fi","12":"tag-finland","13":"tag-finnish","14":"tag-huvilat","15":"tag-maankayton-suunnittelu","16":"tag-matkailu","17":"tag-mikkeli","18":"tag-mikkelin-seutukunta","19":"tag-rakentaminen-kiinteistot","20":"tag-suomi","21":"tag-talous"},"share_on_mastodon":{"url":"https:\/\/pubeurope.com\/@fi\/115659532323089655","error":""},"_links":{"self":[{"href":"https:\/\/www.europesays.com\/fi\/wp-json\/wp\/v2\/posts\/107211","targetHints":{"allow":["GET"]}}],"collection":[{"href":"https:\/\/www.europesays.com\/fi\/wp-json\/wp\/v2\/posts"}],"about":[{"href":"https:\/\/www.europesays.com\/fi\/wp-json\/wp\/v2\/types\/post"}],"author":[{"embeddable":true,"href":"https:\/\/www.europesays.com\/fi\/wp-json\/wp\/v2\/users\/2"}],"replies":[{"embeddable":true,"href":"https:\/\/www.europesays.com\/fi\/wp-json\/wp\/v2\/comments?post=107211"}],"version-history":[{"count":0,"href":"https:\/\/www.europesays.com\/fi\/wp-json\/wp\/v2\/posts\/107211\/revisions"}],"wp:featuredmedia":[{"embeddable":true,"href":"https:\/\/www.europesays.com\/fi\/wp-json\/wp\/v2\/media\/107212"}],"wp:attachment":[{"href":"https:\/\/www.europesays.com\/fi\/wp-json\/wp\/v2\/media?parent=107211"}],"wp:term":[{"taxonomy":"category","embeddable":true,"href":"https:\/\/www.europesays.com\/fi\/wp-json\/wp\/v2\/categories?post=107211"},{"taxonomy":"post_tag","embeddable":true,"href":"https:\/\/www.europesays.com\/fi\/wp-json\/wp\/v2\/tags?post=107211"}],"curies":[{"name":"wp","href":"https:\/\/api.w.org\/{rel}","templated":true}]}}