{"id":107222,"date":"2025-12-04T05:20:13","date_gmt":"2025-12-04T05:20:13","guid":{"rendered":"https:\/\/www.europesays.com\/fi\/107222\/"},"modified":"2025-12-04T05:20:13","modified_gmt":"2025-12-04T05:20:13","slug":"nelja-olsn-pelaajaa-sai-vajaan-kahden-kuukauden-pelikiellon-salibandyn-vedonlyontivilpeista-iiro-savela-kertoi-pannastaan-somessa","status":"publish","type":"post","link":"https:\/\/www.europesays.com\/fi\/107222\/","title":{"rendered":"Nelj\u00e4 OLS:n pelaajaa sai vajaan kahden kuukauden pelikiellon salibandyn vedonly\u00f6ntivilpeist\u00e4 \u2013 Iiro Savela kertoi pannastaan somessa"},"content":{"rendered":"<p> <img decoding=\"async\" class=\"responsive-image article__image-image lozad\"   src=\"https:\/\/www.europesays.com\/fi\/wp-content\/uploads\/2025\/12\/8ZiAPk42Mycj-Mvo1KsRSBYw6yHMm9OSnzjdwa83Ph6MZC3IfkLuy1vVl724sr3EwdKE-Y_KKpw_oO6mBbYr-KREut2rWBpS4ZhM.jpeg\" alt=\"Salibandyn vedonly\u00f6ntivilpeist\u00e4 jaettiin keskiviikkona rangaistuksia.\"\/><\/p>\n<p>\n Salibandyn vedonly\u00f6ntivilpeist\u00e4 jaettiin keskiviikkona rangaistuksia.\n <\/p>\n<p>\n Kuva: Maiju Pohjanheimo\n <\/p>\n<p class=\"article__paragraph\">\n Salibandyn vedonly\u00f6ntivilppeihin liittyv\u00e4n vyyhdin yksityiskohtia paljastui keskiviikkona, kun Salibandyliiton kilpailu- ja kurinpitoryhm\u00e4 KKR jakoi asian tiimoilta rangaistuksia.\n <\/p>\n<p class=\"article__paragraph\">\n Erimittaisiin, v\u00e4litt\u00f6m\u00e4sti voimaan astuneisiin kilpailukieltoihin m\u00e4\u00e4r\u00e4ttiin yhteens\u00e4 80 henkil\u00f6\u00e4. Aiemmin Suomen urheilun eettinen keskus Suek selvitti tapahtumia ja kertoi, ett\u00e4 tutkinnan kohteena oli 115 pelaajaa ja seuratoimihenkil\u00f6\u00e4, jotka olivat ly\u00f6neet vetoa miesten liigasta sek\u00e4 toiseksi korkeimmasta sarjatasosta Divarista.<\/p>\n","protected":false},"excerpt":{"rendered":"Salibandyn vedonly\u00f6ntivilpeist\u00e4 jaettiin keskiviikkona rangaistuksia. Kuva: Maiju Pohjanheimo Salibandyn vedonly\u00f6ntivilppeihin liittyv\u00e4n vyyhdin yksityiskohtia paljastui keskiviikkona, kun Salibandyliiton kilpailu-&hellip;\n","protected":false},"author":2,"featured_media":107223,"comment_status":"","ping_status":"","sticky":false,"template":"","format":"standard","meta":{"footnotes":""},"categories":[158],"tags":[33,31,30,159,32,160],"class_list":{"0":"post-107222","1":"post","2":"type-post","3":"status-publish","4":"format-standard","5":"has-post-thumbnail","7":"category-urheilu","8":"tag-fi","9":"tag-finland","10":"tag-finnish","11":"tag-sports","12":"tag-suomi","13":"tag-urheilu"},"share_on_mastodon":{"url":"https:\/\/pubeurope.com\/@fi\/115659618957980929","error":""},"_links":{"self":[{"href":"https:\/\/www.europesays.com\/fi\/wp-json\/wp\/v2\/posts\/107222","targetHints":{"allow":["GET"]}}],"collection":[{"href":"https:\/\/www.europesays.com\/fi\/wp-json\/wp\/v2\/posts"}],"about":[{"href":"https:\/\/www.europesays.com\/fi\/wp-json\/wp\/v2\/types\/post"}],"author":[{"embeddable":true,"href":"https:\/\/www.europesays.com\/fi\/wp-json\/wp\/v2\/users\/2"}],"replies":[{"embeddable":true,"href":"https:\/\/www.europesays.com\/fi\/wp-json\/wp\/v2\/comments?post=107222"}],"version-history":[{"count":0,"href":"https:\/\/www.europesays.com\/fi\/wp-json\/wp\/v2\/posts\/107222\/revisions"}],"wp:featuredmedia":[{"embeddable":true,"href":"https:\/\/www.europesays.com\/fi\/wp-json\/wp\/v2\/media\/107223"}],"wp:attachment":[{"href":"https:\/\/www.europesays.com\/fi\/wp-json\/wp\/v2\/media?parent=107222"}],"wp:term":[{"taxonomy":"category","embeddable":true,"href":"https:\/\/www.europesays.com\/fi\/wp-json\/wp\/v2\/categories?post=107222"},{"taxonomy":"post_tag","embeddable":true,"href":"https:\/\/www.europesays.com\/fi\/wp-json\/wp\/v2\/tags?post=107222"}],"curies":[{"name":"wp","href":"https:\/\/api.w.org\/{rel}","templated":true}]}}