{"id":107228,"date":"2025-12-04T05:25:10","date_gmt":"2025-12-04T05:25:10","guid":{"rendered":"https:\/\/www.europesays.com\/fi\/107228\/"},"modified":"2025-12-04T05:25:10","modified_gmt":"2025-12-04T05:25:10","slug":"kansalaistottelemattomuus-jakaa-kansaa-mtv-uutiset","status":"publish","type":"post","link":"https:\/\/www.europesays.com\/fi\/107228\/","title":{"rendered":"Kansalaistottelemattomuus jakaa kansaa | MTV Uutiset"},"content":{"rendered":"<p><strong class=\"typography-bold\">Suomalaisten suhtautuminen kansalaistottelemattomuuteen vaihtelee tuoreen kyselyn perusteella poliittisen suuntautumisen mukaan.<\/strong><\/p>\n<p>Kansalaistottelemattomuus jakaa suomalaisten mielipiteit\u00e4. Asia selvi\u00e4\u00e4 Elinkeinoel\u00e4m\u00e4n valtuuskunnan Evan kyselytutkimuksesta.<\/p>\n<p>Vajaa puolet tutkimukseen osallistuneista piti kansalaistottelemattomuutta oikeutettuna, jos sit\u00e4 harjoitetaan hyv\u00e4ksi n\u00e4hdyn asian puolesta. Kolmasosa taas ei pid\u00e4 sit\u00e4 oikeutettuna.<\/p>\n<p><strong class=\"typography-bold\">Lue my\u00f6s: <\/strong><a class=\"underline\" data-testid=\"internal-link\" role=\"link\" data-sentry-element=\"Link\" data-sentry-component=\"InternalLink\" data-sentry-source-file=\"InternalLink.tsx\" href=\"https:\/\/www.mtvuutiset.fi\/artikkeli\/aktivistit-uskovat-toimiinsa-negatiivisesta-julkisuudesta-huolimatta-toimistotyontekijakin-uskaltaa-kuulua-elokapinaan\/9171724\" rel=\"nofollow noopener\" target=\"_blank\"><strong class=\"typography-bold\">Aktivistit uskovat toimiinsa negatiivisesta julkisuudesta huolimatta<\/strong><\/a><strong class=\"typography-bold\">Poliittinen suuntautuminen vaikuttaa<\/strong><\/p>\n<p>Suhtautuminen kansalaistottelemattomuuteen vaihteli poliittisen suuntautumisen mukaan.\u00a0<\/p>\n<p>Vasemmistoliiton kannattajista l\u00e4hes kaikki pitiv\u00e4t kansalaistottelemattomuutta oikeutettuna, vihreiden ja SDP:n kannattajista enemmist\u00f6.\u00a0<\/p>\n<p>Oikeistopuolueiden \u00e4\u00e4nest\u00e4j\u00e4t suhtautuivat kansalaistottelemattomuuteen nihke\u00e4mmin.\u00a0<\/p>\n<p>Enemmist\u00f6 perussuomalaisten ja kokoomuksen \u00e4\u00e4nest\u00e4jist\u00e4 ei pid\u00e4 kansalaistottelemattomuutta oikeutettuna edes hyv\u00e4ksi koetun asian puolesta.<\/p>\n","protected":false},"excerpt":{"rendered":"Suomalaisten suhtautuminen kansalaistottelemattomuuteen vaihtelee tuoreen kyselyn perusteella poliittisen suuntautumisen mukaan. Kansalaistottelemattomuus jakaa suomalaisten mielipiteit\u00e4. Asia selvi\u00e4\u00e4 Elinkeinoel\u00e4m\u00e4n valtuuskunnan&hellip;\n","protected":false},"author":2,"featured_media":107229,"comment_status":"","ping_status":"","sticky":false,"template":"","format":"standard","meta":{"footnotes":""},"categories":[14],"tags":[22,23,26,27,33,31,30,17,24,25,28,29,15,18,21,32,19,20,56,16,59,60,61],"class_list":{"0":"post-107228","1":"post","2":"type-post","3":"status-publish","4":"format-standard","5":"has-post-thumbnail","7":"category-ulkomaat","8":"tag-breaking-news","9":"tag-breakingnews","10":"tag-featured-news","11":"tag-featurednews","12":"tag-fi","13":"tag-finland","14":"tag-finnish","15":"tag-headlines","16":"tag-latest-news","17":"tag-latestnews","18":"tag-main-news","19":"tag-mainnews","20":"tag-news","21":"tag-otsikot","22":"tag-paauutiset","23":"tag-suomi","24":"tag-top-stories","25":"tag-topstories","26":"tag-ulkomaat","27":"tag-uutiset","28":"tag-world","29":"tag-world-news","30":"tag-worldnews"},"share_on_mastodon":{"url":"https:\/\/pubeurope.com\/@fi\/115659638283849278","error":""},"_links":{"self":[{"href":"https:\/\/www.europesays.com\/fi\/wp-json\/wp\/v2\/posts\/107228","targetHints":{"allow":["GET"]}}],"collection":[{"href":"https:\/\/www.europesays.com\/fi\/wp-json\/wp\/v2\/posts"}],"about":[{"href":"https:\/\/www.europesays.com\/fi\/wp-json\/wp\/v2\/types\/post"}],"author":[{"embeddable":true,"href":"https:\/\/www.europesays.com\/fi\/wp-json\/wp\/v2\/users\/2"}],"replies":[{"embeddable":true,"href":"https:\/\/www.europesays.com\/fi\/wp-json\/wp\/v2\/comments?post=107228"}],"version-history":[{"count":0,"href":"https:\/\/www.europesays.com\/fi\/wp-json\/wp\/v2\/posts\/107228\/revisions"}],"wp:featuredmedia":[{"embeddable":true,"href":"https:\/\/www.europesays.com\/fi\/wp-json\/wp\/v2\/media\/107229"}],"wp:attachment":[{"href":"https:\/\/www.europesays.com\/fi\/wp-json\/wp\/v2\/media?parent=107228"}],"wp:term":[{"taxonomy":"category","embeddable":true,"href":"https:\/\/www.europesays.com\/fi\/wp-json\/wp\/v2\/categories?post=107228"},{"taxonomy":"post_tag","embeddable":true,"href":"https:\/\/www.europesays.com\/fi\/wp-json\/wp\/v2\/tags?post=107228"}],"curies":[{"name":"wp","href":"https:\/\/api.w.org\/{rel}","templated":true}]}}