{"id":107234,"date":"2025-12-04T05:39:06","date_gmt":"2025-12-04T05:39:06","guid":{"rendered":"https:\/\/www.europesays.com\/fi\/107234\/"},"modified":"2025-12-04T05:39:06","modified_gmt":"2025-12-04T05:39:06","slug":"pate-mustajarvi-myy-taloaan-katso-sisakuvat","status":"publish","type":"post","link":"https:\/\/www.europesays.com\/fi\/107234\/","title":{"rendered":"Pate Mustaj\u00e4rvi myy taloaan &#8211; katso sis\u00e4kuvat!"},"content":{"rendered":"<p>Laulaja Pate Mustaj\u00e4rvi kertoi lokakuussa sairastuneensa sy\u00f6p\u00e4\u00e4n. H\u00e4n on peruuttanut esiintymisi\u00e4 pitk\u00e4lt\u00e4 ajalta, eik\u00e4 uusista ole mit\u00e4\u00e4n tietoa. Sairausloma kest\u00e4\u00e4 m\u00e4\u00e4rittelem\u00e4tt\u00f6m\u00e4n ajan.<\/p>\n<p>Patelta on tulossa my\u00f6s kirja, jonka nimi on hurjalta kalskahtava: Testamenttini. Kirjan kirjoittaa h\u00e4nen vaimonsa Tina Finn ja se ilmestyy kev\u00e4\u00e4ll\u00e4.<\/p>\n<p>Mutta nyt tapahtuu lis\u00e4\u00e4 asioita. Pate myyskentelee taloaan. Asiasta kirjoitti ensimm\u00e4isen\u00e4 <a href=\"https:\/\/www.seiska.fi\/vain-seiskassa\/uutta-tietoa-vakavasti-sairastuneen-pate-mustajarven-tilanteesta\/2008149\" rel=\"nofollow noopener\" target=\"_blank\">Seiska.<\/a><\/p>\n<p>T\u00e4llainen Paten talo on<\/p>\n<p>Talo on Patelle rakas, sill\u00e4 se on h\u00e4nen lapsuudenkotinsa. H\u00e4n osti sen itselleen takaisin vuonna 2010 ja maksoi siit\u00e4 Seiskan mukaan tuolloin 250 000 euroa. Nyt taloa kaupataan 229 000 eurolla.<\/p>\n<p>Tiedossa on, ett\u00e4 t\u00e4m\u00e4n talon kellarissa on aiemmin perustettu Popeda.<\/p>\n<p>Talossa on 2 huonetta ja keitit\u00f6, pari vessaa, ullakkotila ja sauna. Talo on rakennettu vuonna 1966.<\/p>\n<p>N\u00e4in myynti-ilmoitus kuvaa:<\/p>\n<p>Talon p\u00e4\u00e4kerroksessa on valoisa ja avara olohuone, makuuhuone\/ty\u00f6huone, tunnelmallinen keitti\u00f6 sek\u00e4 wc. Yl\u00e4kerran iso ullakkotila toimii erinomaisena rauhoittumispaikkana, ja sinne mahtuu hyvin suurempikin vuode. Lukunurkkaus yl\u00e4kerrassa tuo tilaan lis\u00e4\u00e4 kodikkuutta. T\u00e4m\u00e4 iso tila on tarvittaessa helppo jakaa kahdeksi erilliseksi huoneeksi.<\/p>\n<p>Kellarikerros tarjoaa runsaasti monik\u00e4ytt\u00f6ist\u00e4 harrastetilaa sek\u00e4 saunan, pukuhuoneen, kodinhoitohuoneen ja k\u00e4tev\u00e4n eteistilan, josta p\u00e4\u00e4see suoraan omaan pihaan. Talossa n\u00e4kyy perinteinen tunnelma, ja sit\u00e4 on remontoitu vuosien varrella. Kaksi ilmal\u00e4mp\u00f6pumppua sek\u00e4 tulisija luovat kotiin l\u00e4mp\u00f6\u00e4 ja energiatehokkuutta.<\/p>\n<p>Tasaisella, aurinkoisella tontilla sijaitsee lis\u00e4ksi iso autotallirakennus, jossa on hyvin tilaa niin autoille kuin harrastuksille.<\/p>\n<p>Sijainti, joka tekee arjesta sujuvaa. Noin kahden kilometrin et\u00e4isyydelt\u00e4 l\u00f6ytyv\u00e4t muun muassa kauppakeskus Westeri palveluineen ja ruokakauppoja. L\u00e4heiset Tohloppij\u00e4rven ja Tesomaj\u00e4rven uimarannat ja ulkoilumaastot lis\u00e4\u00e4v\u00e4t alueen viihtyisyytt\u00e4. Keskustaan p\u00e4\u00e4set k\u00e4tev\u00e4sti TKL:n bussilla tai junalla Tesoman seisakkeelta.<\/p>\n<p>Ikuri on rauhallinen ja omakotitalovaltainen asuinalue, jossa viihdyt\u00e4\u00e4n pitk\u00e4\u00e4n. Ikurin uusi koulu ja p\u00e4iv\u00e4koti valmistuivat kes\u00e4ll\u00e4 2023, ja alue sopii erinomaisesti kaikenik\u00e4isille, erityisen hyvin lapsiperheille.<\/p>\n<p>Kerroksia on kolme, asuinpinta-alaa 119 neli\u00f6t\u00e4, tontti on vajaan hehtaarin suuruinen.<\/p>\n<p>Voit katsoa kaikki kuvat ja ilmoituksen <strong><a href=\"https:\/\/asunnot.oikotie.fi\/myytavat-asunnot\/tampere\/23987831\" rel=\"nofollow noopener\" target=\"_blank\">T\u00c4ST\u00c4 LINKIST\u00c4.<\/a><\/strong><\/p>\n<p>Lue my\u00f6s: <a href=\"https:\/\/www.como.fi\/tilaa-comon-uutiskirje\/\" title=\"Tilaa Comon uutiskirje ja tied\u00e4t mist\u00e4 kahvitauolla puhutaan! Nappaa kotimaan tv-vinkit ja puheenaiheet suoraan s\u00e4hk\u00f6postiin t\u00e4st\u00e4.\" class=\"underline-custom !font-montserrat !font-bold !underline-offset-4 !decoration-4 !decoration-red-600 !text-md\" rel=\"nofollow noopener\" target=\"_blank\">Tilaa Comon uutiskirje ja tied\u00e4t mist\u00e4 kahvitauolla puhutaan! Nappaa kotimaan tv-vinkit ja puheenaiheet suoraan s\u00e4hk\u00f6postiin t\u00e4st\u00e4.<\/a><\/p>\n","protected":false},"excerpt":{"rendered":"Laulaja Pate Mustaj\u00e4rvi kertoi lokakuussa sairastuneensa sy\u00f6p\u00e4\u00e4n. H\u00e4n on peruuttanut esiintymisi\u00e4 pitk\u00e4lt\u00e4 ajalta, eik\u00e4 uusista ole mit\u00e4\u00e4n tietoa.&hellip;\n","protected":false},"author":2,"featured_media":107235,"comment_status":"","ping_status":"","sticky":false,"template":"","format":"standard","meta":{"footnotes":""},"categories":[136],"tags":[407,137,33,31,30,408,7504,32,109],"class_list":{"0":"post-107234","1":"post","2":"type-post","3":"status-publish","4":"format-standard","5":"has-post-thumbnail","7":"category-julkkikset","8":"tag-celebrities","9":"tag-entertainment","10":"tag-fi","11":"tag-finland","12":"tag-finnish","13":"tag-julkkikset","14":"tag-pate-mustaju00e4rvi","15":"tag-suomi","16":"tag-viihde"},"share_on_mastodon":{"url":"https:\/\/pubeurope.com\/@fi\/115659693293029887","error":""},"_links":{"self":[{"href":"https:\/\/www.europesays.com\/fi\/wp-json\/wp\/v2\/posts\/107234","targetHints":{"allow":["GET"]}}],"collection":[{"href":"https:\/\/www.europesays.com\/fi\/wp-json\/wp\/v2\/posts"}],"about":[{"href":"https:\/\/www.europesays.com\/fi\/wp-json\/wp\/v2\/types\/post"}],"author":[{"embeddable":true,"href":"https:\/\/www.europesays.com\/fi\/wp-json\/wp\/v2\/users\/2"}],"replies":[{"embeddable":true,"href":"https:\/\/www.europesays.com\/fi\/wp-json\/wp\/v2\/comments?post=107234"}],"version-history":[{"count":0,"href":"https:\/\/www.europesays.com\/fi\/wp-json\/wp\/v2\/posts\/107234\/revisions"}],"wp:featuredmedia":[{"embeddable":true,"href":"https:\/\/www.europesays.com\/fi\/wp-json\/wp\/v2\/media\/107235"}],"wp:attachment":[{"href":"https:\/\/www.europesays.com\/fi\/wp-json\/wp\/v2\/media?parent=107234"}],"wp:term":[{"taxonomy":"category","embeddable":true,"href":"https:\/\/www.europesays.com\/fi\/wp-json\/wp\/v2\/categories?post=107234"},{"taxonomy":"post_tag","embeddable":true,"href":"https:\/\/www.europesays.com\/fi\/wp-json\/wp\/v2\/tags?post=107234"}],"curies":[{"name":"wp","href":"https:\/\/api.w.org\/{rel}","templated":true}]}}