{"id":107241,"date":"2025-12-04T05:50:09","date_gmt":"2025-12-04T05:50:09","guid":{"rendered":"https:\/\/www.europesays.com\/fi\/107241\/"},"modified":"2025-12-04T05:50:09","modified_gmt":"2025-12-04T05:50:09","slug":"kutsu-medialle-s-pankki-jarjestaa-pohjoismaiden-ensimmaisen-pankkialan-hakkeritapahtuman-valkohattuhakkerit-kehittamaan-palveluiden-turvallisuutta","status":"publish","type":"post","link":"https:\/\/www.europesays.com\/fi\/107241\/","title":{"rendered":"Kutsu medialle: S-Pankki j\u00e4rjest\u00e4\u00e4 Pohjoismaiden ensimm\u00e4isen pankkialan hakkeritapahtuman \u2013 valkohattuhakkerit kehitt\u00e4m\u00e4\u00e4n palveluiden turvallisuutta"},"content":{"rendered":"<p><strong><\/p>\n<p><strong>Milt\u00e4 n\u00e4ytt\u00e4\u00e4 pankkiturvallisuus Suomessa vuonna 2026 ja miten pankit vastaavat muuttuvaan turvallisuusymp\u00e4rist\u00f6\u00f6n? S-Pankki j\u00e4rjest\u00e4\u00e4 13.12. ensimm\u00e4isen\u00e4 pohjoismaisena pankkina avoimen S-Pankki Hack -tilaisuuden, jossa valkohattuhakkerit kehitt\u00e4v\u00e4t pankkipalveluiden turvallisuutta. Tilaisuudessa keskustellaan my\u00f6s pankkiturvallisuuden tulevaisuuden trendeist\u00e4.<\/strong><\/p>\n<p><\/strong><\/p>\n<p>Tapahtuma on osa pankin pitk\u00e4j\u00e4nteist\u00e4 ja ennakoivaa turvallisuusty\u00f6t\u00e4, jonka tavoitteena on vahvistaa sek\u00e4 pankkipalveluiden ett\u00e4 asiakkaiden tietoturvaa entisest\u00e4\u00e4n. S-Pankki Hackin tavoitteena on testata S-Pankin j\u00e4rjestelmi\u00e4, tunnistaa mahdollisia haavoittuvuuksia ja vahvistaa pankin kyberturvallisuutta entisest\u00e4\u00e4n. Tapahtuma j\u00e4rjestet\u00e4\u00e4n S-Pankin tiloissa rajatussa ymp\u00e4rist\u00f6ss\u00e4, jossa ei k\u00e4sitell\u00e4 asiakastietoja eik\u00e4 tapahtuma vaikuta asiakkaiden tietosuojaan tai tietoturvaan.<\/p>\n<p>Kutsumme median edustajat osallistumaan tapahtumaan kuulemaan S-Pankin tietoturvajohtaja <strong>Leo Niemel\u00e4\u00e4<\/strong>, kyberturvallisuuden dosentti <strong>Jarno Limnelli\u00e4<\/strong> ja ammattihakkeri <strong>Alpo Oksmania<\/strong>. He alustavat tilaisuudessa pankkiturvallisuuden ja kyberturvallisuuden trendeist\u00e4 ja n\u00e4kymist\u00e4 vuodelle 2026. Lis\u00e4ksi kuulemme, miten valkohattuhakkerointi edist\u00e4\u00e4 tavallisten suomalaisten pankkiasioinnin turvallisuutta \u2013 ja millaista ammattihakkerin ty\u00f6 on.<\/p>\n<p>Pyyd\u00e4mme median edustajia ilmoittautumaan s\u00e4hk\u00f6postitse S-Pankin viestint\u00e4p\u00e4\u00e4llikk\u00f6 Martti Lindholmille osoitteeseen <a href=\"https:\/\/www.sttinfo.fi\/tiedote\/71660904\/mailto:martti.lindholm@sok.fi\" rel=\"nofollow noopener\" target=\"_blank\">viestinta@s-pankki.fi<\/a> torstaihin 11.12. menness\u00e4. Tilaisuuteen ei ole mahdollista osallistua et\u00e4n\u00e4.<\/p>\n<p>Aika: lauantai 13.12.2025 klo 14\u201316<br \/>Paikka: \u00c4ss\u00e4keskus, Fleminginkatu 34, F-Siipi<\/p>\n<p><strong>Ohjelma<\/strong><\/p>\n<p>14.00 Leo Niemel\u00e4: Turvaty\u00f6 suomalaisten raha-arjen puolesta jatkuu: Pankkiturvallisuuden keskeiset trendit 2026<br \/>14.15 Jarno Limnell: Kybertuvallisuuden tilanne 2026: Luottamus on kansallinen voimavara \u2013 mit\u00e4 t\u00e4m\u00e4 tarkoittaa finanssialalle?<br \/>14.30 Aapo Oksman: Ammattihakkerin uratarina \u2013 n\u00e4in itseoppinut yksinyritt\u00e4j\u00e4 rakensi uran haavoittuvuuksien mets\u00e4st\u00e4j\u00e4n\u00e4<br \/>14.45 Tutustuminen p\u00e4iv\u00e4n tuloksiin ja keskustelu asiantuntijoiden kanssa<\/p>\n","protected":false},"excerpt":{"rendered":"Milt\u00e4 n\u00e4ytt\u00e4\u00e4 pankkiturvallisuus Suomessa vuonna 2026 ja miten pankit vastaavat muuttuvaan turvallisuusymp\u00e4rist\u00f6\u00f6n? S-Pankki j\u00e4rjest\u00e4\u00e4 13.12. ensimm\u00e4isen\u00e4 pohjoismaisena pankkina&hellip;\n","protected":false},"author":2,"featured_media":107242,"comment_status":"","ping_status":"","sticky":false,"template":"","format":"standard","meta":{"footnotes":""},"categories":[76],"tags":[79,77,33,31,30,32,78],"class_list":{"0":"post-107241","1":"post","2":"type-post","3":"status-publish","4":"format-standard","5":"has-post-thumbnail","7":"category-talous","8":"tag-business","9":"tag-economy","10":"tag-fi","11":"tag-finland","12":"tag-finnish","13":"tag-suomi","14":"tag-talous"},"share_on_mastodon":{"url":"https:\/\/pubeurope.com\/@fi\/115659736697093463","error":""},"_links":{"self":[{"href":"https:\/\/www.europesays.com\/fi\/wp-json\/wp\/v2\/posts\/107241","targetHints":{"allow":["GET"]}}],"collection":[{"href":"https:\/\/www.europesays.com\/fi\/wp-json\/wp\/v2\/posts"}],"about":[{"href":"https:\/\/www.europesays.com\/fi\/wp-json\/wp\/v2\/types\/post"}],"author":[{"embeddable":true,"href":"https:\/\/www.europesays.com\/fi\/wp-json\/wp\/v2\/users\/2"}],"replies":[{"embeddable":true,"href":"https:\/\/www.europesays.com\/fi\/wp-json\/wp\/v2\/comments?post=107241"}],"version-history":[{"count":0,"href":"https:\/\/www.europesays.com\/fi\/wp-json\/wp\/v2\/posts\/107241\/revisions"}],"wp:featuredmedia":[{"embeddable":true,"href":"https:\/\/www.europesays.com\/fi\/wp-json\/wp\/v2\/media\/107242"}],"wp:attachment":[{"href":"https:\/\/www.europesays.com\/fi\/wp-json\/wp\/v2\/media?parent=107241"}],"wp:term":[{"taxonomy":"category","embeddable":true,"href":"https:\/\/www.europesays.com\/fi\/wp-json\/wp\/v2\/categories?post=107241"},{"taxonomy":"post_tag","embeddable":true,"href":"https:\/\/www.europesays.com\/fi\/wp-json\/wp\/v2\/tags?post=107241"}],"curies":[{"name":"wp","href":"https:\/\/api.w.org\/{rel}","templated":true}]}}