{"id":107249,"date":"2025-12-04T06:05:09","date_gmt":"2025-12-04T06:05:09","guid":{"rendered":"https:\/\/www.europesays.com\/fi\/107249\/"},"modified":"2025-12-04T06:05:09","modified_gmt":"2025-12-04T06:05:09","slug":"kaj-nahdaan-linnan-juhlissa-ilta-sanomat","status":"publish","type":"post","link":"https:\/\/www.europesays.com\/fi\/107249\/","title":{"rendered":"KAJ n\u00e4hd\u00e4\u00e4n Linnan juhlissa &#8211; Ilta-Sanomat"},"content":{"rendered":"<p>V\u00f6yril\u00e4isyhtye sai taas uuden kunnianosoituksen.<\/p>\n<p>KAJ-yhtyeen Jakob Norrg\u00e5rd kertoi kes\u00e4ll\u00e4 tapaamisesta kuninkaallisten kanssa.<\/p>\n<p class=\"article-body mb-nof-24 px-nof-16\">viisusensaatio KAJ:n kolmikko on saanut kutsun Suomen itsen\u00e4isyysp\u00e4iv\u00e4n Linnan juhliin. Yhtye ilmoitti asiasta Instagramissa keskiviikkona.<\/p>\n<p class=\"article-body mb-nof-24 px-nof-16\">Kutsu on uusi kunnianosoitus yhtyeelle, joka edusti Ruotsia toukokuun Euroviisuissa. KAJ voitti helmikuussa Ruotsin Melodifestivalenin ja sijoittui Euroviisuissa nelj\u00e4nneksi.<\/p>\n<p class=\"article-body mb-nof-24 px-nof-16\">Melodifestivalenin voiton j\u00e4lkeen yhtye sai viestit sek\u00e4 presidentti <a class=\"article-personlink\" href=\"https:\/\/www.is.fi\/haku\/?query=Alexander%20Stubbilta\" rel=\"nofollow noopener\" target=\"_blank\">Alexander Stubbilta<\/a> ett\u00e4 kuningas <a class=\"article-personlink\" href=\"https:\/\/www.is.fi\/haku\/?query=Kaarle%20Kustaalta\" rel=\"nofollow noopener\" target=\"_blank\">Kaarle Kustaalta<\/a>.<\/p>\n<p class=\"article-body mb-nof-24 px-nof-16\">\u2013 Her\u00e4sin Mellojen j\u00e4lkeisen\u00e4 maanantaina ja olin saanut kaksi s\u00e4hk\u00f6postia: toisen presidentti Alexander Stubbilta ja toisen kuningas Kaarle Kustaalta, yhtyeen <a class=\"article-personlink\" href=\"https:\/\/www.is.fi\/haku\/?query=Jakob%20Norrg%C3%A5rd\" rel=\"nofollow noopener\" target=\"_blank\">Jakob Norrg\u00e5rd<\/a> kertoi tuolloin ruotsalaislehdelle.<\/p>\n<p class=\"article-body mb-nof-24 px-nof-16\">Yhtye ehti jo piikitell\u00e4 Ruotsin kuningasta julkisesti kes\u00e4ll\u00e4.<\/p>\n<p class=\"article-body mb-nof-24 px-nof-16\">\u2013 Meill\u00e4 oli enemm\u00e4n aikaa Stubbin kanssa ja s\u00f6imme yhdess\u00e4 kunnon lounaan. Odottelemme viel\u00e4kin, ett\u00e4 kuningas kutsuu meid\u00e4t lounaalle, Norrg\u00e5rd totesi.<\/p>\n<p class=\"article-body mb-nof-24 px-nof-16\">Nyt Suomen presidentti on kutsunut yhtyeen Linnan juhliin.<\/p>\n<p class=\"article-body mb-nof-24 px-nof-16\">KAJ:n saunaviisu Bara bada bastua on kuunneltu Spotifyssa yli 110 miljoonaa kertaa. Yhtye on voittanut Suomessa muun muassa Vuoden biisi ja Vuoden vientiteko -palkinnot. Bara bada bastu oli Suomen toiseksi soitetuin kappale Spotifyssa.<\/p>\n<p class=\"article-body mb-nof-24 px-nof-16\">Suomenruotsalaiseen yhtyeeseen kuuluvat <a class=\"article-personlink\" href=\"https:\/\/www.is.fi\/haku\/?query=Axel%20%C3%85hman\" rel=\"nofollow noopener\" target=\"_blank\">Axel \u00c5hman<\/a>, <a class=\"article-personlink\" href=\"https:\/\/www.is.fi\/haku\/?query=Kevin%20Holmstr%C3%B6m\" rel=\"nofollow noopener\" target=\"_blank\">Kevin Holmstr\u00f6m<\/a> ja Jakob Norrg\u00e5rd. Huumoritrio on per\u00e4isin Pohjanmaan V\u00f6yrilt\u00e4.<\/p>\n","protected":false},"excerpt":{"rendered":"V\u00f6yril\u00e4isyhtye sai taas uuden kunnianosoituksen. KAJ-yhtyeen Jakob Norrg\u00e5rd kertoi kes\u00e4ll\u00e4 tapaamisesta kuninkaallisten kanssa. viisusensaatio KAJ:n kolmikko on saanut&hellip;\n","protected":false},"author":2,"featured_media":107250,"comment_status":"","ping_status":"","sticky":false,"template":"","format":"standard","meta":{"footnotes":""},"categories":[136],"tags":[407,137,33,31,30,34,408,32,109],"class_list":{"0":"post-107249","1":"post","2":"type-post","3":"status-publish","4":"format-standard","5":"has-post-thumbnail","7":"category-julkkikset","8":"tag-celebrities","9":"tag-entertainment","10":"tag-fi","11":"tag-finland","12":"tag-finnish","13":"tag-ilta-sanomat","14":"tag-julkkikset","15":"tag-suomi","16":"tag-viihde"},"share_on_mastodon":{"url":"https:\/\/pubeurope.com\/@fi\/115659795458788472","error":""},"_links":{"self":[{"href":"https:\/\/www.europesays.com\/fi\/wp-json\/wp\/v2\/posts\/107249","targetHints":{"allow":["GET"]}}],"collection":[{"href":"https:\/\/www.europesays.com\/fi\/wp-json\/wp\/v2\/posts"}],"about":[{"href":"https:\/\/www.europesays.com\/fi\/wp-json\/wp\/v2\/types\/post"}],"author":[{"embeddable":true,"href":"https:\/\/www.europesays.com\/fi\/wp-json\/wp\/v2\/users\/2"}],"replies":[{"embeddable":true,"href":"https:\/\/www.europesays.com\/fi\/wp-json\/wp\/v2\/comments?post=107249"}],"version-history":[{"count":0,"href":"https:\/\/www.europesays.com\/fi\/wp-json\/wp\/v2\/posts\/107249\/revisions"}],"wp:featuredmedia":[{"embeddable":true,"href":"https:\/\/www.europesays.com\/fi\/wp-json\/wp\/v2\/media\/107250"}],"wp:attachment":[{"href":"https:\/\/www.europesays.com\/fi\/wp-json\/wp\/v2\/media?parent=107249"}],"wp:term":[{"taxonomy":"category","embeddable":true,"href":"https:\/\/www.europesays.com\/fi\/wp-json\/wp\/v2\/categories?post=107249"},{"taxonomy":"post_tag","embeddable":true,"href":"https:\/\/www.europesays.com\/fi\/wp-json\/wp\/v2\/tags?post=107249"}],"curies":[{"name":"wp","href":"https:\/\/api.w.org\/{rel}","templated":true}]}}