{"id":107251,"date":"2025-12-04T06:08:16","date_gmt":"2025-12-04T06:08:16","guid":{"rendered":"https:\/\/www.europesays.com\/fi\/107251\/"},"modified":"2025-12-04T06:08:16","modified_gmt":"2025-12-04T06:08:16","slug":"salatut-elamat-juonipaljastukset-aki-lahtee-cindyn-luokse-sveitsiin","status":"publish","type":"post","link":"https:\/\/www.europesays.com\/fi\/107251\/","title":{"rendered":"Salatut el\u00e4m\u00e4t -juonipaljastukset: Aki l\u00e4htee Cindyn luokse Sveitsiin"},"content":{"rendered":"<p>\n            Salatut el\u00e4m\u00e4t: Aki ja Henrik<br \/>\n            MTV\n        <\/p>\n<p class=\"subtitle \">Ensi viikon jaksoissa Aaro ajautuu ep\u00e4toivoisiin tekoihin Evan l\u00e4hdetty\u00e4, Kristian l\u00e4hentyy Joannan kanssa, ja Aki p\u00e4\u00e4tt\u00e4\u00e4 l\u00e4hte\u00e4 Cindyn luokse Sveitsiin.<\/p>\n<p class=\"article-content article-content-width !bg-background\">Evan j\u00e4\u00e4hyv\u00e4iskirjeet j\u00e4rkytt\u00e4v\u00e4t Pihlajakadun asukkaita. Jiri paljastaa Lasselle ja Jutalle, ett\u00e4 Eva on l\u00e4htenyt. Jutta p\u00e4\u00e4ttelee, ett\u00e4 t\u00e4m\u00e4n on t\u00e4ytynyt l\u00e4hte\u00e4 karkuun Aaroa. Kalle ja Ismo tyrmistyv\u00e4t, kun Eva paljastaa kirjeess\u00e4\u00e4n polttaneensa Aaron kaupan. Kalle huojentuu, sill\u00e4 h\u00e4n ei olekaan syyllinen paloon.<\/p>\n<p class=\"font-weight-bold m-font-weight-bold article-content article-content-width !bg-background\">Video: Mikko Parikka paljastaa perhehaaveensa.<\/p>\n<p class=\"article-content article-content-width !bg-background\">Linda pahastuu, kun saa Evalta tylyn viestin. Aaro p\u00f6yristyy kirjeens\u00e4 sis\u00e4ll\u00f6st\u00e4. Eva tunnustaa tuhopolton ja vieneens\u00e4 Nadjan kanssaan pakomatkalle. Aaro yritt\u00e4\u00e4 k\u00e4rtt\u00e4\u00e4 Noelilta, mihin Eva on karannut. Aaro p\u00e4\u00e4tt\u00e4\u00e4 my\u00f6hemmin murtautua Jirin kotiin. Jiri s\u00e4ik\u00e4ht\u00e4\u00e4 tilannetta. Aaro vaatii saada tiet\u00e4\u00e4, miss\u00e4 Eva on.<\/p>\n<p>        <a itemprop=\"url\" href=\"https:\/\/www.seiska.fi\/katso\/salatut-elamat-juonipaljastukset-aki-saa-selville-henrikin-ja-sampon-salaisuuden\/1997243\" rel=\"nofollow noopener\" target=\"_blank\"><\/p>\n<p>\nSalatut el\u00e4m\u00e4t -juonipaljastukset:\n<\/p>\n<p class=\"section-date\">\n        <strong class=\"article-section\" data-section=\"katso\"><br \/>\n            katso<br \/>\n        <\/strong><br \/>\n        27.11. 07:15\n    <\/p>\n<p>Salatut el\u00e4m\u00e4t -juonipaljastukset: Aki saa selville Henrikin ja Sampon salaisuuden\n    <\/p>\n<p itemprop=\"description\" class=\"subtitle \">\n    Ensi viikon Salatut el\u00e4m\u00e4t -jaksoissa Kristian ja Jiri saavat selville, ett\u00e4 Eva on paennut maasta.\n<\/p>\n<p>        <\/a><\/p>\n<p class=\"article-content article-content-width !bg-background\">Gunnarilla menee pupu p\u00f6ksyyn, kun h\u00e4n on aikeissa kosia Dahliaa. H\u00e4n paljastaa Karille, ett\u00e4 aikoo luovuttaa Dahlian suhteen. Seuraavana p\u00e4iv\u00e4n\u00e4 Magnus kertoo Gunnarin kosioaikeista Dahlialle. Toisaalla Gunnar flirttailee Pirrelle uskotellakseen itselleen, ett\u00e4 on yli Dahliasta, joka saapuu paikalle ja tyrmistyy.<\/p>\n<p class=\"article-content article-content-width !bg-background\">Gunnar my\u00f6nt\u00e4\u00e4 Dahlialle, ett\u00e4 oli aikeissa kosia t\u00e4t\u00e4. Dahlia puolestaan tunnustaa, ett\u00e4 olisi suostunut kosintaan, mutta tilanne Pirren kanssa sai h\u00e4net ep\u00e4r\u00f6im\u00e4\u00e4n. Gunnar saa kuitenkin anteeksi, ja pari p\u00e4\u00e4tt\u00e4\u00e4 menn\u00e4 kihloihin.\u00a0<\/p>\n<p>                <img decoding=\"async\" src=\"https:\/\/www.europesays.com\/fi\/wp-content\/uploads\/2025\/12\/2004455.webp\" width=\"576\" height=\"274\" title=\"Evan pakeneminen Nadjan kanssa kismitt\u00e4\u00e4 Aaroa.\" alt=\"Salatut el\u00e4m\u00e4t: Aaro\" loading=\"lazy\" \/>            <\/p>\n<p>\n            Evan pakeneminen Nadjan kanssa kismitt\u00e4\u00e4 Aaroa.<br \/>\n            MTV\n        <\/p>\n<p class=\"article-content article-content-width !bg-background\">Kari saa puhelun Pirrelt\u00e4. Pirre onkin tv-tuottaja, joka haluaa Gunnarin ja Karin uuden seurantarealityn t\u00e4hdiksi.<\/p>\n<p>        <a itemprop=\"url\" href=\"https:\/\/www.seiska.fi\/katso\/muistatko-ikonisen-videon-esko-kovero-saa-yha-palautetta\/2005399\" rel=\"nofollow noopener\" target=\"_blank\"><\/p>\n<p>\nEsko Kovero\n<\/p>\n<p class=\"section-date\">\n        <strong class=\"article-section\" data-section=\"katso\"><br \/>\n            katso<br \/>\n        <\/strong><br \/>\n        28.11. 06:15\n    <\/p>\n<p>Muistatko ikonisen videon? Esko Kovero saa yh\u00e4 palautetta\n    <\/p>\n<p itemprop=\"description\" class=\"subtitle \">\n    Ismo Laitela ja kootut fraasit ovat el\u00e4neet jo 26 vuotta. Yksi video naurattaa hahmon faneja viel\u00e4 vuosien j\u00e4lkeenkin, ja siit\u00e4 n\u00e4yttelij\u00e4 Esko Kovero saa eniten palautetta.\n<\/p>\n<p>        <\/a><\/p>\n<p>Aki kohtaa Cindyn<\/p>\n<p class=\"article-content article-content-width !bg-background\">Aki valehtelee Lindalle, ettei voi n\u00e4hd\u00e4 t\u00e4t\u00e4. Henrik h\u00e4keltyy Akin suunnitelmasta menn\u00e4 vierailemaan Cindyn luo Z\u00fcrichiiin, Sveitsiin. Akin on saatava tiet\u00e4\u00e4, mik\u00e4 Cindyn vointi on. H\u00e4n vannottaa Henriki\u00e4 pit\u00e4m\u00e4\u00e4n salaisuutensa.\u00a0<\/p>\n<p class=\"article-content article-content-width !bg-background\">Linda tajuaa, ett\u00e4 Aki on valehdellut h\u00e4nelle. H\u00e4n saa kuulla Henrikilt\u00e4, miss\u00e4 Aki todellisuudessa on. Samaan aikaan Aki saapuu Cindyn potilashuoneeseen huomatakseen, ett\u00e4 Cindy makaa edelleen koomassa. Aki toivoo, ett\u00e4 Cindy her\u00e4isi koomasta.<\/p>\n<p>Flirtti\u00e4 ja petipuuhia<\/p>\n<p class=\"article-content article-content-width !bg-background\">Kristian pyyt\u00e4\u00e4 Joannaa lounaalle, mutta saa vastineeksi seksinn\u00e4lk\u00e4ist\u00e4 flirtti\u00e4. Kaksikko p\u00e4\u00e4tyykin punkkaan, mutta molemmat ahdistuvat pian, sill\u00e4 Henrik saapuu Joannan juttusille. H\u00e4n on saanut tiet\u00e4\u00e4 Joannan paluusta Mariannalta.<\/p>\n<p class=\"article-content article-content-width !bg-background\">Magnus muistelee suudelmaansa Matiaksen kanssa. H\u00e4n kuitenkin p\u00e4\u00e4tt\u00e4\u00e4 keskitty\u00e4 V\u00e4yryseen. Matiaskin muistelee suudelmaa h\u00e4mill\u00e4\u00e4n ja tyydytt\u00e4\u00e4 itse\u00e4\u00e4n. H\u00e4n salaa Ollilta sen, mik\u00e4 h\u00e4nen mielt\u00e4\u00e4n painaa. Matias pakenee, kun n\u00e4kee Magnuksen ja V\u00e4yrysen.<\/p>\n<p>        <a itemprop=\"url\" href=\"https:\/\/www.seiska.fi\/katso\/mikko-parikka-poistuu-salatut-elamat-sarjasta-tassa-syy\/1998211\" rel=\"nofollow noopener\" target=\"_blank\"><\/p>\n<p>\nMikko Parikka\n<\/p>\n<p class=\"section-date\">\n        <strong class=\"article-section\" data-section=\"katso\"><br \/>\n            katso<br \/>\n        <\/strong><br \/>\n        20.11. 15:15\n    <\/p>\n<p>Mikko Parikka poistuu Salatut el\u00e4m\u00e4t -sarjasta \u2013 t\u00e4ss\u00e4 syy\n    <\/p>\n<p itemprop=\"description\" class=\"subtitle \">\n    Salatut el\u00e4m\u00e4t -sarjasta tuttu Mikko Parikka keskittyy t\u00e4rkeimp\u00e4\u00e4n.\n<\/p>\n<p>        <\/a><\/p>\n<p class=\"article-content article-content-width !bg-background\">Noel ja Daniela salaavat Danielan raskauden. Daniela kuitenkin lipsauttaa uutisen Sampolle. H\u00e4n toivoo, ettei Sampo kerro asiasta eteenp\u00e4in. Danielan pahaksi onneksi Salla kuulee kaksikon keskustelun. Toisaalla Noel paljastaa asian Jirille. Daniela ja Noel salaavat lipsautuksensa toisiltaan.<\/p>\n<p class=\"italic m-italic article-content article-content-width !bg-background\">Salatut el\u00e4m\u00e4t maanantaista torstaihin MTV3:lla ja MTV Katsomossa, seuraavan viikon jaksot perjantaisin katsottavissa MTV Katsomo+ -tilauksella.<\/p>\n<p>        <a itemprop=\"url\" href=\"https:\/\/www.seiska.fi\/katso\/tiia-elg-jattaa-salatut-elamat-sarjan-paljastaa-syyn\/1998176\" rel=\"nofollow noopener\" target=\"_blank\"><\/p>\n<p>\nSalatut el\u00e4m\u00e4t -t\u00e4hti\n<\/p>\n<p class=\"section-date\">\n        <strong class=\"article-section\" data-section=\"katso\"><br \/>\n            katso<br \/>\n        <\/strong><br \/>\n        21.11. 06:15\n    <\/p>\n<p>Tiia Elg j\u00e4tt\u00e4\u00e4 Salatut el\u00e4m\u00e4t -sarjan \u2013 paljastaa syyn\n    <\/p>\n<p itemprop=\"description\" class=\"subtitle \">\n    Tiia Elg n\u00e4ytteli suomalaisten suosikkisarjassa yli kymmenen vuoden ajan. Nyt h\u00e4n paljastaa, miksi h\u00e4nen kohdallaan oli aika vaihtaa suuntaa.\n<\/p>\n<p>        <\/a><\/p>\n","protected":false},"excerpt":{"rendered":"Salatut el\u00e4m\u00e4t: Aki ja Henrik MTV Ensi viikon jaksoissa Aaro ajautuu ep\u00e4toivoisiin tekoihin Evan l\u00e4hdetty\u00e4, Kristian l\u00e4hentyy Joannan&hellip;\n","protected":false},"author":2,"featured_media":107252,"comment_status":"","ping_status":"","sticky":false,"template":"","format":"standard","meta":{"footnotes":""},"categories":[133],"tags":[20163,10326,20161,137,20162,33,31,30,209,12504,7145,4463,32,206,1318,156,109],"class_list":{"0":"post-107251","1":"post","2":"type-post","3":"status-publish","4":"format-standard","5":"has-post-thumbnail","7":"category-televisiot","8":"tag-aaro","9":"tag-aki","10":"tag-cindy","11":"tag-entertainment","12":"tag-eva","13":"tag-fi","14":"tag-finland","15":"tag-finnish","16":"tag-salatut-elamat","17":"tag-salatut-elamat-nayttelija","18":"tag-salatut-elamat-juonipaljastukset","19":"tag-salkkarit","20":"tag-suomi","21":"tag-televisiot","22":"tag-tv-ohjelma","23":"tag-tv","24":"tag-viihde"},"share_on_mastodon":{"url":"https:\/\/pubeurope.com\/@fi\/115659807545333359","error":""},"_links":{"self":[{"href":"https:\/\/www.europesays.com\/fi\/wp-json\/wp\/v2\/posts\/107251","targetHints":{"allow":["GET"]}}],"collection":[{"href":"https:\/\/www.europesays.com\/fi\/wp-json\/wp\/v2\/posts"}],"about":[{"href":"https:\/\/www.europesays.com\/fi\/wp-json\/wp\/v2\/types\/post"}],"author":[{"embeddable":true,"href":"https:\/\/www.europesays.com\/fi\/wp-json\/wp\/v2\/users\/2"}],"replies":[{"embeddable":true,"href":"https:\/\/www.europesays.com\/fi\/wp-json\/wp\/v2\/comments?post=107251"}],"version-history":[{"count":0,"href":"https:\/\/www.europesays.com\/fi\/wp-json\/wp\/v2\/posts\/107251\/revisions"}],"wp:featuredmedia":[{"embeddable":true,"href":"https:\/\/www.europesays.com\/fi\/wp-json\/wp\/v2\/media\/107252"}],"wp:attachment":[{"href":"https:\/\/www.europesays.com\/fi\/wp-json\/wp\/v2\/media?parent=107251"}],"wp:term":[{"taxonomy":"category","embeddable":true,"href":"https:\/\/www.europesays.com\/fi\/wp-json\/wp\/v2\/categories?post=107251"},{"taxonomy":"post_tag","embeddable":true,"href":"https:\/\/www.europesays.com\/fi\/wp-json\/wp\/v2\/tags?post=107251"}],"curies":[{"name":"wp","href":"https:\/\/api.w.org\/{rel}","templated":true}]}}