{"id":107257,"date":"2025-12-04T06:13:10","date_gmt":"2025-12-04T06:13:10","guid":{"rendered":"https:\/\/www.europesays.com\/fi\/107257\/"},"modified":"2025-12-04T06:13:10","modified_gmt":"2025-12-04T06:13:10","slug":"minttu-kaulanen-yllattyi-sampo-kaulasen-ongelmista-porojen-kanssa","status":"publish","type":"post","link":"https:\/\/www.europesays.com\/fi\/107257\/","title":{"rendered":"Minttu Kaulanen yll\u00e4ttyi Sampo Kaulasen ongelmista porojen kanssa"},"content":{"rendered":"<p>            Timo Korhonen &amp; Adobe Stock\n        <\/p>\n<p class=\"subtitle \">\u2013 T\u00e4\u00e4 on uutta tietoa mulle, Minttu ihmettelee Seiskan reportterille.<\/p>\n<p class=\"article-content article-content-width !bg-background\"> ja  eiv\u00e4t ole en\u00e4\u00e4 kaiken Kansan tuntema kauppiaspariskunta Yll\u00e4kselt\u00e4.<\/p>\n<p class=\"font-weight-bold m-font-weight-bold article-content article-content-width !bg-background\">Videolla Sampo Kaulanen esittelee Seiskalle J\u00e4nk\u00e4 Resortia:<\/p>\n<p class=\"article-content article-content-width !bg-background\">Pariskunnan py\u00f6ritt\u00e4m\u00e4 Jounin Kauppa siirtyi Keskon omistukseen kev\u00e4\u00e4ll\u00e4 2023. Sampo teki yrityskaupassa itselleen satumaisen tilin.<\/p>\n<p class=\"article-content article-content-width !bg-background\">Raha on pistetty pikavauhtia poikimaan. \u00c4k\u00e4slompolon kupeeseen on pyk\u00e4tty j\u00e4ttim\u00e4inen miljoonahanke J\u00e4nk\u00e4 Resort.<\/p>\n<p>        <a itemprop=\"url\" href=\"https:\/\/www.seiska.fi\/kotimaa\/mitta-tuli-tayteen-sampo-kaulanen-ei-astu-enaa-jalallaan-jounin-kauppaan\/2007909\" rel=\"nofollow noopener\" target=\"_blank\"><\/p>\n<p>\nBoikotoi Jounin Kauppaa\n<\/p>\n<p class=\"section-date\">\n        <strong class=\"article-section\" data-section=\"kotimaa\"><br \/>\n            kotimaa<br \/>\n        <\/strong><br \/>\n        1.12. 10:30\n    <\/p>\n<p>Mitta tuli t\u00e4yteen! Sampo Kaulanen ei astu en\u00e4\u00e4 jalallaan Jounin Kauppaan\n    <\/p>\n<p itemprop=\"description\" class=\"subtitle \">\n    Ex-kyl\u00e4kauppias ei ole k\u00e4ynyt yli kahteen vuoteen Jounin Kaupassa.\n<\/p>\n<p>        <\/a><\/p>\n<p class=\"article-content article-content-width !bg-background\">Hulppeaan lomakeskukseen kuuluu 13 premium-tason \u00f6kyhuvilaa, ravintolan ja tapahtumapalvelut sis\u00e4lt\u00e4v\u00e4 suuri safaritalo sek\u00e4 poro- ja hevosaitauksia \u2013 huskytarhoja unohtamatta.<\/p>\n<p class=\"article-content article-content-width !bg-background\">\u2013 M\u00e4 olen t\u00e4ss\u00e4 yhti\u00f6kumppanina. Duunailen enemm\u00e4n elukoiden kanssa, Minttu kuvailee rooliaan Seiskalle.<\/p>\n<p>                <img decoding=\"async\" src=\"https:\/\/www.europesays.com\/fi\/wp-content\/uploads\/2025\/12\/2008356.webp\" width=\"576\" height=\"322\" alt=\"Porot eiv\u00e4t olleet kuvaustuulella J\u00e4nk\u00e4 Resortissa.\" loading=\"lazy\" \/>            <\/p>\n<p>\n            Porot eiv\u00e4t olleet kuvaustuulella J\u00e4nk\u00e4 Resortissa.<br \/>\n            Timo Korhonen\n        <\/p>\n<p>Porot tekiv\u00e4t kylm\u00e4t<\/p>\n<p class=\"article-content article-content-width !bg-background\">Sampo kierr\u00e4tti Seiskan reportteria ja kuvaajaa ymp\u00e4ri J\u00e4nk\u00e4 Resortia. Py\u00f6r\u00e4hdimme my\u00f6s poroaitauksessa, jossa koettiin yll\u00e4tt\u00e4v\u00e4 tilanne.<\/p>\n<p>        <a itemprop=\"url\" href=\"https:\/\/www.seiska.fi\/kotimaa\/sampo-kaulanen-esittelee-okylomakeskustaan-luksusvessanpontto-singaporesta\/2005459\" rel=\"nofollow noopener\" target=\"_blank\"><\/p>\n<p>\nHulppea wc-p\u00f6ntt\u00f6 Singaporesta!\n<\/p>\n<p class=\"section-date\">\n        <strong class=\"article-section\" data-section=\"kotimaa\"><br \/>\n            kotimaa<br \/>\n        <\/strong><br \/>\n        27.11. 15:26\n    <\/p>\n<p>Sampo Kaulanen esittelee \u00f6kylomakeskustaan \u2013 luksusvessanp\u00f6ntt\u00f6 Singaporesta\n    <\/p>\n<p itemprop=\"description\" class=\"subtitle \">\n    Seiska p\u00e4\u00e4si kurkistamaan, milt\u00e4 Yll\u00e4ksen miljoonaprojekti n\u00e4ytt\u00e4\u00e4.\n<\/p>\n<p>        <\/a><\/p>\n<p class=\"article-content article-content-width !bg-background\">Tarkoituksena oli ottaa Samposta pari leppoisaa kuvaa yhdess\u00e4 porojen kanssa. K\u00e4vi kuitenkin niin, ett\u00e4 sarvip\u00e4\u00e4t ottivat oitis jalat alleen.<\/p>\n<p class=\"article-content article-content-width !bg-background\">Eik\u00e4 auttanut, vaikka Sampo yritti hiipi\u00e4 hipihiljaa porojen luo. Lapin jylh\u00e4t asukit \u00e4kk\u00e4siv\u00e4t miljoonamiehen ja l\u00e4htiv\u00e4t pikavauhtia lipettiin.<\/p>\n<p>                <img decoding=\"async\" src=\"https:\/\/www.europesays.com\/fi\/wp-content\/uploads\/2025\/12\/2008360.webp\" width=\"576\" height=\"720\" alt=\"Huvittunut Sampo j\u00e4i istumaan sy\u00f6tt\u00f6kaukalon reunalle, kun porot karkasivat h\u00e4nelt\u00e4.\" loading=\"lazy\" \/>            <\/p>\n<p>\n            Huvittunut Sampo j\u00e4i istumaan sy\u00f6tt\u00f6kaukalon reunalle, kun porot karkasivat h\u00e4nelt\u00e4.<br \/>\n            Timo Korhonen\n        <\/p>\n<p>Minttu yll\u00e4ttyi t\u00e4ysin<\/p>\n<p class=\"article-content article-content-width !bg-background\">Sampoa porojen temppu vain nauratti, ja my\u00f6s Mintulla oli hymy herk\u00e4ss\u00e4 tapaus kuullessaan.<\/p>\n<p class=\"article-content article-content-width !bg-background\">\u2013 T\u00e4\u00e4 on uutta tietoa mulle. Siis ne porot l\u00e4hti Sampolta karkuun?<\/p>\n<p>        <a itemprop=\"url\" href=\"https:\/\/www.seiska.fi\/kotimaa\/valikohtaus-yllaksella-sampo-ja-minttu-kaulanen-vuodattivat-kyyneleita\/2006301\" rel=\"nofollow noopener\" target=\"_blank\"><\/p>\n<p>\nSampo ja Minttu Kaulanen\n<\/p>\n<p class=\"section-date\">\n        <strong class=\"article-section\" data-section=\"kotimaa\"><br \/>\n            kotimaa<br \/>\n        <\/strong><br \/>\n        28.11. 18:00\n    <\/p>\n<p>V\u00e4likohtaus Yll\u00e4ksell\u00e4! Sampo ja Minttu Kaulanen vuodattivat kyyneleit\u00e4\n    <\/p>\n<p itemprop=\"description\" class=\"subtitle \">\n    J\u00e4nk\u00e4 Resortin avajaisissa koettiin tunteellisia hetki\u00e4.\n<\/p>\n<p>        <\/a><\/p>\n<p class=\"article-content article-content-width !bg-background\">\u2013 Okei. Nyt on pakko sanoa, ett\u00e4 m\u00e4 teen kyll\u00e4 siin\u00e4 suhteessa parempaa duunia porojen kanssa, Minttu murjaisee myh\u00e4illen.<\/p>\n<p>J\u00e4\u00e4t\u00e4v\u00e4 piikki aviomiehelle<\/p>\n<p class=\"article-content article-content-width !bg-background\">Aikoinaan USA:sta Suomeen muuttanut Minttu ei malttanut olla mainitsematta, ett\u00e4 h\u00e4nelt\u00e4 porojen taltutus k\u00e4y k\u00e4den k\u00e4\u00e4nteess\u00e4.<\/p>\n<p class=\"article-content article-content-width !bg-background\">\u2013 Sampolta kannattaa kys\u00e4ist\u00e4, onko h\u00e4n koskaan saanut suopungilla kiinni poroa? Koska h\u00e4nen Los Angelesista kotoisin oleva vaimonsa on nimitt\u00e4in saanut!<\/p>\n<p>        <a itemprop=\"url\" href=\"https:\/\/www.seiska.fi\/kotimaa\/jestas-sampo-kaulanen-ei-saa-silmiaan-irti-mintusta-han-on-aina-hanuri-pitkalla\/2005906\" rel=\"nofollow noopener\" target=\"_blank\"><\/p>\n<p>\nSampo perustelee peppukuvia\n<\/p>\n<p class=\"section-date\">\n        <strong class=\"article-section\" data-section=\"kotimaa\"><br \/>\n            kotimaa<br \/>\n        <\/strong><br \/>\n        30.11. 20:00\n    <\/p>\n<p>Jestas! Sampo Kaulanen ei saa silmi\u00e4\u00e4n irti Mintusta \u2013 \u201cH\u00e4n on aina hanuri pitk\u00e4ll\u00e4\u201d\n    <\/p>\n<p itemprop=\"description\" class=\"subtitle \">\n    Sampo selitt\u00e4\u00e4 Seiskalle, miksi ottaa pyllykuvia vaimostaan.\n<\/p>\n<p>        <\/a><\/p>\n<p class=\"article-content article-content-width !bg-background\">Suopunki on poronhoidossa porojen kiinniottoon k\u00e4ytetty heittopaula, tiukkaa tekoa oleva naru.<\/p>\n<p class=\"article-content article-content-width !bg-background\">\u2013 Ett\u00e4 jos Sampo ei ole lappilaisena saanut suopungilla poroa kiinni, niin minusta se on kyll\u00e4 hivenen huolestuttavaa, Minttu hymyili.<\/p>\n<p>                <img decoding=\"async\" src=\"https:\/\/www.europesays.com\/fi\/wp-content\/uploads\/2025\/12\/2008369.webp\" width=\"576\" height=\"615\" alt=\"Minttu eli Michele Murphy-Kaulanen sivalsi hyv\u00e4ntahtoisesti aviomiest\u00e4\u00e4n Sampo Kaulasta.\" loading=\"lazy\" \/>            <\/p>\n<p>\n            Minttu eli Michele Murphy-Kaulanen sivalsi hyv\u00e4ntahtoisesti aviomiest\u00e4\u00e4n Sampo Kaulasta.<br \/>\n            Timo Korhonen\n        <\/p>\n","protected":false},"excerpt":{"rendered":"Timo Korhonen &amp; Adobe Stock \u2013 T\u00e4\u00e4 on uutta tietoa mulle, Minttu ihmettelee Seiskan reportterille. ja eiv\u00e4t ole&hellip;\n","protected":false},"author":2,"featured_media":107258,"comment_status":"","ping_status":"","sticky":false,"template":"","format":"standard","meta":{"footnotes":""},"categories":[130],"tags":[137,33,31,30,19432,20165,4632,20167,20166,2922,32,109],"class_list":{"0":"post-107257","1":"post","2":"type-post","3":"status-publish","4":"format-standard","5":"has-post-thumbnail","7":"category-viihde","8":"tag-entertainment","9":"tag-fi","10":"tag-finland","11":"tag-finnish","12":"tag-janka-resort","13":"tag-jounin-kauppa","14":"tag-lemmikit","15":"tag-minttu-kaulanen","16":"tag-poroaitaus","17":"tag-sampo-kaulanen","18":"tag-suomi","19":"tag-viihde"},"share_on_mastodon":{"url":"https:\/\/pubeurope.com\/@fi\/115659827385044281","error":""},"_links":{"self":[{"href":"https:\/\/www.europesays.com\/fi\/wp-json\/wp\/v2\/posts\/107257","targetHints":{"allow":["GET"]}}],"collection":[{"href":"https:\/\/www.europesays.com\/fi\/wp-json\/wp\/v2\/posts"}],"about":[{"href":"https:\/\/www.europesays.com\/fi\/wp-json\/wp\/v2\/types\/post"}],"author":[{"embeddable":true,"href":"https:\/\/www.europesays.com\/fi\/wp-json\/wp\/v2\/users\/2"}],"replies":[{"embeddable":true,"href":"https:\/\/www.europesays.com\/fi\/wp-json\/wp\/v2\/comments?post=107257"}],"version-history":[{"count":0,"href":"https:\/\/www.europesays.com\/fi\/wp-json\/wp\/v2\/posts\/107257\/revisions"}],"wp:featuredmedia":[{"embeddable":true,"href":"https:\/\/www.europesays.com\/fi\/wp-json\/wp\/v2\/media\/107258"}],"wp:attachment":[{"href":"https:\/\/www.europesays.com\/fi\/wp-json\/wp\/v2\/media?parent=107257"}],"wp:term":[{"taxonomy":"category","embeddable":true,"href":"https:\/\/www.europesays.com\/fi\/wp-json\/wp\/v2\/categories?post=107257"},{"taxonomy":"post_tag","embeddable":true,"href":"https:\/\/www.europesays.com\/fi\/wp-json\/wp\/v2\/tags?post=107257"}],"curies":[{"name":"wp","href":"https:\/\/api.w.org\/{rel}","templated":true}]}}