{"id":107267,"date":"2025-12-04T06:31:07","date_gmt":"2025-12-04T06:31:07","guid":{"rendered":"https:\/\/www.europesays.com\/fi\/107267\/"},"modified":"2025-12-04T06:31:07","modified_gmt":"2025-12-04T06:31:07","slug":"naita-julkisuuden-henkiloita-suomalaiset-googlasivat-eniten-tana-vuonna","status":"publish","type":"post","link":"https:\/\/www.europesays.com\/fi\/107267\/","title":{"rendered":"N\u00e4it\u00e4 julkisuuden henkil\u00f6it\u00e4 suomalaiset googlasivat eniten t\u00e4n\u00e4 vuonna"},"content":{"rendered":"<p><strong class=\"typography-bold\">Viime vuonna suomalaiset googlasivat ahkerasti kotimaisista nimist\u00e4 KAJ-yhtyett\u00e4 sek\u00e4 ulkomaisista nimist\u00e4 sarjamurhaaja Ed Geini\u00e4 sek\u00e4 salamurhattua oikeistoaktivisti Charlie Kirki\u00e4.<\/strong><\/p>\n<p>Google julkaisi listan Suomessa eniten trendaavista hakusanoista vuonna 2025.\u00a0<\/p>\n<p>Kulttuurin ja viihteen puolella kotimaiset nimet, kuten erityisesti Ruotsia Euroviisuissa edustanut <a class=\"underline\" data-testid=\"internal-link\" role=\"link\" data-sentry-element=\"Link\" data-sentry-component=\"InternalLink\" data-sentry-source-file=\"InternalLink.tsx\" href=\"https:\/\/www.mtvuutiset.fi\/aihe\/kaj\/9114178\" rel=\"nofollow noopener\" target=\"_blank\">KAJ<\/a> korostuu suomalaisten tekemiss\u00e4 hauissa. My\u00f6s <a class=\"underline\" data-testid=\"internal-link\" role=\"link\" data-sentry-element=\"Link\" data-sentry-component=\"InternalLink\" data-sentry-source-file=\"InternalLink.tsx\" href=\"https:\/\/www.mtvuutiset.fi\/aihe\/ultra-bra\/7038002\" rel=\"nofollow noopener\" target=\"_blank\">Ultra Bra<\/a>, <a class=\"underline\" data-testid=\"internal-link\" role=\"link\" data-sentry-element=\"Link\" data-sentry-component=\"InternalLink\" data-sentry-source-file=\"InternalLink.tsx\" href=\"https:\/\/www.mtvuutiset.fi\/aihe\/pelle-miljoona\/8741926\" rel=\"nofollow noopener\" target=\"_blank\">Pelle Miljoona<\/a> ja <a class=\"underline\" data-testid=\"internal-link\" role=\"link\" data-sentry-element=\"Link\" data-sentry-component=\"InternalLink\" data-sentry-source-file=\"InternalLink.tsx\" href=\"https:\/\/www.mtvuutiset.fi\/aihe\/jonna-tervomaa\/2839120\" rel=\"nofollow noopener\" target=\"_blank\"><strong class=\"typography-bold\">Jonna Tervomaa<\/strong><\/a> nousivat hakuihin, kun musiikillinen nostalgia ja viraali-ilmi\u00f6t kohtasivat.\u00a0<\/p>\n<p>Suomalaiset googlasivat eniten ulkomaisista nimist\u00e4 salamurhattua oikeistoaktivistia <a class=\"underline\" data-testid=\"internal-link\" role=\"link\" data-sentry-element=\"Link\" data-sentry-component=\"InternalLink\" data-sentry-source-file=\"InternalLink.tsx\" href=\"https:\/\/www.mtvuutiset.fi\/aihe\/charlie-kirk\/9221622\" rel=\"nofollow noopener\" target=\"_blank\"><strong class=\"typography-bold\">Charlie Kirki\u00e4<\/strong><\/a> sek\u00e4 sarjamurhaaja<strong class=\"typography-bold\"> Ed Geini\u00e4<\/strong>.\u00a0<\/p>\n<p>Lue lis\u00e4\u00e4: <a class=\"underline\" data-testid=\"internal-link\" role=\"link\" data-sentry-element=\"Link\" data-sentry-component=\"InternalLink\" data-sentry-source-file=\"InternalLink.tsx\" href=\"https:\/\/www.mtvuutiset.fi\/artikkeli\/kuka-oli-charlie-kirk-trumpin-suosikille-harvinaisen-laaja-suruliputus\/9220234\" rel=\"nofollow noopener\" target=\"_blank\">Kuka oli Charlie Kirk? Trumpin suosikille harvinaisen laaja suruliputus<\/a><\/p>\n","protected":false},"excerpt":{"rendered":"Viime vuonna suomalaiset googlasivat ahkerasti kotimaisista nimist\u00e4 KAJ-yhtyett\u00e4 sek\u00e4 ulkomaisista nimist\u00e4 sarjamurhaaja Ed Geini\u00e4 sek\u00e4 salamurhattua oikeistoaktivisti Charlie&hellip;\n","protected":false},"author":2,"featured_media":26826,"comment_status":"","ping_status":"","sticky":false,"template":"","format":"standard","meta":{"footnotes":""},"categories":[136],"tags":[407,137,33,31,30,408,32,109],"class_list":{"0":"post-107267","1":"post","2":"type-post","3":"status-publish","4":"format-standard","5":"has-post-thumbnail","7":"category-julkkikset","8":"tag-celebrities","9":"tag-entertainment","10":"tag-fi","11":"tag-finland","12":"tag-finnish","13":"tag-julkkikset","14":"tag-suomi","15":"tag-viihde"},"share_on_mastodon":{"url":"https:\/\/pubeurope.com\/@fi\/115659897786249983","error":""},"_links":{"self":[{"href":"https:\/\/www.europesays.com\/fi\/wp-json\/wp\/v2\/posts\/107267","targetHints":{"allow":["GET"]}}],"collection":[{"href":"https:\/\/www.europesays.com\/fi\/wp-json\/wp\/v2\/posts"}],"about":[{"href":"https:\/\/www.europesays.com\/fi\/wp-json\/wp\/v2\/types\/post"}],"author":[{"embeddable":true,"href":"https:\/\/www.europesays.com\/fi\/wp-json\/wp\/v2\/users\/2"}],"replies":[{"embeddable":true,"href":"https:\/\/www.europesays.com\/fi\/wp-json\/wp\/v2\/comments?post=107267"}],"version-history":[{"count":0,"href":"https:\/\/www.europesays.com\/fi\/wp-json\/wp\/v2\/posts\/107267\/revisions"}],"wp:featuredmedia":[{"embeddable":true,"href":"https:\/\/www.europesays.com\/fi\/wp-json\/wp\/v2\/media\/26826"}],"wp:attachment":[{"href":"https:\/\/www.europesays.com\/fi\/wp-json\/wp\/v2\/media?parent=107267"}],"wp:term":[{"taxonomy":"category","embeddable":true,"href":"https:\/\/www.europesays.com\/fi\/wp-json\/wp\/v2\/categories?post=107267"},{"taxonomy":"post_tag","embeddable":true,"href":"https:\/\/www.europesays.com\/fi\/wp-json\/wp\/v2\/tags?post=107267"}],"curies":[{"name":"wp","href":"https:\/\/api.w.org\/{rel}","templated":true}]}}