{"id":107268,"date":"2025-12-04T06:32:09","date_gmt":"2025-12-04T06:32:09","guid":{"rendered":"https:\/\/www.europesays.com\/fi\/107268\/"},"modified":"2025-12-04T06:32:09","modified_gmt":"2025-12-04T06:32:09","slug":"helene-schjerfbeckilla-historiallinen-nayttely-usassa","status":"publish","type":"post","link":"https:\/\/www.europesays.com\/fi\/107268\/","title":{"rendered":"Helene Schjerfbeckill\u00e4 historiallinen n\u00e4yttely USA:ssa"},"content":{"rendered":"<p><strong class=\"typography-bold\">New Yorkissa tehd\u00e4\u00e4n t\u00e4ll\u00e4 viikolla suomalaisen taiteen historiaa, kun maailman arvostetuimpiin lukeutuva Met-museo avaa ovensa ensimm\u00e4ist\u00e4 kertaa suomalaisen omalle n\u00e4yttelylle. Helene Schjerfbeckin n\u00e4yttely esittelee l\u00e4hes 60 teosta.<\/strong><\/p>\n<p>Moni suomalainenkin on vieraillut New Yorkin matkallaan maailmankuulussa Metropolitan Museum of Art -museossa Metiss\u00e4. T\u00e4ll\u00e4 viikolla Yhdysvaltain suosituimman taidemuseon julkisivu sai vahvan suomalaisilmeen, kun kuva suurennetusta taidemaalari <strong class=\"typography-bold\">Helene Schjerfbeckin<\/strong> omakuvasta nousi p\u00e4\u00e4ovien edustalle.<\/p>\n<p>Schjerfbeck on Pohjoismaissa arvostettu, mutta kansainv\u00e4lisesti v\u00e4hemm\u00e4n tunnettu. Seeing Silence -n\u00e4yttely kokoaa yhteen l\u00e4hes 60 maalausta 1800-luvun lopulta 1900-luvun puoliv\u00e4liin. The Metin Robert Lehman -kokoelman kuraattorin, <strong class=\"typography-bold\">Dita Amoryn<\/strong>, mukaan oli korkea aika saada Schjerfbeck Yhdysvaltoihin.<\/p>\n<p>\u2013 Useimmat k\u00e4vij\u00f6ist\u00e4mme eiv\u00e4t viel\u00e4 tunne h\u00e4nt\u00e4. Olemme valinneet n\u00e4yttelyyn otteita h\u00e4nen uransa eri vaiheista, jotka n\u00e4ytt\u00e4v\u00e4t h\u00e4nen siirtym\u00e4ns\u00e4 maalauskieless\u00e4, Amory kertoo MTV Uutisille.<\/p>\n<p>Amory matkusti Suomeen eri paikkakunnille tutustumaan taiteilijan ty\u00f6h\u00f6n ja kulttuuriin. Matkan aikana valittiin n\u00e4yttelyn teokset ja erityisen vaikuttunut Amory oli 1900-luvun alun maalauksesta, Tyt\u00f6t lukemassa (Girls reading).<\/p>\n<p>\u00a0Maalaus kuvaa kahta vierekk\u00e4in istuvaa tytt\u00f6\u00e4, jotka ovat uppoutuneet samaan kirjaan. Hillitty v\u00e4ripaletti korostaa rauhallista ja Schjerfbeckin herkemp\u00e4\u00e4 modernistista ilmaisua.<\/p>\n<p>\u2013 Tunnen vahvaa vetoa t\u00e4h\u00e4n maalaukseen, mutta my\u00f6s moniin muihin teoksiin. Olemme antaneet n\u00e4yttelylle alaotsikon \u2018hiljaisuuden n\u00e4keminen\u2019, ja juuri n\u00e4iss\u00e4 maalauksissa min\u00e4 n\u00e4en hiljaisuuden: niiss\u00e4 on hyvin rauhallinen ja itseens\u00e4 katsova ominaislaatu, Amory sanoo.<\/p>\n","protected":false},"excerpt":{"rendered":"New Yorkissa tehd\u00e4\u00e4n t\u00e4ll\u00e4 viikolla suomalaisen taiteen historiaa, kun maailman arvostetuimpiin lukeutuva Met-museo avaa ovensa ensimm\u00e4ist\u00e4 kertaa suomalaisen&hellip;\n","protected":false},"author":2,"featured_media":107269,"comment_status":"","ping_status":"","sticky":false,"template":"","format":"standard","meta":{"footnotes":""},"categories":[135],"tags":[389,387,388,390,137,33,31,30,32,394,393,391,392,109],"class_list":{"0":"post-107268","1":"post","2":"type-post","3":"status-publish","4":"format-standard","5":"has-post-thumbnail","7":"category-taiteet-ja-suunnittelu","8":"tag-arts","9":"tag-arts-and-design","10":"tag-artsanddesign","11":"tag-design","12":"tag-entertainment","13":"tag-fi","14":"tag-finland","15":"tag-finnish","16":"tag-suomi","17":"tag-suunnittelu","18":"tag-taiteet","19":"tag-taiteet-ja-suunnittelu","20":"tag-taiteetsuunnittelu","21":"tag-viihde"},"share_on_mastodon":{"url":"https:\/\/pubeurope.com\/@fi\/115659901694103193","error":""},"_links":{"self":[{"href":"https:\/\/www.europesays.com\/fi\/wp-json\/wp\/v2\/posts\/107268","targetHints":{"allow":["GET"]}}],"collection":[{"href":"https:\/\/www.europesays.com\/fi\/wp-json\/wp\/v2\/posts"}],"about":[{"href":"https:\/\/www.europesays.com\/fi\/wp-json\/wp\/v2\/types\/post"}],"author":[{"embeddable":true,"href":"https:\/\/www.europesays.com\/fi\/wp-json\/wp\/v2\/users\/2"}],"replies":[{"embeddable":true,"href":"https:\/\/www.europesays.com\/fi\/wp-json\/wp\/v2\/comments?post=107268"}],"version-history":[{"count":0,"href":"https:\/\/www.europesays.com\/fi\/wp-json\/wp\/v2\/posts\/107268\/revisions"}],"wp:featuredmedia":[{"embeddable":true,"href":"https:\/\/www.europesays.com\/fi\/wp-json\/wp\/v2\/media\/107269"}],"wp:attachment":[{"href":"https:\/\/www.europesays.com\/fi\/wp-json\/wp\/v2\/media?parent=107268"}],"wp:term":[{"taxonomy":"category","embeddable":true,"href":"https:\/\/www.europesays.com\/fi\/wp-json\/wp\/v2\/categories?post=107268"},{"taxonomy":"post_tag","embeddable":true,"href":"https:\/\/www.europesays.com\/fi\/wp-json\/wp\/v2\/tags?post=107268"}],"curies":[{"name":"wp","href":"https:\/\/api.w.org\/{rel}","templated":true}]}}