{"id":107278,"date":"2025-12-04T06:43:09","date_gmt":"2025-12-04T06:43:09","guid":{"rendered":"https:\/\/www.europesays.com\/fi\/107278\/"},"modified":"2025-12-04T06:43:09","modified_gmt":"2025-12-04T06:43:09","slug":"putin-vierailee-intiassa-mtv-uutiset","status":"publish","type":"post","link":"https:\/\/www.europesays.com\/fi\/107278\/","title":{"rendered":"Putin vierailee Intiassa | MTV Uutiset"},"content":{"rendered":"<p><strong class=\"typography-bold\">Bloombergin mukaan asialistalla on todenn\u00e4k\u00f6isesti Intian suunnitelma hankkia Ven\u00e4j\u00e4lt\u00e4 h\u00e4vitt\u00e4ji\u00e4 ja ohjuspuolustusj\u00e4rjestelm\u00e4.<\/strong><\/p>\n<p>Ven\u00e4j\u00e4n presidentti <strong class=\"typography-bold\">Vladimir Putin<\/strong> aloittaa t\u00e4n\u00e4\u00e4n kaksip\u00e4iv\u00e4isen vierailunsa Intiassa p\u00e4\u00e4ministeri <strong class=\"typography-bold\">Narendra Modin<\/strong> kutsumana.<\/p>\n<p>Kreml tiedotti ennen vierailua, ett\u00e4 Putinin ja Modin on m\u00e4\u00e4r\u00e4 allekirjoittaa kauppasopimuksia ja keskustella Ven\u00e4j\u00e4n ja Intian suhteiden &#8221;kaikista kysymyksist\u00e4&#8221;. Lis\u00e4ksi johtajien odotetaan k\u00e4sittelev\u00e4n alueellisia ja kansainv\u00e4lisi\u00e4 asioita.<\/p>\n<p>Intia kuuluu maailman suurimpiin \u00f6ljyntuojiin. Yli 85 prosenttia maan k\u00e4ytt\u00e4m\u00e4st\u00e4 \u00f6ljyst\u00e4 tuodaan ulkomailta.\u00a0<\/p>\n<p>Aikaisemmin \u00f6ljy\u00e4 tuotiin p\u00e4\u00e4asiassa L\u00e4hi-id\u00e4st\u00e4, mutta vuodesta 2022 Intia on k\u00e4ytt\u00e4nyt hyv\u00e4ksi l\u00e4nsimaiden pakotteita ja ostanut Ven\u00e4j\u00e4lt\u00e4 \u00f6ljy\u00e4 huomattavasti markkinahintoja halvemmalla.<\/p>\n<p>Yhdysvallat asetti Intialle elokuussa lis\u00e4tulleja, koska Intia ostaa \u00f6ljy\u00e4 Ven\u00e4j\u00e4lt\u00e4.\u00a0<\/p>\n<p>Presidentti <strong class=\"typography-bold\">Donald Trump<\/strong> kirjoitti elokuussa ennen lis\u00e4tullien asettamista omistamassaan Truth Social -palvelussa, ettei Intiassa piitata kuinka paljon ihmisi\u00e4 Ukrainassa kuolee ven\u00e4l\u00e4isen sotakoneiston toimesta. Siksi Intian Yhdysvalloille maksamia tulleja oli Trumpin mukaan korotettava.<\/p>\n<p><strong class=\"typography-bold\">Bloomberg: Asialistalla mahdollisesti asehankinnat<\/strong><\/p>\n<p>Uutistoimisto Bloomberg uutisoi ennen vierailua, ett\u00e4 Putin ja Modi tulevat todenn\u00e4k\u00f6isesti keskustelemaan Intian suunnitelmista hankkia Ven\u00e4j\u00e4lt\u00e4 h\u00e4vitt\u00e4ji\u00e4 ja ohjuspuolustusj\u00e4rjestelm\u00e4. Bloombergin tiedot perustuvat asiaa tunteviin, nimett\u00f6miin l\u00e4hteisiin.<\/p>\n","protected":false},"excerpt":{"rendered":"Bloombergin mukaan asialistalla on todenn\u00e4k\u00f6isesti Intian suunnitelma hankkia Ven\u00e4j\u00e4lt\u00e4 h\u00e4vitt\u00e4ji\u00e4 ja ohjuspuolustusj\u00e4rjestelm\u00e4. Ven\u00e4j\u00e4n presidentti Vladimir Putin aloittaa t\u00e4n\u00e4\u00e4n&hellip;\n","protected":false},"author":2,"featured_media":107279,"comment_status":"","ping_status":"","sticky":false,"template":"","format":"standard","meta":{"footnotes":""},"categories":[14],"tags":[22,23,26,27,33,31,30,17,24,25,28,29,15,18,21,32,19,20,56,16,59,60,61],"class_list":{"0":"post-107278","1":"post","2":"type-post","3":"status-publish","4":"format-standard","5":"has-post-thumbnail","7":"category-ulkomaat","8":"tag-breaking-news","9":"tag-breakingnews","10":"tag-featured-news","11":"tag-featurednews","12":"tag-fi","13":"tag-finland","14":"tag-finnish","15":"tag-headlines","16":"tag-latest-news","17":"tag-latestnews","18":"tag-main-news","19":"tag-mainnews","20":"tag-news","21":"tag-otsikot","22":"tag-paauutiset","23":"tag-suomi","24":"tag-top-stories","25":"tag-topstories","26":"tag-ulkomaat","27":"tag-uutiset","28":"tag-world","29":"tag-world-news","30":"tag-worldnews"},"share_on_mastodon":{"url":"https:\/\/pubeurope.com\/@fi\/115659945124504624","error":""},"_links":{"self":[{"href":"https:\/\/www.europesays.com\/fi\/wp-json\/wp\/v2\/posts\/107278","targetHints":{"allow":["GET"]}}],"collection":[{"href":"https:\/\/www.europesays.com\/fi\/wp-json\/wp\/v2\/posts"}],"about":[{"href":"https:\/\/www.europesays.com\/fi\/wp-json\/wp\/v2\/types\/post"}],"author":[{"embeddable":true,"href":"https:\/\/www.europesays.com\/fi\/wp-json\/wp\/v2\/users\/2"}],"replies":[{"embeddable":true,"href":"https:\/\/www.europesays.com\/fi\/wp-json\/wp\/v2\/comments?post=107278"}],"version-history":[{"count":0,"href":"https:\/\/www.europesays.com\/fi\/wp-json\/wp\/v2\/posts\/107278\/revisions"}],"wp:featuredmedia":[{"embeddable":true,"href":"https:\/\/www.europesays.com\/fi\/wp-json\/wp\/v2\/media\/107279"}],"wp:attachment":[{"href":"https:\/\/www.europesays.com\/fi\/wp-json\/wp\/v2\/media?parent=107278"}],"wp:term":[{"taxonomy":"category","embeddable":true,"href":"https:\/\/www.europesays.com\/fi\/wp-json\/wp\/v2\/categories?post=107278"},{"taxonomy":"post_tag","embeddable":true,"href":"https:\/\/www.europesays.com\/fi\/wp-json\/wp\/v2\/tags?post=107278"}],"curies":[{"name":"wp","href":"https:\/\/api.w.org\/{rel}","templated":true}]}}