{"id":107298,"date":"2025-12-04T07:11:09","date_gmt":"2025-12-04T07:11:09","guid":{"rendered":"https:\/\/www.europesays.com\/fi\/107298\/"},"modified":"2025-12-04T07:11:09","modified_gmt":"2025-12-04T07:11:09","slug":"yli-85-vuotta-fazer-piti-sailon-suljettuna-nyt-sisalto-aukeaa-kaikille","status":"publish","type":"post","link":"https:\/\/www.europesays.com\/fi\/107298\/","title":{"rendered":"Yli 85 vuotta Fazer piti s\u00e4il\u00f6n suljettuna \u2013 Nyt sis\u00e4lt\u00f6 aukeaa kaikille"},"content":{"rendered":"<p>Elintarvikealan yritys Fazer julkaisee ensimm\u00e4ist\u00e4 kertaa kulttuurihistoriallisesti arvokkaat kirjeet digitaalisessa muodossa.<\/p>\n<p><img decoding=\"async\" class=\"image image-show image-preview\" src=\"https:\/\/www.europesays.com\/fi\/wp-content\/uploads\/2025\/12\/907e0b87c06f89d640a86644ce8f0913760622f26efa7d62a9968ede584ef6ff.jpg\" alt=\"\"\/><img decoding=\"async\" class=\"image image-show\" src=\"https:\/\/www.europesays.com\/fi\/wp-content\/uploads\/2025\/12\/1764832269_285_907e0b87c06f89d640a86644ce8f0913760622f26efa7d62a9968ede584ef6ff.jpg\" alt=\"\"\/><\/p>\n<p>Fazer tiedet\u00e4\u00e4n muun muassa suklaistaan. Antti Mannermaa<\/p>\n<p class=\"paragraph\">Erityisesti makeisistaan tunnettu Fazer tiedottaa tekev\u00e4ns\u00e4 historiallisen p\u00e4\u00e4t\u00f6ksen itsen\u00e4isyysp\u00e4iv\u00e4n alla.<\/p>\n<p class=\"paragraph\">Yhti\u00f6 julkaisee verkkosivuillaan kokoelman sota-ajalta s\u00e4ilynytt\u00e4 kentt\u00e4postia. Vuosina 1939\u20131945 suomalaisten sotilaiden ja lottien rintamalta l\u00e4hett\u00e4m\u00e4t kirjeet ovat olleet yhti\u00f6n arkistossa jo yli 85 vuotta.<\/p>\n<p class=\"paragraph\">Sotavuosien aikana kentt\u00e4postin kautta kulki yli miljardi kirjett\u00e4, korttia tai pakettia.<\/p>\n<p class=\"paragraph\">\u2013 Kirjeenvaihto oli elint\u00e4rke\u00e4 selviytymiskeino, joka piti yll\u00e4 sotilaiden ja kotiv\u00e4en henke\u00e4 sek\u00e4 toi toivoa ankariin sotavuosiin, Tammenlehv\u00e4n Perinneliiton toiminnanjohtaja <strong>Sakari Martimo<\/strong> sanoo Fazerin tiedotteessa.<\/p>\n<p class=\"paragraph\">Martimon mukaan s\u00e4ilynyt kentt\u00e4posti on kulttuurihistoriallisesti arvokasta veteraaniperinnett\u00e4.<\/p>\n<p class=\"paragraph\">\u2013 Kirjeet tarjoavat tutkijoille ja perheille arvokasta tietoa sodan ajan sosiaalisista suhteista, perhehistoriasta, sotakokemuksista sek\u00e4 suomalaisten selviytymisen tarinasta, Martimo sanoo.<\/p>\n<p>Fazerin saamia kirjeit\u00e4 sotarintamalta. Fazer<\/p>\n<p class=\"paragraph\">Fazer Makeisten viestint\u00e4johtaja <strong>Liisa Eerola<\/strong> sanoo, ett\u00e4 Fazer sai sota-aikana rintamalta satoja kirjeit\u00e4. Niiss\u00e4 kiitettiin muun muassa saaduista l\u00e4hetyksist\u00e4 ja toivottiin tuotteita tuomaan taistelutahtoa ja helpottamaan koti-ik\u00e4v\u00e4\u00e4.<\/p>\n<p class=\"paragraph\">\u2013 Vaativista olosuhteista huolimatta kirjeist\u00e4 v\u00e4littyy huumori, Fazer Makeisten viestint\u00e4johtaja Liisa Eerola kertoo tiedotteessa.<\/p>\n<p class=\"paragraph\">103-vuotias <strong>Helka Visuri<\/strong> toimi viestilottana 17-vuotiaasta alkaen. Fazerin tiedotteessa h\u00e4n muistelee, ett\u00e4 erityisesti sotajoulujen alla rintamalle l\u00e4hetett\u00e4viin paketteihin k\u00e4\u00e4rittiin kirjoja, karamelleja, leivonnaisia, s\u00e4ilykkeit\u00e4 ja k\u00e4sit\u00f6it\u00e4.<\/p>\n<p class=\"paragraph\">\u2013 Me lotat ja pikkulotat kirjoitimme ja l\u00e4hetimme paketteja my\u00f6s tuntemattomille sotilaille, jotta hekin, joille ei kukaan kirjoittanut, saivat postia, Visuri sanoo tiedotteessa.<\/p>\n","protected":false},"excerpt":{"rendered":"Elintarvikealan yritys Fazer julkaisee ensimm\u00e4ist\u00e4 kertaa kulttuurihistoriallisesti arvokkaat kirjeet digitaalisessa muodossa. Fazer tiedet\u00e4\u00e4n muun muassa suklaistaan. Antti Mannermaa&hellip;\n","protected":false},"author":2,"featured_media":107299,"comment_status":"","ping_status":"","sticky":false,"template":"","format":"standard","meta":{"footnotes":""},"categories":[5],"tags":[35,802,804,22,23,26,27,33,31,30,17,24,25,803,28,29,15,18,21,900,6241,32,19,20,16],"class_list":{"0":"post-107298","1":"post","2":"type-post","3":"status-publish","4":"format-standard","5":"has-post-thumbnail","7":"category-otsikot","8":"tag-24h","9":"tag-armeijat-ja-aseelliset-joukot","10":"tag-aseelliset-konfliktit","11":"tag-breaking-news","12":"tag-breakingnews","13":"tag-featured-news","14":"tag-featurednews","15":"tag-fi","16":"tag-finland","17":"tag-finnish","18":"tag-headlines","19":"tag-latest-news","20":"tag-latestnews","21":"tag-levottomuudet-ja-sodat","22":"tag-main-news","23":"tag-mainnews","24":"tag-news","25":"tag-otsikot","26":"tag-paauutiset","27":"tag-ruoka","28":"tag-sotilaat","29":"tag-suomi","30":"tag-top-stories","31":"tag-topstories","32":"tag-uutiset"},"share_on_mastodon":{"url":"https:\/\/pubeurope.com\/@fi\/115660055102146907","error":""},"_links":{"self":[{"href":"https:\/\/www.europesays.com\/fi\/wp-json\/wp\/v2\/posts\/107298","targetHints":{"allow":["GET"]}}],"collection":[{"href":"https:\/\/www.europesays.com\/fi\/wp-json\/wp\/v2\/posts"}],"about":[{"href":"https:\/\/www.europesays.com\/fi\/wp-json\/wp\/v2\/types\/post"}],"author":[{"embeddable":true,"href":"https:\/\/www.europesays.com\/fi\/wp-json\/wp\/v2\/users\/2"}],"replies":[{"embeddable":true,"href":"https:\/\/www.europesays.com\/fi\/wp-json\/wp\/v2\/comments?post=107298"}],"version-history":[{"count":0,"href":"https:\/\/www.europesays.com\/fi\/wp-json\/wp\/v2\/posts\/107298\/revisions"}],"wp:featuredmedia":[{"embeddable":true,"href":"https:\/\/www.europesays.com\/fi\/wp-json\/wp\/v2\/media\/107299"}],"wp:attachment":[{"href":"https:\/\/www.europesays.com\/fi\/wp-json\/wp\/v2\/media?parent=107298"}],"wp:term":[{"taxonomy":"category","embeddable":true,"href":"https:\/\/www.europesays.com\/fi\/wp-json\/wp\/v2\/categories?post=107298"},{"taxonomy":"post_tag","embeddable":true,"href":"https:\/\/www.europesays.com\/fi\/wp-json\/wp\/v2\/tags?post=107298"}],"curies":[{"name":"wp","href":"https:\/\/api.w.org\/{rel}","templated":true}]}}