{"id":107304,"date":"2025-12-04T07:27:09","date_gmt":"2025-12-04T07:27:09","guid":{"rendered":"https:\/\/www.europesays.com\/fi\/107304\/"},"modified":"2025-12-04T07:27:09","modified_gmt":"2025-12-04T07:27:09","slug":"yle-paattaa-euroviisuihin-osallistumisesta-nailla-ehdoilla-israeliin-ei-oteta-kantaa-kulttuuri","status":"publish","type":"post","link":"https:\/\/www.europesays.com\/fi\/107304\/","title":{"rendered":"Yle p\u00e4\u00e4tt\u00e4\u00e4 Euroviisuihin osallistumisesta n\u00e4ill\u00e4 ehdoilla \u2013 Israeliin ei oteta kantaa | Kulttuuri"},"content":{"rendered":"<p class=\"aw-1gybjub aw-5vja16 kEtdKx kmuxyA yle__article__paragraph\">Yle kertoo ensi vuoden Euroviisuihin osallistumisesta EBUn torstaina j\u00e4rjestett\u00e4v\u00e4n kokouksen j\u00e4lkeen.<\/p>\n<p><img decoding=\"async\" alt=\"Erika Vikman Euroviisuissa kantamassa Suomen lippua.\" src=\"https:\/\/www.europesays.com\/fi\/wp-content\/uploads\/2025\/12\/39-1467010682822ddde3ac.jpeg\" class=\"aw-1l9m598 hKVVvP\"\/><\/p>\n<p>Avaa kuvien katselu<\/p>\n<p>Erika Vikman edusti Suomea Euroviisuissa toukokuussa Sveitsin Baselissa. Kuva: Georgios Kefalas \/ EPA<\/p>\n<p class=\"aw-1gybjub aw-1p7kakr kEtdKx cEmitX yle__article__paragraph\">Ylen johtoryhm\u00e4 on p\u00e4\u00e4tt\u00e4nyt ehdoista, joiden tulee t\u00e4ytty\u00e4, jotta Yle voi osallistua Euroviisuihin tulevina vuosina. Euroopan yleisradiounionin EBUn j\u00e4senet keskustelevat laulukilpailusta torstaina yleiskokouksessa Genevess\u00e4.<\/p>\n<p class=\"aw-1gybjub aw-1p7kakr kEtdKx cEmitX yle__article__paragraph\"><a class=\"aw-iao6s4 iHOxEa yle__article__link\" href=\"https:\/\/yle.fi\/a\/74-20195397\" role=\"link\" rel=\"nofollow noopener\" target=\"_blank\">EBU on esitt\u00e4nyt muutoksia kilpailun s\u00e4\u00e4nt\u00f6ihin<\/a>, joista on tarkoitus keskustella ja \u00e4\u00e4nest\u00e4\u00e4 my\u00f6hemmin torstaina. Yle kertoo osallistumisesta Euroviisuihin kokouksen j\u00e4lkeen.<\/p>\n<p class=\"aw-1gybjub aw-1p7kakr kEtdKx cEmitX yle__article__paragraph\">Ylen johtoryhm\u00e4n mielest\u00e4 EBUn on syyt\u00e4 toteuttaa esitt\u00e4m\u00e4ns\u00e4 muutokset. Ylelle on oleellista varmistaa, ettei \u00e4\u00e4nestyst\u00e4 voi manipuloida ja ett\u00e4 kilpailu vied\u00e4\u00e4n riippumattomasti l\u00e4pi.<\/p>\n<p class=\"aw-1gybjub aw-1p7kakr kEtdKx cEmitX yle__article__paragraph\">\u2013 Euroviisujen alkuper\u00e4inen tarkoitus on ollut luoda tila, jossa voimme kohdata toisemme erilaisuudesta ja eripuraisuudesta huolimatta. Jotta t\u00e4m\u00e4 onnistuisi my\u00f6s tulevaisuudessa, on unionin ja j\u00e4senyhti\u00f6iden varmistettava, ett\u00e4 kilpailua ei k\u00e4ytet\u00e4 poliittiseen vaikuttamiseen, toteaa Ylen toimitusjohtaja <strong class=\"aw-ak79eh KyCXm yle__article__strong\">Marit af Bj\u00f6rkesten<\/strong> <a class=\"aw-iao6s4 iHOxEa yle__article__link\" href=\"https:\/\/yle.fi\/aihe\/a\/20-10009145\" role=\"link\" rel=\"nofollow noopener\" target=\"_blank\">tiedotteessa<\/a>.<\/p>\n<p class=\"aw-1gybjub aw-1p7kakr kEtdKx cEmitX yle__article__paragraph\">S\u00e4\u00e4nt\u00f6muutosten lis\u00e4ksi Yle edellytt\u00e4\u00e4, ett\u00e4 Euroviisuihin osallistuvien yhti\u00f6iden m\u00e4\u00e4r\u00e4n tulee s\u00e4ily\u00e4 riitt\u00e4v\u00e4n laajana eik\u00e4 tapahtuman kustannustaso osallistuville yhti\u00f6ille saa kasvaa kohtuuttomasti. My\u00f6s osallistujien ja yleis\u00f6n turvallisuudesta on pystytt\u00e4v\u00e4 huolehtimaan. Israelin osallistumisesta Euroviisuihin Yle ei ota tiedotteessa kantaa.<\/p>\n<p>Ylen asettamat ehdot osallistumiselle Euroviisuihin<\/p>\n<ul class=\"aw-1jjocuh iJTSwP yle__article__list yle__article__list--ul\">\n<li class=\"aw-1j7gwms gNYKfi\">EBU toteuttaa esitt\u00e4m\u00e4ns\u00e4 muutokset s\u00e4\u00e4nt\u00f6ihin ja seuraa niiden noudattamista ja vaikuttavuutta.<\/li>\n<li class=\"aw-1j7gwms gNYKfi\">Osallistujien ja yleis\u00f6n turvallisuudesta pystyt\u00e4\u00e4n huolehtimaan.<\/li>\n<li class=\"aw-1j7gwms gNYKfi\">Euroviisuihin osallistuvien yhti\u00f6iden m\u00e4\u00e4r\u00e4 s\u00e4ilyy laajana, ja Euroviisut on tapahtuma, joka kokoaa kansainv\u00e4lisen yhteis\u00f6n yhteen kulttuurin pariin.<\/li>\n<li class=\"aw-1j7gwms gNYKfi\">Kustannustaso osallistuville yhti\u00f6ille ei kasva kohtuuttomasti.<\/li>\n<\/ul>\n<p>Israelin osallistuminen todenn\u00e4k\u00f6isesti esill\u00e4<\/p>\n<p class=\"aw-1gybjub aw-1p7kakr kEtdKx cEmitX yle__article__paragraph\">EBUn kokouksen asialistalla on n\u00e4ill\u00e4 n\u00e4kymin my\u00f6s Israelin osallistuminen Euroviisuihin. Asiasta piti \u00e4\u00e4nest\u00e4\u00e4 jo marraskuussa ylim\u00e4\u00e4r\u00e4isess\u00e4 kokouksessa, mutta<a class=\"aw-iao6s4 iHOxEa yle__article__link\" href=\"https:\/\/yle.fi\/a\/74-20188179\" role=\"link\" rel=\"nofollow noopener\" target=\"_blank\"> EBU perui sen<\/a> Israelin ja Hamasin v\u00e4lisen aselevon alettua.<\/p>\n<p class=\"aw-1gybjub aw-1p7kakr kEtdKx cEmitX yle__article__paragraph\">Viel\u00e4 ei tiedet\u00e4, p\u00e4\u00e4tet\u00e4\u00e4nk\u00f6 t\u00e4ss\u00e4 kokouksessa Israelin osallistumisesta laulukilpailuun.<\/p>\n<p class=\"aw-1gybjub aw-1p7kakr kEtdKx cEmitX yle__article__paragraph\">Osa maista on ilmoittanut, ett\u00e4 ne eiv\u00e4t aio osallistua Euroviisuihin, jos Israel on mukana. T\u00e4ll\u00e4 kannalla ovat olleet Slovenia, Espanja ja Irlanti. Virallisia poisj\u00e4\u00e4misilmotuksia ei ole kuitenkaan viel\u00e4 kerrottu.<\/p>\n<p class=\"aw-1gybjub aw-1p7kakr kEtdKx cEmitX yle__article__paragraph\">Euroviisut j\u00e4rjestet\u00e4\u00e4n ensi vuoden toukokuussa It\u00e4vallan Wieniss\u00e4.<\/p>\n","protected":false},"excerpt":{"rendered":"Yle kertoo ensi vuoden Euroviisuihin osallistumisesta EBUn torstaina j\u00e4rjestett\u00e4v\u00e4n kokouksen j\u00e4lkeen. Avaa kuvien katselu Erika Vikman edusti Suomea&hellip;\n","protected":false},"author":2,"featured_media":107305,"comment_status":"","ping_status":"","sticky":false,"template":"","format":"standard","meta":{"footnotes":""},"categories":[132],"tags":[137,9880,909,33,31,30,108,195,47,32,109,1149],"class_list":{"0":"post-107304","1":"post","2":"type-post","3":"status-publish","4":"format-standard","5":"has-post-thumbnail","7":"category-musiikki","8":"tag-entertainment","9":"tag-euroopan-yleisradiounioni-ebu","10":"tag-euroviisut","11":"tag-fi","12":"tag-finland","13":"tag-finnish","14":"tag-kulttuuri","15":"tag-music","16":"tag-musiikki","17":"tag-suomi","18":"tag-viihde","19":"tag-yle"},"share_on_mastodon":{"url":"https:\/\/pubeurope.com\/@fi\/115660118281778538","error":""},"_links":{"self":[{"href":"https:\/\/www.europesays.com\/fi\/wp-json\/wp\/v2\/posts\/107304","targetHints":{"allow":["GET"]}}],"collection":[{"href":"https:\/\/www.europesays.com\/fi\/wp-json\/wp\/v2\/posts"}],"about":[{"href":"https:\/\/www.europesays.com\/fi\/wp-json\/wp\/v2\/types\/post"}],"author":[{"embeddable":true,"href":"https:\/\/www.europesays.com\/fi\/wp-json\/wp\/v2\/users\/2"}],"replies":[{"embeddable":true,"href":"https:\/\/www.europesays.com\/fi\/wp-json\/wp\/v2\/comments?post=107304"}],"version-history":[{"count":0,"href":"https:\/\/www.europesays.com\/fi\/wp-json\/wp\/v2\/posts\/107304\/revisions"}],"wp:featuredmedia":[{"embeddable":true,"href":"https:\/\/www.europesays.com\/fi\/wp-json\/wp\/v2\/media\/107305"}],"wp:attachment":[{"href":"https:\/\/www.europesays.com\/fi\/wp-json\/wp\/v2\/media?parent=107304"}],"wp:term":[{"taxonomy":"category","embeddable":true,"href":"https:\/\/www.europesays.com\/fi\/wp-json\/wp\/v2\/categories?post=107304"},{"taxonomy":"post_tag","embeddable":true,"href":"https:\/\/www.europesays.com\/fi\/wp-json\/wp\/v2\/tags?post=107304"}],"curies":[{"name":"wp","href":"https:\/\/api.w.org\/{rel}","templated":true}]}}