{"id":107318,"date":"2025-12-04T07:38:09","date_gmt":"2025-12-04T07:38:09","guid":{"rendered":"https:\/\/www.europesays.com\/fi\/107318\/"},"modified":"2025-12-04T07:38:09","modified_gmt":"2025-12-04T07:38:09","slug":"kapyjen-keruu-jaa-talvitauolle-keraajien-innostus-iloinen-yllatys","status":"publish","type":"post","link":"https:\/\/www.europesays.com\/fi\/107318\/","title":{"rendered":"K\u00e4pyjen keruu j\u00e4\u00e4 talvitauolle \u2013 ker\u00e4\u00e4jien innostus iloinen yll\u00e4tys"},"content":{"rendered":"<p><strong>\u2013 hakkuum\u00e4\u00e4rien v\u00e4h\u00e4isyys ja s\u00e4\u00e4 kuitenkin heikensiv\u00e4t tulosta<\/strong><\/p>\n<p><strong>Lokakuussa Mets\u00e4hallituksesta kerroimme t\u00e4ydent\u00e4v\u00e4mme m\u00e4nnyn siemenhuollon varmuusvarastoa Pohjois-Suomessa ostamalla hyv\u00e4laatuisia m\u00e4nnyn k\u00e4pyj\u00e4 ker\u00e4\u00e4jilt\u00e4. Nyt nopeasti lyhenevien p\u00e4ivien ja talvisten kelien my\u00f6t\u00e4 k\u00e4vynkeruun syysjakso p\u00e4\u00e4ttyy. Ker\u00e4yksen tulos tulee olemaan arviolta 60\u201365 000 litraa, mik\u00e4 j\u00e4\u00e4 selv\u00e4sti asetetusta tavoitteesta.<\/strong><\/p>\n<p>Ker\u00e4yksen j\u00e4rjestelyt eri paikkakunnilla Pohjois-Suomessa sujuivat hyvin. Nyt ker\u00e4yksess\u00e4 otettiin k\u00e4ytt\u00f6\u00f6n uudet, tarkennetut ker\u00e4yskohteita koskevat k\u00e4pyjen siementen alkuper\u00e4ohjeet ja niiden mukaiset toimintatavat.<\/p>\n<p>\u201dIloinen yll\u00e4tys oli ker\u00e4yksen alussa huomata, ett\u00e4 innokkaita ker\u00e4\u00e4ji\u00e4 edelleen l\u00f6ytyi\u201d, kertoo maank\u00e4yt\u00f6n erityisasiantuntija <strong>Ilkka Vaara<\/strong> Mets\u00e4hallituksen Luontopalveluista.<\/p>\n<p><strong>Hakkum\u00e4\u00e4rien v\u00e4h\u00e4isyys, keskinkertainen k\u00e4pysato ja kylm\u00e4t kelit vaikeuttivat ker\u00e4yst\u00e4<\/strong><\/p>\n<p>Alkuper\u00e4ohjeiden mukaisesti ker\u00e4ys suuntautui pelk\u00e4st\u00e4\u00e4n hakkuukohteille. Ker\u00e4yksen kannalta ep\u00e4onnekkaasti mets\u00e4teollisuuden markkinatilanne heikkeni loppuvuotta kohden merkitt\u00e4v\u00e4sti, ja sen my\u00f6t\u00e4 my\u00f6s hakkum\u00e4\u00e4r\u00e4t alenivat selv\u00e4sti. Samalla v\u00e4heniv\u00e4t my\u00f6s ker\u00e4yskohteet. Lis\u00e4ksi luonto asetti haasteita tarjoamalla varsin aikaisessa vaiheessa talvisia s\u00e4it\u00e4. Marraskuu olikin koko Lapissa normaalia kylmempi. N\u00e4m\u00e4 eri tekij\u00e4t yhdistettyn\u00e4 keskinkertaista tasoa olevaan k\u00e4pysatoon vaikuttivat yhdess\u00e4 siihen, ett\u00e4 syysjakson ker\u00e4ystulos j\u00e4i huonoksi.<\/p>\n<p>\u201cVaikeuksista huolimatta ker\u00e4\u00e4j\u00e4t saivat koottua syksyn aikana kaikkiaan 85\u201390 000 euron ansiot\u201d, toteaa Ilkka Vaara.<\/p>\n<p>Ker\u00e4ys on syd\u00e4ntalven ajan tauolla. Tammikuussa selvitet\u00e4\u00e4n maastosta haettavien k\u00e4pyn\u00e4ytteiden avulla siementen it\u00e4vyydet. Jos it\u00e4vyydet ovat s\u00e4ilyneet hyvin\u00e4, jatketaan ker\u00e4yst\u00e4 helmikuussa. Tiedotamme jatkosta erikseen.<\/p>\n<p>Ostopaikkakunnat pit\u00e4v\u00e4t viimeiset k\u00e4vynostotilaisuudet viikolla 50. Ajankohdista tiedotetaan tarkemmin paikallisesti.<\/p>\n<p><strong>Lis\u00e4tietoja<\/strong><\/p>\n<p>Maank\u00e4yt\u00f6n erityisasiantuntija Ilkka Vaara, Mets\u00e4hallitus Luontopalvelut, puh. 040 731 9280, s\u00e4hk\u00f6posti <a href=\"https:\/\/www.epressi.com\/cdn-cgi\/l\/email-protection\" class=\"__cf_email__\" data-cfemail=\"553c393e3e347b23343427341538302126347b333c\" rel=\"nofollow noopener\" target=\"_blank\">[email\u00a0protected]<\/a><\/p>\n<p>Raakavideo k\u00e4pyjen seulonnasta on my\u00f6s saatavilla, ota yhteytt\u00e4: viestinn\u00e4n asiantuntija Minna Niinist\u00f6, puh. 040 848 0572, s\u00e4hk\u00f6posti <a href=\"https:\/\/www.epressi.com\/cdn-cgi\/l\/email-protection\" class=\"__cf_email__\" data-cfemail=\"0e636760606f2060676760677d7a614e636b7a7d6f206867\" rel=\"nofollow noopener\" target=\"_blank\">[email\u00a0protected]<\/a><\/p>\n<p><strong>Aiemmin uutisoimme aiheesta<\/strong><\/p>\n<p><a href=\"https:\/\/www.metsa.fi\/tiedotteet\/tienaa-mannyn-kapyja-keraamalla-ja-auta-siemenhuollon-varmuusvarastoa-pohjois-suomessa-kaynnistyy-mannyn-siementen-keruu-tanaan-6-10-2025\/\" rel=\"nofollow noopener\" target=\"_blank\">https:\/\/www.metsa.fi\/tiedotteet\/tienaa-mannyn-kapyja-keraamalla-ja-auta-siemenhuollon-varmuusvarastoa-pohjois-suomessa-kaynnistyy-mannyn-siementen-keruu-tanaan-6-10-2025\/<\/a><\/p>\n","protected":false},"excerpt":{"rendered":"\u2013 hakkuum\u00e4\u00e4rien v\u00e4h\u00e4isyys ja s\u00e4\u00e4 kuitenkin heikensiv\u00e4t tulosta Lokakuussa Mets\u00e4hallituksesta kerroimme t\u00e4ydent\u00e4v\u00e4mme m\u00e4nnyn siemenhuollon varmuusvarastoa Pohjois-Suomessa ostamalla hyv\u00e4laatuisia&hellip;\n","protected":false},"author":2,"featured_media":107319,"comment_status":"","ping_status":"","sticky":false,"template":"","format":"standard","meta":{"footnotes":""},"categories":[117],"tags":[33,31,30,72,476,118,32,119,477],"class_list":{"0":"post-107318","1":"post","2":"type-post","3":"status-publish","4":"format-standard","5":"has-post-thumbnail","7":"category-luonto","8":"tag-fi","9":"tag-finland","10":"tag-finnish","11":"tag-luonto","12":"tag-nature","13":"tag-science","14":"tag-suomi","15":"tag-tiede","16":"tag-wildlife"},"share_on_mastodon":{"url":"https:\/\/pubeurope.com\/@fi\/115660161215076934","error":""},"_links":{"self":[{"href":"https:\/\/www.europesays.com\/fi\/wp-json\/wp\/v2\/posts\/107318","targetHints":{"allow":["GET"]}}],"collection":[{"href":"https:\/\/www.europesays.com\/fi\/wp-json\/wp\/v2\/posts"}],"about":[{"href":"https:\/\/www.europesays.com\/fi\/wp-json\/wp\/v2\/types\/post"}],"author":[{"embeddable":true,"href":"https:\/\/www.europesays.com\/fi\/wp-json\/wp\/v2\/users\/2"}],"replies":[{"embeddable":true,"href":"https:\/\/www.europesays.com\/fi\/wp-json\/wp\/v2\/comments?post=107318"}],"version-history":[{"count":0,"href":"https:\/\/www.europesays.com\/fi\/wp-json\/wp\/v2\/posts\/107318\/revisions"}],"wp:featuredmedia":[{"embeddable":true,"href":"https:\/\/www.europesays.com\/fi\/wp-json\/wp\/v2\/media\/107319"}],"wp:attachment":[{"href":"https:\/\/www.europesays.com\/fi\/wp-json\/wp\/v2\/media?parent=107318"}],"wp:term":[{"taxonomy":"category","embeddable":true,"href":"https:\/\/www.europesays.com\/fi\/wp-json\/wp\/v2\/categories?post=107318"},{"taxonomy":"post_tag","embeddable":true,"href":"https:\/\/www.europesays.com\/fi\/wp-json\/wp\/v2\/tags?post=107318"}],"curies":[{"name":"wp","href":"https:\/\/api.w.org\/{rel}","templated":true}]}}