{"id":107324,"date":"2025-12-04T07:52:14","date_gmt":"2025-12-04T07:52:14","guid":{"rendered":"https:\/\/www.europesays.com\/fi\/107324\/"},"modified":"2025-12-04T07:52:14","modified_gmt":"2025-12-04T07:52:14","slug":"emmerdalen-juonipaljastukset-suku-saa-suruviestin","status":"publish","type":"post","link":"https:\/\/www.europesays.com\/fi\/107324\/","title":{"rendered":"Emmerdalen juonipaljastukset: Suku saa suruviestin"},"content":{"rendered":"<p>            ITV\n        <\/p>\n<p class=\"subtitle \">Ensi viikolla Emmerdalen kyll\u00e4 j\u00e4rkytt\u00e4\u00e4 iso suru-uutinen.<\/p>\n<p class=\"article-content article-content-width !bg-background\">Moira saa kuulla p\u00e4\u00e4sev\u00e4ns\u00e4 pian leikkaukseen mutta haluaa salata sen muilta. Moira ja Matty muistelevat Hollya.<\/p>\n<p class=\"article-content article-content-width !bg-background\">Cain palaa Skotlannista ja kertoo, ett\u00e4 Zak voi paremmin. Kun Cain on suihkussa, Moira vastaa Debbien puheluun. Debbie kertoo, ett\u00e4 Zak on kuollut. Moira kertoo murheellisen uutisen Cainille ja ett\u00e4 Zakill\u00e4 oli ollut hyv\u00e4 aamu. Cain kertoo Zakin kuolemasta perheelle ja kyl\u00e4l\u00e4isille.\u00a0<\/p>\n<p class=\"article-content article-content-width !bg-background\">Sam on vienyt Bellen ansastamaan kaneja, kun Cain saapuu suruviestin kanssa. Dinglet kokoontuvat muistelemaan suvun p\u00e4\u00e4miest\u00e4. Liam lohduttaa Chasia. Belle, Cain ja Sam tukevat toisiaan. Cain l\u00e4htee hakemaan Zaki\u00e4 kotiin.<\/p>\n<p>        <a itemprop=\"url\" href=\"https:\/\/www.seiska.fi\/katso\/emmerdale-legenda-menehtyi-kollegat-muistelevat-surun-murtamina\/2005708\" rel=\"nofollow noopener\" target=\"_blank\"><\/p>\n<p>\nKollegat muistavat l\u00e4mm\u00f6ll\u00e4\n<\/p>\n<p class=\"section-date\">\n        <strong class=\"article-section\" data-section=\"katso\"><br \/>\n            katso<br \/>\n        <\/strong><br \/>\n        30.11. 09:15\n    <\/p>\n<p>Emmerdale-legenda menehtyi: Kollegat muistelevat surun murtamina\n    <\/p>\n<p itemprop=\"description\" class=\"subtitle \">\n    Rakastettu Emmerdale-legenda menehtyy nyt sarjassakin.\n<\/p>\n<p>        <\/a><\/p>\n<p>                <img decoding=\"async\" src=\"https:\/\/www.europesays.com\/fi\/wp-content\/uploads\/2025\/12\/2009761.webp\" width=\"576\" height=\"274\" alt=\"Dinglet ovat murheen murtamia.\" loading=\"lazy\" \/>            <\/p>\n<p>\n            Dinglet ovat murheen murtamia.<br \/>\n            ITV\n        <\/p>\n<p>Will tuo Kerryn y\u00f6ksi<\/p>\n<p class=\"article-content article-content-width !bg-background\">Will yll\u00e4ttyy, kun Peter on taas kartanolla. Peter saa maistaa j\u00e4lleen nyrkki\u00e4. Kim jatkaa Willin kiusaamista, mutta pian h\u00e4nt\u00e4 alkaa kaduttaa. Lydia sanoo, ett\u00e4 Kim rakastaa viel\u00e4 Willi\u00e4. Will kertoo tunnoistaan Kerrylle tuopin \u00e4\u00e4rell\u00e4 ja tuo h\u00e4net kotiin y\u00f6ksi. Kyse on vain esityksest\u00e4 Kimi\u00e4 varten. Kim ja Will puhuvat avioliitostaan mutta ovat siit\u00e4 eri mielt\u00e4. My\u00f6hemmin saapuu suru-uutinen, joka l\u00e4hent\u00e4\u00e4 Kimi\u00e4 ja Willi\u00e4.\u00a0<\/p>\n<p>        <a itemprop=\"url\" href=\"https:\/\/www.seiska.fi\/katso\/emmerdale-suosikki-lahtee-karmealla-tavalla\/1978500\" rel=\"nofollow noopener\" target=\"_blank\"><\/p>\n<p>\nEmmerdale-suosikki\n<\/p>\n<p class=\"section-date\">\n        <strong class=\"article-section\" data-section=\"katso\"><br \/>\n            katso<br \/>\n        <\/strong><br \/>\n        1.11. 06:15\n    <\/p>\n<p>Emmerdale-suosikki l\u00e4htee karmealla tavalla\n    <\/p>\n<p itemprop=\"description\" class=\"subtitle \">\n    Brittisarjasta poistuu lopullisesti yksi rakastettu hahmo.\n<\/p>\n<p>        <\/a><\/p>\n<p class=\"article-content article-content-width !bg-background\">Arthur avautuu Nicolalle vaikeuksistaan \u00e4itins\u00e4 kanssa. Nicolan neuvot loukkaavat Laurelin tunteita. Laurel yritt\u00e4\u00e4 korjata v\u00e4lej\u00e4\u00e4n Arthuriin mutta nolostuttaa t\u00e4m\u00e4n antamalla kondomipaketin.<\/p>\n<p>Billyn salapuuhat paljastuvat<\/p>\n<p class=\"article-content article-content-width !bg-background\">Mackenzie ihmettelee, miten Billyll\u00e4 on tuosta vain rahaa autoon. Dawn kuuraa asuntoa, koska Evan p\u00e4\u00e4see kotiin. Mackenzie j\u00e4rkyttyy l\u00f6yt\u00e4ess\u00e4\u00e4n ruhjotun Billyn oveltaan. Vammat ovat per\u00e4isin laittomasta nyrkkeilymatsista, eik\u00e4 Billy tahdo sairaalaan. John paikkailee Billy\u00e4. Otteluita j\u00e4rjest\u00e4v\u00e4 Jade tahtoo Billyn takaisin keh\u00e4\u00e4n. Billy pyyt\u00e4\u00e4 Macki\u00e4 pit\u00e4m\u00e4\u00e4n tulevan matsin salassa.<\/p>\n<p>                <img decoding=\"async\" src=\"https:\/\/www.europesays.com\/fi\/wp-content\/uploads\/2025\/12\/2009798.webp\" width=\"576\" height=\"274\" alt=\"Mukiloitu Billy anoo apua Mackilt\u00e4.\" loading=\"lazy\" \/>            <\/p>\n<p>\n            Mukiloitu Billy anoo apua Mackilt\u00e4.<br \/>\n            ITV\n        <\/p>\n<p class=\"article-content article-content-width !bg-background\">Tom yritt\u00e4\u00e4 lahjoa peloissaan olevaa Carlia olemaan hiljaa tabletista. Lydia varoittaa Ameliaa Tomin tarkoitusperist\u00e4. Amelian mielest\u00e4 Lydia on v\u00e4\u00e4r\u00e4ss\u00e4. Lydian sanat antavat kuitenkin ajattelemisen aihetta.<\/p>\n<p>        <a itemprop=\"url\" href=\"https:\/\/www.seiska.fi\/katso\/emmerdalen-juonipaljastukset-belle-iskee-tomia-kirveella\/1996638\" rel=\"nofollow noopener\" target=\"_blank\"><\/p>\n<p>\nEmmerdalen juonipaljastukset\n<\/p>\n<p class=\"section-date\">\n        <strong class=\"article-section\" data-section=\"katso\"><br \/>\n            katso<br \/>\n        <\/strong><br \/>\n        20.11. 05:15\n    <\/p>\n<p>Emmerdalen juonipaljastukset: Belle iskee Tomia kirveell\u00e4\n    <\/p>\n<p itemprop=\"description\" class=\"subtitle \">\n    Ensi viikon Emmerdalessa Laurel ja Charles himoitsevat toisiaan, John tekee vaikutuksen ja Tomin ja Bellen kissa ja hiiri -leikill\u00e4 on karu lopputulos.\n<\/p>\n<p>        <\/a><\/p>\n<p class=\"italic m-italic article-content article-content-width !bg-background\">Emmerdale MTV3:lla maanantaista perjantaihin.<\/p>\n","protected":false},"excerpt":{"rendered":"ITV Ensi viikolla Emmerdalen kyll\u00e4 j\u00e4rkytt\u00e4\u00e4 iso suru-uutinen. Moira saa kuulla p\u00e4\u00e4sev\u00e4ns\u00e4 pian leikkaukseen mutta haluaa salata sen&hellip;\n","protected":false},"author":2,"featured_media":107325,"comment_status":"","ping_status":"","sticky":false,"template":"","format":"standard","meta":{"footnotes":""},"categories":[133],"tags":[1192,1182,20183,7849,6537,20182,6540,5647,20181,6533,19771,6534,137,33,31,30,101,905,32,206,156,109],"class_list":{"0":"post-107324","1":"post","2":"type-post","3":"status-publish","4":"format-standard","5":"has-post-thumbnail","7":"category-televisiot","8":"tag-draamasarja","9":"tag-emmerdale-belle","10":"tag-emmerdale-billy","11":"tag-emmerdale-cain","12":"tag-emmerdale-dawn","13":"tag-emmerdale-jade","14":"tag-emmerdale-kim","15":"tag-emmerdale-mackenzie","16":"tag-emmerdale-samson","17":"tag-emmerdale-will","18":"tag-emmerdale-zak","19":"tag-emmerdalen-juonipaljastukset","20":"tag-entertainment","21":"tag-fi","22":"tag-finland","23":"tag-finnish","24":"tag-ihmissuhteet","25":"tag-mtv3","26":"tag-suomi","27":"tag-televisiot","28":"tag-tv","29":"tag-viihde"},"share_on_mastodon":{"url":"https:\/\/pubeurope.com\/@fi\/115660216509098928","error":""},"_links":{"self":[{"href":"https:\/\/www.europesays.com\/fi\/wp-json\/wp\/v2\/posts\/107324","targetHints":{"allow":["GET"]}}],"collection":[{"href":"https:\/\/www.europesays.com\/fi\/wp-json\/wp\/v2\/posts"}],"about":[{"href":"https:\/\/www.europesays.com\/fi\/wp-json\/wp\/v2\/types\/post"}],"author":[{"embeddable":true,"href":"https:\/\/www.europesays.com\/fi\/wp-json\/wp\/v2\/users\/2"}],"replies":[{"embeddable":true,"href":"https:\/\/www.europesays.com\/fi\/wp-json\/wp\/v2\/comments?post=107324"}],"version-history":[{"count":0,"href":"https:\/\/www.europesays.com\/fi\/wp-json\/wp\/v2\/posts\/107324\/revisions"}],"wp:featuredmedia":[{"embeddable":true,"href":"https:\/\/www.europesays.com\/fi\/wp-json\/wp\/v2\/media\/107325"}],"wp:attachment":[{"href":"https:\/\/www.europesays.com\/fi\/wp-json\/wp\/v2\/media?parent=107324"}],"wp:term":[{"taxonomy":"category","embeddable":true,"href":"https:\/\/www.europesays.com\/fi\/wp-json\/wp\/v2\/categories?post=107324"},{"taxonomy":"post_tag","embeddable":true,"href":"https:\/\/www.europesays.com\/fi\/wp-json\/wp\/v2\/tags?post=107324"}],"curies":[{"name":"wp","href":"https:\/\/api.w.org\/{rel}","templated":true}]}}