{"id":10734,"date":"2025-08-20T02:34:20","date_gmt":"2025-08-20T02:34:20","guid":{"rendered":"https:\/\/www.europesays.com\/fi\/10734\/"},"modified":"2025-08-20T02:34:20","modified_gmt":"2025-08-20T02:34:20","slug":"starship-avaruusraketti-teki-historiaa-raketin-alaosa-laskeutui-valtavien-robottikasien-varaan","status":"publish","type":"post","link":"https:\/\/www.europesays.com\/fi\/10734\/","title":{"rendered":"Starship-avaruusraketti teki historiaa: Raketin alaosa laskeutui valtavien robottik\u00e4sien varaan"},"content":{"rendered":"<p>Avaruuslennot|Kyseess\u00e4 on raketin toinen koelento, joka osoitti edistyst\u00e4 raketin suunnittelussa.<\/p>\n<p class=\"article-body margin-bottom-24 padding-x-16\">Avaruusyritys Space X laukaisi sunnuntaina Starship-raketin sen viidennelle koelennolle, kertoo uutistoimisto Reuters. Koelento p\u00e4\u00e4ttyi historiallisesti, sill\u00e4 raketin alaosa, Super Heavy Booster -kantoraketti onnistui ensimm\u00e4ist\u00e4 kertaa laskeutua maahan.<\/p>\n","protected":false},"excerpt":{"rendered":"Avaruuslennot|Kyseess\u00e4 on raketin toinen koelento, joka osoitti edistyst\u00e4 raketin suunnittelussa. Avaruusyritys Space X laukaisi sunnuntaina Starship-raketin sen viidennelle&hellip;\n","protected":false},"author":2,"featured_media":10735,"comment_status":"","ping_status":"","sticky":false,"template":"","format":"standard","meta":{"footnotes":""},"categories":[114],"tags":[453,33,31,30,46,118,452,32,119],"class_list":{"0":"post-10734","1":"post","2":"type-post","3":"status-publish","4":"format-standard","5":"has-post-thumbnail","7":"category-avaruus","8":"tag-avaruus","9":"tag-fi","10":"tag-finland","11":"tag-finnish","12":"tag-helsingin-sanomat","13":"tag-science","14":"tag-space","15":"tag-suomi","16":"tag-tiede"},"share_on_mastodon":{"url":"","error":""},"_links":{"self":[{"href":"https:\/\/www.europesays.com\/fi\/wp-json\/wp\/v2\/posts\/10734","targetHints":{"allow":["GET"]}}],"collection":[{"href":"https:\/\/www.europesays.com\/fi\/wp-json\/wp\/v2\/posts"}],"about":[{"href":"https:\/\/www.europesays.com\/fi\/wp-json\/wp\/v2\/types\/post"}],"author":[{"embeddable":true,"href":"https:\/\/www.europesays.com\/fi\/wp-json\/wp\/v2\/users\/2"}],"replies":[{"embeddable":true,"href":"https:\/\/www.europesays.com\/fi\/wp-json\/wp\/v2\/comments?post=10734"}],"version-history":[{"count":0,"href":"https:\/\/www.europesays.com\/fi\/wp-json\/wp\/v2\/posts\/10734\/revisions"}],"wp:featuredmedia":[{"embeddable":true,"href":"https:\/\/www.europesays.com\/fi\/wp-json\/wp\/v2\/media\/10735"}],"wp:attachment":[{"href":"https:\/\/www.europesays.com\/fi\/wp-json\/wp\/v2\/media?parent=10734"}],"wp:term":[{"taxonomy":"category","embeddable":true,"href":"https:\/\/www.europesays.com\/fi\/wp-json\/wp\/v2\/categories?post=10734"},{"taxonomy":"post_tag","embeddable":true,"href":"https:\/\/www.europesays.com\/fi\/wp-json\/wp\/v2\/tags?post=10734"}],"curies":[{"name":"wp","href":"https:\/\/api.w.org\/{rel}","templated":true}]}}