{"id":107344,"date":"2025-12-04T08:18:10","date_gmt":"2025-12-04T08:18:10","guid":{"rendered":"https:\/\/www.europesays.com\/fi\/107344\/"},"modified":"2025-12-04T08:18:10","modified_gmt":"2025-12-04T08:18:10","slug":"mad-men-tahti-jon-hammin-tana-vuonna-alkanut-uutuussarja-jatkuu-jo-kevaalla","status":"publish","type":"post","link":"https:\/\/www.europesays.com\/fi\/107344\/","title":{"rendered":"Mad Men -t\u00e4hti Jon Hammin t\u00e4n\u00e4 vuonna alkanut uutuussarja jatkuu jo kev\u00e4\u00e4ll\u00e4"},"content":{"rendered":"<p>Apple TV ei jahkaile sarjojensa kanssa. My\u00f6s Your Friends &amp; Neighbors -komedian kakkoskausi n\u00e4hd\u00e4\u00e4n vain vuosi ensimm\u00e4isen j\u00e4lkeen.<\/p>\n<p>Apple TV jatkaa sarjojensa julkaisemista kiitett\u00e4v\u00e4\u00e4n tahtiin, toisin kuin muut suoratoistopalvelut, joiden nimikkeiden tuotantokausien v\u00e4lill\u00e4 on usein monen vuoden tauko.<\/p>\n<p>Nyt Apple tiedottaa <a href=\"https:\/\/muropaketti.com\/avainsana\/jon-hamm\/\" rel=\"nofollow noopener\" target=\"_blank\">Jon Hammin<\/a> t\u00e4hditt\u00e4m\u00e4n Your Friends &amp; Neighbors -komediadraaman kakkoskauden alkavan jo 3. huhtikuuta. Sarjan ensimm\u00e4inen kausi n\u00e4htiin Apple TV:ssa t\u00e4m\u00e4n vuoden huhtikuussa.<\/p>\n<p>Kymmenen jaksoa sis\u00e4lt\u00e4v\u00e4 uusi kausi esitet\u00e4\u00e4n tuttuun tapaan jakso per -viikko tahdilla, eli finaaliepisodi tulee tarjolle suoratoistopalveluun 5. kes\u00e4kuuta. <\/p>\n<p>Jonathan Tropperin luoman ja p\u00e4\u00e4p\u00e4sm\u00e4r\u00f6im\u00e4n sarjan kakkoskaudesta on julkaistu my\u00f6s kasa kuvia.<\/p>\n<p>Tulevalla kaudella Hammin esitt\u00e4m\u00e4 Andrew Cooper jatkaa kaksoisel\u00e4m\u00e4\u00e4ns\u00e4. Potkut saanut hedge-rahastojen hoitaja varastaa edelleen sikarikkailta naapureiltaan, kunnes naapuruston uusi tuttavuus uhkaa k\u00e4r\u00e4ytt\u00e4\u00e4 h\u00e4net.<\/p>\n<p>Hammin lis\u00e4ksi kakkoskaudella rooleihinsa palaavat Amanda Peet, Olivia Munn, Hoon Lee, Mark Tallman, Lena Hall, Aimee Carrero, Eunice Bae, Isabel Gravitt ja Donovan Colan.<\/p>\n<p>Uusina kasvoina mukaan liittyv\u00e4t ainakin James Marsden, Arienne Mandi, Erin Robinson ja Bre Blair.<\/p>\n<p>Muropaketin arvostelussa Your Friends &amp; Neighbors -sarjan ensimm\u00e4isest\u00e4 kaudesta todettiin muun muassa seuraavaa:<\/p>\n<p>\u201dYour Friends &amp; Neighbors on harmitonta viihdett\u00e4, joka toimii vain mainion p\u00e4\u00e4osanesitt\u00e4j\u00e4ns\u00e4 ansiosta. Ilman Hammin karismaa sarjan muka radikaalit ratkaisut miehen keski-i\u00e4n kriisiin vaikuttaisivat eltaantuneelta, vaikkei t\u00e4ss\u00e4 liikuta l\u00e4hell\u00e4k\u00e4\u00e4n esimerkiksi American Beauty -elokuvan tasoja.\u201d<\/p>\n<p><a href=\"https:\/\/muropaketti.com\/wp-content\/uploads\/2025\/12\/james-marsden-your-friends-neighbors.jpg\" rel=\"nofollow noopener\" target=\"_blank\"><img fetchpriority=\"high\" decoding=\"async\" width=\"1024\" height=\"682\" alt=\"Your Friends &amp; Neighbors\" class=\"wp-image-911432 awpo-lazy\"  data- src=\"https:\/\/www.europesays.com\/fi\/wp-content\/uploads\/2025\/12\/james-marsden-your-friends-neighbors-1024x682.jpg\"\/><\/a>Kuva: \u00a9 Apple TV<\/p>\n<p><a href=\"https:\/\/muropaketti.com\/wp-content\/uploads\/2025\/12\/your_friends_and_neighbors_jon-hamm-olivia-munn.jpg\" rel=\"nofollow noopener\" target=\"_blank\"><img loading=\"lazy\" decoding=\"async\" width=\"1024\" height=\"682\" alt=\"Your Friends &amp; Neighbors\" class=\"wp-image-911433 awpo-lazy\"  data- src=\"https:\/\/www.europesays.com\/fi\/wp-content\/uploads\/2025\/12\/your_friends_and_neighbors_jon-hamm-olivia-munn-1024x682.jpg\"\/><\/a>Kuva: \u00a9 Apple TV<\/p>\n<p><a href=\"https:\/\/muropaketti.com\/wp-content\/uploads\/2025\/12\/your_friends_and_neighbors_eunice-bae-amanda-peet.jpg\" rel=\"nofollow noopener\" target=\"_blank\"><img loading=\"lazy\" decoding=\"async\" width=\"1024\" height=\"682\" alt=\"Your Friends &amp; Neighbors\" class=\"wp-image-911434 awpo-lazy\"  data- src=\"https:\/\/www.europesays.com\/fi\/wp-content\/uploads\/2025\/12\/your_friends_and_neighbors_eunice-bae-amanda-peet-1024x682.jpg\"\/><\/a>Kuva: \u00a9 Apple TV<\/p>\n<p><a href=\"https:\/\/muropaketti.com\/wp-content\/uploads\/2025\/12\/your_friends_and_neighbors.jpg\" rel=\"nofollow noopener\" target=\"_blank\"><img loading=\"lazy\" decoding=\"async\" width=\"1024\" height=\"682\" alt=\"Your Friends &amp; Neighbors\" class=\"wp-image-911435 awpo-lazy\"  data- src=\"https:\/\/www.europesays.com\/fi\/wp-content\/uploads\/2025\/12\/your_friends_and_neighbors-1024x682.jpg\"\/><\/a>Kuva: \u00a9 Apple TV<\/p>\n","protected":false},"excerpt":{"rendered":"Apple TV ei jahkaile sarjojensa kanssa. My\u00f6s Your Friends &amp; Neighbors -komedian kakkoskausi n\u00e4hd\u00e4\u00e4n vain vuosi ensimm\u00e4isen j\u00e4lkeen.&hellip;\n","protected":false},"author":2,"featured_media":107345,"comment_status":"","ping_status":"","sticky":false,"template":"","format":"standard","meta":{"footnotes":""},"categories":[133],"tags":[5097,137,33,31,30,264,1369,32,206,156,109,20185],"class_list":{"0":"post-107344","1":"post","2":"type-post","3":"status-publish","4":"format-standard","5":"has-post-thumbnail","7":"category-televisiot","8":"tag-apple-tv","9":"tag-entertainment","10":"tag-fi","11":"tag-finland","12":"tag-finnish","13":"tag-jon-hamm","14":"tag-sarjat","15":"tag-suomi","16":"tag-televisiot","17":"tag-tv","18":"tag-viihde","19":"tag-your-friends-and-neighbors"},"share_on_mastodon":{"url":"https:\/\/pubeurope.com\/@fi\/115660318938082972","error":""},"_links":{"self":[{"href":"https:\/\/www.europesays.com\/fi\/wp-json\/wp\/v2\/posts\/107344","targetHints":{"allow":["GET"]}}],"collection":[{"href":"https:\/\/www.europesays.com\/fi\/wp-json\/wp\/v2\/posts"}],"about":[{"href":"https:\/\/www.europesays.com\/fi\/wp-json\/wp\/v2\/types\/post"}],"author":[{"embeddable":true,"href":"https:\/\/www.europesays.com\/fi\/wp-json\/wp\/v2\/users\/2"}],"replies":[{"embeddable":true,"href":"https:\/\/www.europesays.com\/fi\/wp-json\/wp\/v2\/comments?post=107344"}],"version-history":[{"count":0,"href":"https:\/\/www.europesays.com\/fi\/wp-json\/wp\/v2\/posts\/107344\/revisions"}],"wp:featuredmedia":[{"embeddable":true,"href":"https:\/\/www.europesays.com\/fi\/wp-json\/wp\/v2\/media\/107345"}],"wp:attachment":[{"href":"https:\/\/www.europesays.com\/fi\/wp-json\/wp\/v2\/media?parent=107344"}],"wp:term":[{"taxonomy":"category","embeddable":true,"href":"https:\/\/www.europesays.com\/fi\/wp-json\/wp\/v2\/categories?post=107344"},{"taxonomy":"post_tag","embeddable":true,"href":"https:\/\/www.europesays.com\/fi\/wp-json\/wp\/v2\/tags?post=107344"}],"curies":[{"name":"wp","href":"https:\/\/api.w.org\/{rel}","templated":true}]}}