{"id":107349,"date":"2025-12-04T08:22:13","date_gmt":"2025-12-04T08:22:13","guid":{"rendered":"https:\/\/www.europesays.com\/fi\/107349\/"},"modified":"2025-12-04T08:22:13","modified_gmt":"2025-12-04T08:22:13","slug":"uutta-tietoa-suomessa-pelanneen-kiekkoilijan-onnettomuudesta-tama-mies-saattoi-pelastaa-hengen","status":"publish","type":"post","link":"https:\/\/www.europesays.com\/fi\/107349\/","title":{"rendered":"Uutta tietoa Suomessa pelanneen kiekkoilijan onnettomuudesta \u2013 T\u00e4m\u00e4 mies saattoi pelastaa hengen"},"content":{"rendered":"<p>Roman Kukumberg junior oli autossa, johon t\u00f6rm\u00e4ttiin. Nyt kiekkoilija on koomassa.<\/p>\n<p><img decoding=\"async\" class=\"image image-show image-preview\" src=\"https:\/\/www.europesays.com\/fi\/wp-content\/uploads\/2025\/12\/78ba0bd2c2565a9d9622e1731a32aae10dd4b7e25a098c4b6c2765e8465a6293.jpg\" alt=\"\"\/><img decoding=\"async\" class=\"image image-show\" src=\"https:\/\/www.europesays.com\/fi\/wp-content\/uploads\/2025\/12\/1764836531_366_78ba0bd2c2565a9d9622e1731a32aae10dd4b7e25a098c4b6c2765e8465a6293.jpg\" alt=\"\"\/><\/p>\n<p>Roman Kukumberg on kriittisess\u00e4 tilassa. AOP<\/p>\n<p class=\"paragraph\">Suomessakin pelanneen j\u00e4\u00e4kiekkoilijan, <strong>Roman Kukumberg juniorin<\/strong>, 20, onnettomuudesta on saatu lis\u00e4tietoa. Ensimm\u00e4isen\u00e4 kolaripaikalle saapunut pelastaja kertoi onnettomuudesta slovakialaismedia <a href=\"https:\/\/www.cas.sk\/spravy\/spoved-hasica-ktory-zasahoval-pri-kukumbergovi-jednou-rukou-volal-pomoc-druhou-ho-ratoval\/2#google_vignette\" target=\"_blank\" rel=\"noopener nofollow\">Cas.sk:lle<\/a>.<\/p>\n<p class=\"paragraph\">Kukumberg joutui tiistaina Slovakiassa liikenneonnettomuuteen ja on sairaalassa kriittisess\u00e4 tilassa.<\/p>\n<p class=\"paragraph\">\u2013 Tarkistin v\u00e4litt\u00f6m\u00e4sti h\u00e4nen pulssinsa. H\u00e4nell\u00e4 oli pulssi, mutta h\u00e4n oli tajuton, mies kertoi jutussa.<\/p>\n<p class=\"paragraph\"><strong>Dean<\/strong>-niminen mies oli vapaalla pelastajan ty\u00f6st\u00e4\u00e4n ja matkalla toiselle ty\u00f6paikalleen, kun onnettomuus tapahtui. Onnettomuushetkell\u00e4 Ford-merkkinen auto ajoi maantiet\u00e4 suoraan. Skoda, jossa Kukumberg oli, ajoi vastaantulevien kaistalla ja yritti k\u00e4\u00e4nty\u00e4 vasemmalle.<\/p>\n<p class=\"paragraph\">Pelastajan mukaan Skoda yritti ehti\u00e4 k\u00e4\u00e4nty\u00e4 ennen Fordia. Ford kuitenkin t\u00f6rm\u00e4si k\u00e4\u00e4ntyv\u00e4\u00e4n autoon. Onnettomuuspaikka oli pelastajalle ennest\u00e4\u00e4n tuttu, sill\u00e4 h\u00e4nen mukaansa samassa risteyksess\u00e4 on tapahtunut aiemminkin onnettomuuksia.<\/p>\n<p class=\"paragraph\">\u2013 Pys\u00e4ytin autoni ja juoksin heti sinne [onnettomuuspaikalle]. N\u00e4in, ett\u00e4 kolme kolarin osapuolta oli ulkona. Kysyin, olivatko he kaikki autoissa olleet. He vastasivat, etteiv\u00e4t olleet k\u00e4yneet viel\u00e4 toisella autolla, pelastaja kertoo.<\/p>\n<p class=\"paragraph\">Pelastaja l\u00e4hti heti Kukumbergin autolle. Kiekkoilija oli matkustajan paikalla, eik\u00e4 h\u00e4nell\u00e4 ollut turvavy\u00f6t\u00e4.<\/p>\n<p class=\"paragraph\">Pelastaja huomasi Kukumbergin hengitt\u00e4v\u00e4n. Pelastaja toimi todella esimerkillisesti. H\u00e4n korjasi kiekkoilijan kaularangan asennon, varmisti, ett\u00e4 t\u00e4m\u00e4n hengitystiet ovat auki, ja soitti apua.<\/p>\n<p class=\"paragraph\">Dean piti Kukumbergin p\u00e4\u00e4t\u00e4 vakaana siihen asti, ett\u00e4 apu saapui paikalle.<\/p>\n<p class=\"paragraph\">\u2013 Toivon, ett\u00e4 h\u00e4n toipuu nopeasti, selvi\u00e4\u00e4 ja voi jatkaa ty\u00f6t\u00e4\u00e4n!<\/p>\n<p>Koomassa<\/p>\n<p>Roman Kukumberg (vasemmalla) on edustanut kotimaataan my\u00f6s maajoukkuetasolla. AOP<\/p>\n<p class=\"paragraph\">Onnettomuus tapahtui tiistaiaamuna Slovakiassa Trnavan alueella. Kukumbergin seura Slovan Bratislava kertoi nuorukaisen istuneen onnettomuuteen joutuneen auton etupenkill\u00e4 matkustajana.<\/p>\n<p class=\"paragraph\">20-vuotias Kukumberg vaivutettiin koomaan vakavien p\u00e4\u00e4vammojen takia.<\/p>\n<p class=\"paragraph\">\u2013 \u0160kodan 20-vuotias kuljettaja loukkaantui vakavasti ja ensihoito kuljetti h\u00e4net Bratislavan sairaalaan ennen poliisipartion saapumista. Toisessa ajoneuvossa oli kolme ihmist\u00e4, eik\u00e4 kukaan heist\u00e4 loukkaantunut. Fordin kuljettajan puhalluskoe oli negatiivinen. Tarkat syyt ja olosuhteet, joissa liikenneonnettomuus tapahtui, selvitet\u00e4\u00e4n poliisitutkinnassa, Trnavan alueen poliisi tiedotti.<\/p>\n<p class=\"paragraph\">Kukumberg on tuttu pelaaja my\u00f6s suomalaisille. Hy\u00f6kk\u00e4\u00e4j\u00e4 edusti Rauman Lukkoa kaudella 2020\u201321. H\u00e4n pelasi Lukon U16-joukkueessa 24 ottelua tehoin 14+14. Raumalaisten U18-joukkueessa h\u00e4n pelasi viisi ottelua ilman tehopisteit\u00e4.<\/p>\n<p class=\"paragraph\">Kukumberg on edustanut maataan nuorten maajoukkueissa.<\/p>\n<p class=\"paragraph\">Cas.sk:n mukaan Slovan Bratislavan pelaajat ovat onnettomuudesta j\u00e4rkyttyneit\u00e4. Kukumbergin perhe on kokoontunut yhteen toivomaan kiekkoilijan toipumista.<\/p>\n<p><a href=\"https:\/\/www.iltalehti.fi\/jaakiekko\/a\/1ae71ab3-3179-4e5d-95ce-15a50bbf7509\" rel=\"nofollow noopener\" target=\"_blank\"><img decoding=\"async\" src=\"https:\/\/www.europesays.com\/fi\/wp-content\/uploads\/2025\/10\/4a4e280ca1a75d884de6ebd943738ae5d99be138803b843a647b7d7c8a538b0b.png\" alt=\"Osallistu arvontaan\"\/><\/a><\/p>\n","protected":false},"excerpt":{"rendered":"Roman Kukumberg junior oli autossa, johon t\u00f6rm\u00e4ttiin. Nyt kiekkoilija on koomassa. Roman Kukumberg on kriittisess\u00e4 tilassa. AOP Suomessakin&hellip;\n","protected":false},"author":2,"featured_media":107350,"comment_status":"","ping_status":"","sticky":false,"template":"","format":"standard","meta":{"footnotes":""},"categories":[158],"tags":[35,1144,1274,33,31,30,1143,41,159,32,1145,160],"class_list":{"0":"post-107349","1":"post","2":"type-post","3":"status-publish","4":"format-standard","5":"has-post-thumbnail","7":"category-urheilu","8":"tag-24h","9":"tag-ammattilaisjaakiekko","10":"tag-ammattiurheilu","11":"tag-fi","12":"tag-finland","13":"tag-finnish","14":"tag-jaakiekko","15":"tag-liikunta-ja-urheilu","16":"tag-sports","17":"tag-suomi","18":"tag-talviurheilu","19":"tag-urheilu"},"share_on_mastodon":{"url":"https:\/\/pubeurope.com\/@fi\/115660334969089388","error":""},"_links":{"self":[{"href":"https:\/\/www.europesays.com\/fi\/wp-json\/wp\/v2\/posts\/107349","targetHints":{"allow":["GET"]}}],"collection":[{"href":"https:\/\/www.europesays.com\/fi\/wp-json\/wp\/v2\/posts"}],"about":[{"href":"https:\/\/www.europesays.com\/fi\/wp-json\/wp\/v2\/types\/post"}],"author":[{"embeddable":true,"href":"https:\/\/www.europesays.com\/fi\/wp-json\/wp\/v2\/users\/2"}],"replies":[{"embeddable":true,"href":"https:\/\/www.europesays.com\/fi\/wp-json\/wp\/v2\/comments?post=107349"}],"version-history":[{"count":0,"href":"https:\/\/www.europesays.com\/fi\/wp-json\/wp\/v2\/posts\/107349\/revisions"}],"wp:featuredmedia":[{"embeddable":true,"href":"https:\/\/www.europesays.com\/fi\/wp-json\/wp\/v2\/media\/107350"}],"wp:attachment":[{"href":"https:\/\/www.europesays.com\/fi\/wp-json\/wp\/v2\/media?parent=107349"}],"wp:term":[{"taxonomy":"category","embeddable":true,"href":"https:\/\/www.europesays.com\/fi\/wp-json\/wp\/v2\/categories?post=107349"},{"taxonomy":"post_tag","embeddable":true,"href":"https:\/\/www.europesays.com\/fi\/wp-json\/wp\/v2\/tags?post=107349"}],"curies":[{"name":"wp","href":"https:\/\/api.w.org\/{rel}","templated":true}]}}