{"id":107351,"date":"2025-12-04T08:23:11","date_gmt":"2025-12-04T08:23:11","guid":{"rendered":"https:\/\/www.europesays.com\/fi\/107351\/"},"modified":"2025-12-04T08:23:11","modified_gmt":"2025-12-04T08:23:11","slug":"alexander-skarsgardin-fetissihenkiset-asut-hammastyttavat-tasta-on-kyse","status":"publish","type":"post","link":"https:\/\/www.europesays.com\/fi\/107351\/","title":{"rendered":"Alexander Skarsg\u00e5rdin fetissihenkiset asut h\u00e4mm\u00e4stytt\u00e4v\u00e4t \u2013 t\u00e4st\u00e4 on kyse"},"content":{"rendered":"<p>Ruotsalainen Hollywood-t\u00e4hti on viime aikoina n\u00e4hty useissa fetissihenkisiss\u00e4 asuissa.<\/p>\n<p class=\"article-body mb-nof-24 px-nof-16\">Hollywoodin miesn\u00e4yttelij\u00e4t on totuttu n\u00e4kem\u00e4\u00e4n punaisilla matoilla ja erilaisissa tilaisuuksissa useimmiten perinteisiss\u00e4 puvuissa, kauluspaidoissa, pikkutakeissa ja suorissa housuissa.<\/p>\n<p class=\"article-body mb-nof-24 px-nof-16\">Siksi muotiv\u00e4en kiinnostus her\u00e4\u00e4 v\u00e4litt\u00f6m\u00e4sti, kun julkkismies rohkenee vet\u00e4\u00e4 ylleen jotain tavallisesta poikkeavaa.<\/p>\n<p class=\"article-body mb-nof-24 px-nof-16\">Viime aikoina normia vastaan on taistellut varsin n\u00e4kyv\u00e4sti ruotsalaisn\u00e4yttelij\u00e4 <a class=\"article-personlink\" href=\"https:\/\/www.is.fi\/haku\/?query=Alexander%20Skarsg%C3%A5rd\" rel=\"nofollow noopener\" target=\"_blank\">Alexander Skarsg\u00e5rd<\/a>, jonka vekkulit fetissihenkiset asut ovat her\u00e4tt\u00e4neet runsaasti huomiota.<\/p>\n<p class=\"article-body mb-nof-24 px-nof-16\">Ruotsin kuuluisimpiin n\u00e4yttelij\u00f6ihin lukeutuva Skarsg\u00e5rd muistetaan muun muassa televisiosarjoista True Blood ja Big Little Lies sek\u00e4 elokuvista Tarzan ja The Northman. Mies tunnetaan my\u00f6s kuuluisasta perheest\u00e4\u00e4n. H\u00e4nen is\u00e4ns\u00e4 on n\u00e4yttelij\u00e4 <a class=\"article-personlink\" href=\"https:\/\/www.is.fi\/haku\/?query=Stellan%20Skarsg%C3%A5rd\" rel=\"nofollow noopener\" target=\"_blank\">Stellan Skarsg\u00e5rd<\/a> (Pirates of the Caribbean, Dyyni, Mamma Mia!), ja my\u00f6s veljet <a class=\"article-personlink\" href=\"https:\/\/www.is.fi\/haku\/?query=Bill\" rel=\"nofollow noopener\" target=\"_blank\">Bill<\/a>, <a class=\"article-personlink\" href=\"https:\/\/www.is.fi\/haku\/?query=Gustaf\" rel=\"nofollow noopener\" target=\"_blank\">Gustaf <\/a>ja <a class=\"article-personlink\" href=\"https:\/\/www.is.fi\/haku\/?query=Valter\" rel=\"nofollow noopener\" target=\"_blank\">Valter <\/a>ovat menestyneit\u00e4 n\u00e4yttelij\u00f6it\u00e4.<\/p>\n<p><img decoding=\"async\" src=\"https:\/\/www.europesays.com\/fi\/wp-content\/uploads\/2025\/12\/1764836589_216_468.jpg\" alt=\"Alexander Skarsg\u00e5rd nousi Hollywood-julkkikseksi HBO:n True Blood -sarjan (2008\u20132014) my\u00f6t\u00e4. H\u00e4n n\u00e4ytteli sarjassa vampyyri Eric Northmania.\" class=\"_Img_1rerz_1\" style=\"aspect-ratio:1.5\" loading=\"eager\"\/><\/p>\n<p class=\"article-picture-caption\">Alexander Skarsg\u00e5rd nousi Hollywood-julkkikseksi HBO:n True Blood -sarjan (2008\u20132014) my\u00f6t\u00e4. H\u00e4n n\u00e4ytteli sarjassa vampyyri Eric Northmania. Kuva:\u00a0CAROLINE BREHMAN<\/p>\n<p class=\"article-body mb-nof-24 px-nof-16\">194-senttinen Alexander Skarsg\u00e5rd her\u00e4tt\u00e4\u00e4 tavallisestikin huomiota punaisella matolla, mutta viime aikoina miehen esiintymiset ovat saaneet monet hieraisemaan silmi\u00e4\u00e4n. N\u00e4yttelij\u00e4 on nimitt\u00e4in kuluneen syksyn aikana n\u00e4ytt\u00e4ytynyt useissa tapahtumissa persoonallisissa asuissa.<\/p>\n<p class=\"article-body mb-nof-24 px-nof-16\">Lokakuussa h\u00e4n osallistui BFI London Film Festival -tilaisuuteen valkoisessa halterneck-kauluspaidassa ja nahkahousuissa, joiden sepalusta koristivat ny\u00f6rit.<\/p>\n<p class=\"article-body mb-nof-24 px-nof-16\">Asu her\u00e4tti runsaasti huomiota sosiaalisessa mediassa, ja Vogue <a class=\"article-genericlink\" href=\"https:\/\/www.vogue.com\/article\/alexander-skarsgard-london-film-festival-leather-look\" rel=\"nofollow noopener\" target=\"_blank\">kuvaili <\/a>sit\u00e4 sanoin \u201dkinky edest\u00e4, viel\u00e4 kinkympi takaa\u201d.<\/p>\n<p><img decoding=\"async\" src=\"https:\/\/www.europesays.com\/fi\/wp-content\/uploads\/2025\/12\/1764836589_700_468.jpg\" alt=\"T\u00e4m\u00e4 Skarsg\u00e5rdin asu her\u00e4tti runsaasti huomiota, sill\u00e4 miehi\u00e4 ei ole totuttu n\u00e4kem\u00e4\u00e4n halterneck-mallisissa paidoissa.\" class=\"_Img_1rerz_1\" style=\"aspect-ratio:0.7723958333333333\" loading=\"eager\"\/><\/p>\n<p class=\"article-picture-caption\">T\u00e4m\u00e4 Skarsg\u00e5rdin asu her\u00e4tti runsaasti huomiota, sill\u00e4 miehi\u00e4 ei ole totuttu n\u00e4kem\u00e4\u00e4n halterneck-mallisissa paidoissa. Kuva:\u00a0See Li\/Picture Capital \/ Alamy Stock Photo<\/p>\n<p><img decoding=\"async\" src=\"https:\/\/www.europesays.com\/fi\/wp-content\/uploads\/2025\/12\/1764836590_491_468.jpg\" alt=\"Paita j\u00e4tti n\u00e4yttelij\u00e4n sel\u00e4n avoimeksi.\" class=\"_Img_1rerz_1\" style=\"aspect-ratio:0.6666666666666666\" loading=\"eager\"\/><\/p>\n<p class=\"article-picture-caption\">Paita j\u00e4tti n\u00e4yttelij\u00e4n sel\u00e4n avoimeksi. Kuva:\u00a0Ash Knotek\/Shutterstock<\/p>\n<p class=\"article-body mb-nof-24 px-nof-16\">Lokakuussa Skarsg\u00e5rd saapui Zurichin elokuvafestivaaleille valkoisessa silkkipaidassa, jonka graafisesta printist\u00e4 saattoi bongata seksileluja.<\/p>\n<p><img decoding=\"async\" src=\"https:\/\/www.europesays.com\/fi\/wp-content\/uploads\/2025\/12\/1764836590_719_468.jpg\" alt=\"Kyll\u00e4, n\u00e4it oikein: n\u00e4yttelij\u00e4n paidassa komeilee pari dildoa. Paita on italialaisen Magliano-br\u00e4ndin k\u00e4sialaa.\" class=\"_Img_1rerz_1\" style=\"aspect-ratio:0.6666666666666666\" loading=\"eager\"\/><\/p>\n<p class=\"article-picture-caption\">Kyll\u00e4, n\u00e4it oikein: n\u00e4yttelij\u00e4n paidassa komeilee pari dildoa. Paita on italialaisen Magliano-br\u00e4ndin k\u00e4sialaa. Kuva:\u00a0ANDREAS BECKER<\/p>\n<p class=\"article-body mb-nof-24 px-nof-16\">Vastik\u00e4\u00e4n marraskuussa ruotsalaisn\u00e4yttelij\u00e4 saapui hymyilev\u00e4isen\u00e4 brittil\u00e4isen The Graham Norton Show -keskusteluohjelman sohvalle nahkahousuissa ja t-paidassa, jonka rinnassa komeili vitsik\u00e4s ja pikkutuhmaksi tulkittava viesti.<\/p>\n<p><img decoding=\"async\" src=\"https:\/\/www.europesays.com\/fi\/wp-content\/uploads\/2025\/12\/1764836590_844_468.jpg\" alt=\"\u201dHot buffet, available all day, eat as much as you like\u201d, luki Alexander Skarsg\u00e5rdin t-paidassa. Sama suomeksi: kuuma buffet, saatavilla koko p\u00e4iv\u00e4n, sy\u00f6 niin paljon kuin haluat.\" class=\"_Img_1rerz_1\" style=\"aspect-ratio:0.6661458333333333\" loading=\"eager\"\/><\/p>\n<p class=\"article-picture-caption\">\u201dHot buffet, available all day, eat as much as you like\u201d, luki Alexander Skarsg\u00e5rdin t-paidassa. Sama suomeksi: kuuma buffet, saatavilla koko p\u00e4iv\u00e4n, sy\u00f6 niin paljon kuin haluat. Kuva:\u00a0Matt Crossick Media Assignments, PA Images \/ Alamy \/ MVPhotos<\/p>\n<p class=\"article-body mb-nof-24 px-nof-16\">Eik\u00e4 siin\u00e4 viel\u00e4 kaikki. Viime toukokuussa Skarsg\u00e5rd n\u00e4htiin Cannesin filmifestivaaleilla nahkasaappaissa ja vintage-t-paidassa, jonka printti esitti saapasta nuolevaa miest\u00e4.<\/p>\n<p><img decoding=\"async\" src=\"https:\/\/www.europesays.com\/fi\/wp-content\/uploads\/2025\/12\/1764836591_138_468.jpg\" alt=\"Skarsg\u00e5rdin paidassa on vahvaa Tom of Finland -henke\u00e4.\" class=\"_Img_1rerz_1\" style=\"aspect-ratio:0.6666666666666666\" loading=\"eager\"\/><\/p>\n<p class=\"article-picture-caption\">Skarsg\u00e5rdin paidassa on vahvaa Tom of Finland -henke\u00e4. Kuva:\u00a0Doug Peters, PA Images \/ Alamy \/ MVPhotos<\/p>\n<p class=\"article-body mb-nof-24 px-nof-16\">Yhteen Cannesin elokuvan\u00e4yt\u00f6ksist\u00e4 n\u00e4yttelij\u00e4 veti ylleen perinteisen puvun, mutta kengiksi h\u00e4n oli valinnut varsin n\u00e4ytt\u00e4v\u00e4t, reisipituiset saappaat.<\/p>\n<p><img decoding=\"async\" src=\"https:\/\/www.europesays.com\/fi\/wp-content\/uploads\/2025\/12\/1764836591_844_468.jpg\" alt=\"Miksi valita tyls\u00e4t puvunkeng\u00e4t, kun voi valita reisisaappaat, tuumi Alexander Skarsg\u00e5rd Cannesissa.\" class=\"_Img_1rerz_1\" style=\"aspect-ratio:0.6666666666666666\" loading=\"eager\"\/><\/p>\n<p class=\"article-picture-caption\">Miksi valita tyls\u00e4t puvunkeng\u00e4t, kun voi valita reisisaappaat, tuumi Alexander Skarsg\u00e5rd Cannesissa. Kuva:\u00a0Boesl \/ DPA Picture Alliance \/ MVPhotos<\/p>\n<p class=\"article-body mb-nof-24 px-nof-16\">Toukokuussa Skarsg\u00e5rd vieraili brittil\u00e4isess\u00e4 Lorraine-talk show\u2019ssa pikkuruisiin shortseihin sonnustautuneena.<\/p>\n<p class=\"article-body mb-nof-24 px-nof-16\">\u2013 Halusin olla seksik\u00e4s t\u00e4n\u00e4\u00e4n, ja ajattelin, ettei ole mit\u00e4\u00e4n seksikk\u00e4\u00e4mp\u00e4\u00e4 kuin keski-ik\u00e4inen mies brittil\u00e4isess\u00e4 koulupoika-asussa, n\u00e4yttelij\u00e4 <a class=\"article-genericlink\" href=\"https:\/\/www.vogue.com\/article\/alexander-skarsgard-expands-his-kinky-method-dressing-wardrobe\" rel=\"nofollow noopener\" target=\"_blank\">lausahti <\/a>juontajan tiedustellessa syyt\u00e4 asulle.<\/p>\n<p class=\"article-body mb-nof-24 px-nof-16\">Voguen mukaan Skarsg\u00e5rdin persoonallisten asujen takana on h\u00e4nen stylistins\u00e4 <a class=\"article-personlink\" href=\"https:\/\/www.is.fi\/haku\/?query=Harry%20Lambert\" rel=\"nofollow noopener\" target=\"_blank\">Harry Lambert<\/a>, joka on tullut tunnetuksi my\u00f6s niin ik\u00e4\u00e4n <a class=\"article-genericlink\" href=\"https:\/\/www.is.fi\/menaiset\/tyyli\/art-2000006325604.html\" rel=\"nofollow noopener\" target=\"_blank\">persoonallisena <\/a>pukeutujana tiedetyn laulaja <a class=\"article-personlink\" href=\"https:\/\/www.is.fi\/haku\/?query=Harry%20Stylesin\" rel=\"nofollow noopener\" target=\"_blank\">Harry Stylesin<\/a> sek\u00e4 n\u00e4yttelij\u00f6iden <a class=\"article-personlink\" href=\"https:\/\/www.is.fi\/haku\/?query=Jacob%20Elordin\" rel=\"nofollow noopener\" target=\"_blank\">Jacob Elordin<\/a>, <a class=\"article-personlink\" href=\"https:\/\/www.is.fi\/haku\/?query=Emma%20Corrinin\" rel=\"nofollow noopener\" target=\"_blank\">Emma Corrinin<\/a> ja <a class=\"article-personlink\" href=\"https:\/\/www.is.fi\/haku\/?query=Josh%20O%E2%80%99Connorin\" rel=\"nofollow noopener\" target=\"_blank\">Josh O\u2019Connorin<\/a> vaatettajana.<\/p>\n<p><img decoding=\"async\" src=\"https:\/\/www.europesays.com\/fi\/wp-content\/uploads\/2025\/12\/1764836591_970_468.jpg\" alt=\"T\u00e4m\u00e4n lyhyemmiksi shortsit eiv\u00e4t en\u00e4\u00e4 juuri voi menn\u00e4. Skarsg\u00e5rd vieraili brittil\u00e4isess\u00e4 talk show\u2019ssa koulupoikahenkisess\u00e4 asussa.\" class=\"_Img_1rerz_1\" style=\"aspect-ratio:0.7380208333333333\" loading=\"eager\"\/><\/p>\n<p class=\"article-picture-caption\">T\u00e4m\u00e4n lyhyemmiksi shortsit eiv\u00e4t en\u00e4\u00e4 juuri voi menn\u00e4. Skarsg\u00e5rd vieraili brittil\u00e4isess\u00e4 talk show\u2019ssa koulupoikahenkisess\u00e4 asussa. Kuva:\u00a0MVPhotos<\/p>\n<p>Syy selvisi<\/p>\n<p class=\"article-body mb-nof-24 px-nof-16\">Alexander Skarsg\u00e5rdin n\u00e4ytt\u00e4v\u00e4t asuvalinnat poikkeavat t\u00e4hden aiemmasta, tavanomaisemmasta tyylist\u00e4. Ne ovatkin saaneet monet h\u00e4mmennyksen valtaan: mist\u00e4 kummasta on kyse?<\/p>\n<p class=\"article-body mb-nof-24 px-nof-16\">Syy piilee elokuvassa, jota Skarsg\u00e5rd on kuluneen vuoden aikana kulkenut esittelem\u00e4ss\u00e4.<\/p>\n<p class=\"article-body mb-nof-24 px-nof-16\">Ruotsalainen n\u00e4yttelee toista p\u00e4\u00e4osaa Pillion-elokuvassa, joka saa ensi-iltansa helmikuussa 2026. Pillionia on kuvailtu kinkyksi ja humoristiseksi, psykologiseksi draamaksi.<\/p>\n<p class=\"article-body mb-nof-24 px-nof-16\">Skarsg\u00e5rd n\u00e4yttelee elokuvassa Ray-nimist\u00e4 moottoripy\u00f6r\u00e4jengin karismaattista johtajaa, joka ryhtyy BDSM-suhteeseen Colin-nimisen miehen kanssa. Colinin roolissa n\u00e4hd\u00e4\u00e4n <a class=\"article-personlink\" href=\"https:\/\/www.is.fi\/haku\/?query=Harry%20Melling\" rel=\"nofollow noopener\" target=\"_blank\">Harry Melling<\/a>, joka muistetaan muun muassa Harry Potter -elokuvien Dudley Dursleyn\u00e4.<\/p>\n<p class=\"article-body mb-nof-24 px-nof-16\">Skarsg\u00e5rd kertoi aiemmin <a class=\"article-genericlink\" href=\"https:\/\/variety.com\/2025\/film\/global\/alexander-skarsgard-sex-pillion-zurich-festival-1236536544\/\" rel=\"nofollow noopener\" target=\"_blank\">Variety-lehdelle<\/a> olevansa innoissaan roolistaan.<\/p>\n<p class=\"article-body mb-nof-24 px-nof-16\">\u2013 Ei ole oikeastaan v\u00e4li\u00e4, mik\u00e4 oma taustani on. Minulla on lapsi, mutta mit\u00e4 olen tehnyt menneisyydess\u00e4, kenen kanssa olen ollut, miesten, naisten&#8230; Minulle t\u00e4rkeint\u00e4 oli, ett\u00e4 t\u00e4m\u00e4 elokuva tuntui mahdollisuudelta kertoa tarina alakulttuurista, jota en ollut ennen n\u00e4hnyt kuvailtavan n\u00e4in aidosti.<\/p>\n<p class=\"article-body mb-nof-24 px-nof-16\">Fetisseihin viittaavat, humoristiset asut ovat siis mit\u00e4 ilmeisimmin Skarsg\u00e5rdin ja h\u00e4nen stylistins\u00e4 tapa leikitell\u00e4 tulevan elokuvan teemoilla.<\/p>\n<p class=\"article-body mb-nof-24 px-nof-16\">Vaikka n\u00e4yttelij\u00e4n uusi tyyli on nostattanut kulmakarvoja, ovat monet olleet innoissaan miehen asuista. Kun Vogue <a class=\"article-genericlink\" href=\"https:\/\/www.instagram.com\/p\/DRsZ1y9Eu7h\/?img_index=2\" rel=\"nofollow noopener\" target=\"_blank\">jakoi kuvan<\/a> Skarsg\u00e5rdin koulupoika-asusta Instagram-tilill\u00e4\u00e4n, fanit riensiv\u00e4t hehkuttamaan:<\/p>\n<p class=\"article-body mb-nof-24 px-nof-16\">\u2013 Ei ole mit\u00e4\u00e4n seksikk\u00e4\u00e4mp\u00e4\u00e4 kuin mies, joka ei v\u00e4lit\u00e4 tippaakaan stereotyyppisest\u00e4 maskuliinisuudesta.<\/p>\n<p class=\"article-body mb-nof-24 px-nof-16\">\u2013 H\u00e4nen tyylins\u00e4 on osa pressikiertuetta. Nerokasta markkinointia k\u00e4ytt\u00e4\u00e4 muotia hyv\u00e4kseen t\u00e4ll\u00e4 tavalla.<\/p>\n<p class=\"article-body mb-nof-24 px-nof-16\">\u2013 H\u00e4n on yksinkertaisesti paras.<\/p>\n<p class=\"article-body nof-ui-body-medium mb-nof-24 px-nof-16\">L\u00e4hteet: <a class=\"article-genericlink article-endnote\" href=\"https:\/\/www.vogue.com\/article\/alexander-skarsgard-graphic-t-shirts\" rel=\"nofollow noopener\" target=\"_blank\">Vogue 1<\/a>, <a class=\"article-genericlink article-endnote\" href=\"https:\/\/www.vogue.com\/article\/alexander-skarsgard-kinky-boots-cannes-film-festival\" rel=\"nofollow noopener\" target=\"_blank\">2<\/a>, <a class=\"article-genericlink article-endnote\" href=\"https:\/\/www.vogue.com\/article\/alexander-skarsgard-expands-his-kinky-method-dressing-wardrobe\" rel=\"nofollow noopener\" target=\"_blank\">3<\/a><\/p>\n<p><script async src=\"\/\/www.instagram.com\/embed.js\"><\/script><\/p>\n","protected":false},"excerpt":{"rendered":"Ruotsalainen Hollywood-t\u00e4hti on viime aikoina n\u00e4hty useissa fetissihenkisiss\u00e4 asuissa. Hollywoodin miesn\u00e4yttelij\u00e4t on totuttu n\u00e4kem\u00e4\u00e4n punaisilla matoilla ja erilaisissa&hellip;\n","protected":false},"author":2,"featured_media":107352,"comment_status":"","ping_status":"","sticky":false,"template":"","format":"standard","meta":{"footnotes":""},"categories":[130],"tags":[137,33,31,30,34,32,109],"class_list":{"0":"post-107351","1":"post","2":"type-post","3":"status-publish","4":"format-standard","5":"has-post-thumbnail","7":"category-viihde","8":"tag-entertainment","9":"tag-fi","10":"tag-finland","11":"tag-finnish","12":"tag-ilta-sanomat","13":"tag-suomi","14":"tag-viihde"},"share_on_mastodon":{"url":"https:\/\/pubeurope.com\/@fi\/115660338571518573","error":""},"_links":{"self":[{"href":"https:\/\/www.europesays.com\/fi\/wp-json\/wp\/v2\/posts\/107351","targetHints":{"allow":["GET"]}}],"collection":[{"href":"https:\/\/www.europesays.com\/fi\/wp-json\/wp\/v2\/posts"}],"about":[{"href":"https:\/\/www.europesays.com\/fi\/wp-json\/wp\/v2\/types\/post"}],"author":[{"embeddable":true,"href":"https:\/\/www.europesays.com\/fi\/wp-json\/wp\/v2\/users\/2"}],"replies":[{"embeddable":true,"href":"https:\/\/www.europesays.com\/fi\/wp-json\/wp\/v2\/comments?post=107351"}],"version-history":[{"count":0,"href":"https:\/\/www.europesays.com\/fi\/wp-json\/wp\/v2\/posts\/107351\/revisions"}],"wp:featuredmedia":[{"embeddable":true,"href":"https:\/\/www.europesays.com\/fi\/wp-json\/wp\/v2\/media\/107352"}],"wp:attachment":[{"href":"https:\/\/www.europesays.com\/fi\/wp-json\/wp\/v2\/media?parent=107351"}],"wp:term":[{"taxonomy":"category","embeddable":true,"href":"https:\/\/www.europesays.com\/fi\/wp-json\/wp\/v2\/categories?post=107351"},{"taxonomy":"post_tag","embeddable":true,"href":"https:\/\/www.europesays.com\/fi\/wp-json\/wp\/v2\/tags?post=107351"}],"curies":[{"name":"wp","href":"https:\/\/api.w.org\/{rel}","templated":true}]}}