{"id":107378,"date":"2025-12-04T08:55:09","date_gmt":"2025-12-04T08:55:09","guid":{"rendered":"https:\/\/www.europesays.com\/fi\/107378\/"},"modified":"2025-12-04T08:55:09","modified_gmt":"2025-12-04T08:55:09","slug":"ex-kansanedustaja-loukkaantui-kunniamerkista-minut-on-virallisesti-arvioitu-suomen-huonoimmaksi","status":"publish","type":"post","link":"https:\/\/www.europesays.com\/fi\/107378\/","title":{"rendered":"Ex-kansanedustaja loukkaantui kunniamerkist\u00e4: \u201dMinut on virallisesti arvioitu Suomen huonoimmaksi&#8230;&#8221;"},"content":{"rendered":"<p>Perussuomalaisten entinen kansanedustaja, kirkkoherra Kimmo Kivel\u00e4 ei ole p\u00e4\u00e4ssyt yli kokemastaan n\u00f6yryytyksest\u00e4.<\/p>\n<p class=\"article-body mb-nof-24 px-nof-16\">Perussuomalaisten entinen kansanedustaja, Kiuruveden kirkkoherra <a class=\"article-personlink\" href=\"https:\/\/www.is.fi\/haku\/?query=Kimmo%20Kivel%C3%A4\" rel=\"nofollow noopener\" target=\"_blank\">Kimmo Kivel\u00e4<\/a> kertoo <a class=\"article-genericlink\" href=\"https:\/\/www.facebook.com\/kimmo.kivela.520?locale=fi_FI\" rel=\"nofollow noopener\" target=\"_blank\">Facebook-tilill\u00e4\u00e4n<\/a>, ett\u00e4 potee viel\u00e4kin katkeruutta vuonna 2023 saamastaan kunniamerkist\u00e4.<\/p>\n<p class=\"article-body mb-nof-24 px-nof-16\">\u2013\u2009On rehellisesti sanottava, ett\u00e4 katkeria muistoja palautuu mieleen kahden vuoden takaa, kun lukee kunniamerkkien saajista, Kivel\u00e4 avautuu.<\/p>\n<p class=\"article-body mb-nof-24 px-nof-16\">Kivel\u00e4lle my\u00f6nnettiin kaksi vuotta sitten Suomen Leijonan Ritarimerkki.<\/p>\n<p class=\"article-body mb-nof-24 px-nof-16\">Tuolloin Kivel\u00e4 loukkaantui saamastaan kunniamerkist\u00e4 siin\u00e4 m\u00e4\u00e4rin, ett\u00e4 h\u00e4n ilmoitti Facebook-tilill\u00e4\u00e4n, ettei tule vastaanottamaan kunniamerkki\u00e4 ja harkitsee jopa eroa virastaan. P\u00e4ivitys poistettiin my\u00f6hemmin. Kivel\u00e4lle my\u00f6nnettiin siis Suomen Leijonan ritarimerkki.<\/p>\n<p class=\"article-body mb-nof-24 px-nof-16\">Kivel\u00e4n mukaan h\u00e4nelle olisi kuulunut Suomen Valkoisen Ruusun I luokan Ritarimerkki tai jopa Suomen Leijonan Komentajamerkki.<\/p>\n<p class=\"article-body mb-nof-24 px-nof-16\">\u2013\u2009Kirkkoherran virassa olleelle ei kai ollut t\u00e4m\u00e4n tasoista merkki\u00e4 aiemmin my\u00f6nnetty, eik\u00e4 my\u00f6hemmink\u00e4\u00e4n, Kivel\u00e4 kuitenkin toteaa.<\/p>\n<p class=\"article-body mb-nof-24 px-nof-16\">\u2013\u2009Mutta on hyv\u00e4ksytt\u00e4v\u00e4 se, ett\u00e4 minut on virallisesti arvioitu Suomen huonoimmaksi kirkkoherraksi. Sille voi jo nauraa ja jonkun osahan se on joka tapauksessa, h\u00e4n lohkaisee.<\/p>\n<p class=\"article-body mb-nof-24 px-nof-16\">Tasavallan presidentti <a class=\"article-personlink\" href=\"https:\/\/www.is.fi\/haku\/?query=Alexander%20Stubb\" rel=\"nofollow noopener\" target=\"_blank\">Alexander Stubb<\/a> my\u00f6nsi keskiviikkona kunnia\u00admerkkej\u00e4. N\u00e4it\u00e4 ovat saaneet muun muassa virassaan ansioituneet valtiojohdon edustajat.<\/p>\n<p class=\"article-body mb-nof-24 px-nof-16\">Vuonna 2023 Kivel\u00e4 purki \u00e4rtymyst\u00e4\u00e4n IS:lle sanomalla, ett\u00e4 h\u00e4n on \u201dk\u00e4ytt\u00e4ytynyt harkitusti kuin puberteetti-ik\u00e4inen\u201d.<\/p>\n<p class=\"article-body mb-nof-24 px-nof-16\">\u2014 T\u00e4m\u00e4n ik\u00e4isest\u00e4 miehest\u00e4 kuitenkin tuntuu pahalta. Virkaurani perusteella olisin jo 15 vuotta sitten ansainnut sellaisen kunniamerkin, jota ilmoitin toivoneeni, Kivel\u00e4 sanoi.<\/p>\n<p class=\"article-body mb-nof-24 px-nof-16\">\u2014 Olisi ollut toki hienoa ottaa vastaan kunniamerkki suuresti arvostamaltani nykyiselt\u00e4 presidentilt\u00e4, mutta en ota vastaan t\u00e4llaista merkki\u00e4.<\/p>\n<p class=\"article-body mb-nof-24 px-nof-16\">Vaikkei Kivel\u00e4 h\u00e4nelle my\u00f6nnetty\u00e4 arvomerkki\u00e4 vastaanottanutkaan, eroaikeisiinsa h\u00e4n arveli kuitenkin suhtautuvansa toisin \u201dpienten p\u00e4ikk\u00e4rien j\u00e4lkeen\u201d.<\/p>\n<p class=\"article-body mb-nof-24 px-nof-16\">Kivel\u00e4 valittiin kansanedustajaksi ensimm\u00e4isen kerran vuoden 2011 vaaleissa perussuomalaisten listalta Pohjois-Savon vaalipiirist\u00e4. Sittemmin Kivel\u00e4 siirtyi Sininen tulevaisuus -puolueen kansanedustajaksi.<\/p>\n","protected":false},"excerpt":{"rendered":"Perussuomalaisten entinen kansanedustaja, kirkkoherra Kimmo Kivel\u00e4 ei ole p\u00e4\u00e4ssyt yli kokemastaan n\u00f6yryytyksest\u00e4. Perussuomalaisten entinen kansanedustaja, Kiuruveden kirkkoherra Kimmo&hellip;\n","protected":false},"author":2,"featured_media":107379,"comment_status":"","ping_status":"","sticky":false,"template":"","format":"standard","meta":{"footnotes":""},"categories":[5],"tags":[22,23,26,27,33,31,30,17,34,24,25,28,29,15,18,21,32,19,20,16],"class_list":{"0":"post-107378","1":"post","2":"type-post","3":"status-publish","4":"format-standard","5":"has-post-thumbnail","7":"category-otsikot","8":"tag-breaking-news","9":"tag-breakingnews","10":"tag-featured-news","11":"tag-featurednews","12":"tag-fi","13":"tag-finland","14":"tag-finnish","15":"tag-headlines","16":"tag-ilta-sanomat","17":"tag-latest-news","18":"tag-latestnews","19":"tag-main-news","20":"tag-mainnews","21":"tag-news","22":"tag-otsikot","23":"tag-paauutiset","24":"tag-suomi","25":"tag-top-stories","26":"tag-topstories","27":"tag-uutiset"},"share_on_mastodon":{"url":"https:\/\/pubeurope.com\/@fi\/115660464006096134","error":""},"_links":{"self":[{"href":"https:\/\/www.europesays.com\/fi\/wp-json\/wp\/v2\/posts\/107378","targetHints":{"allow":["GET"]}}],"collection":[{"href":"https:\/\/www.europesays.com\/fi\/wp-json\/wp\/v2\/posts"}],"about":[{"href":"https:\/\/www.europesays.com\/fi\/wp-json\/wp\/v2\/types\/post"}],"author":[{"embeddable":true,"href":"https:\/\/www.europesays.com\/fi\/wp-json\/wp\/v2\/users\/2"}],"replies":[{"embeddable":true,"href":"https:\/\/www.europesays.com\/fi\/wp-json\/wp\/v2\/comments?post=107378"}],"version-history":[{"count":0,"href":"https:\/\/www.europesays.com\/fi\/wp-json\/wp\/v2\/posts\/107378\/revisions"}],"wp:featuredmedia":[{"embeddable":true,"href":"https:\/\/www.europesays.com\/fi\/wp-json\/wp\/v2\/media\/107379"}],"wp:attachment":[{"href":"https:\/\/www.europesays.com\/fi\/wp-json\/wp\/v2\/media?parent=107378"}],"wp:term":[{"taxonomy":"category","embeddable":true,"href":"https:\/\/www.europesays.com\/fi\/wp-json\/wp\/v2\/categories?post=107378"},{"taxonomy":"post_tag","embeddable":true,"href":"https:\/\/www.europesays.com\/fi\/wp-json\/wp\/v2\/tags?post=107378"}],"curies":[{"name":"wp","href":"https:\/\/api.w.org\/{rel}","templated":true}]}}