{"id":107390,"date":"2025-12-04T09:15:08","date_gmt":"2025-12-04T09:15:08","guid":{"rendered":"https:\/\/www.europesays.com\/fi\/107390\/"},"modified":"2025-12-04T09:15:08","modified_gmt":"2025-12-04T09:15:08","slug":"diili-toni-ja-jenni-alexandrova-yllatysuutinen","status":"publish","type":"post","link":"https:\/\/www.europesays.com\/fi\/107390\/","title":{"rendered":"Diili-Toni ja Jenni Alexandrova: Yll\u00e4tysuutinen!"},"content":{"rendered":"<p>\n            20250227 HELSINKI. KENRAALIHARJOITUS -ELOKUVAN ENSI-ILTA. Jenni Alexandrova ja Toni L\u00e4hde. KUVA: ATTE KAJOVA<br \/>\n            ATTE KAJOVA\n        <\/p>\n<p class=\"subtitle \">Kaksikko on ollut yhdess\u00e4 yli nelj\u00e4n vuoden ajan.<\/p>\n<p class=\"article-content article-content-width !bg-background\">Diili-ohjelman neuvonantajana tutuksi tullut  ja radiojuontaja  ovat pit\u00e4neet yht\u00e4 yli nelj\u00e4n vuoden ajan.<\/p>\n<p class=\"font-weight-bold m-font-weight-bold article-content article-content-width !bg-background\">Katso video\u00a0\u2013 Jaajo, Toni ja Ameli kertovat, mitk\u00e4 olisivat heid\u00e4n vahvuutensa Diiliss\u00e4:<\/p>\n<p>Etsiv\u00e4t toisiaan vuosikymmenten ajan<\/p>\n<p class=\"article-content article-content-width !bg-background\">Toni ja Jenni ovat tavanneet yhteisten tuttujen kautta vuonna 2021.\u00a0Kaksikko perusti Fiskarsiin Waldemar-nimisen pizzerian, ja he ovat py\u00f6ritt\u00e4neet sit\u00e4 nyt jo nelj\u00e4n kes\u00e4n ajan.\u00a0<\/p>\n<p class=\"article-content article-content-width !bg-background\">Nyt kaksikon suhde etenee uudelle tasolle. <a href=\"https:\/\/www.instagram.com\/p\/DRzikpzCLV5\/\" target=\"_blank\" rel=\"nofollow noopener\">Pariskunta kertoi ilouutiset yhteisess\u00e4 Instagram-postauksessa<\/a>.<\/p>\n<p class=\"article-content article-content-width !bg-background\">\u2013\u00a0T\u00e4ten ilmoitamme, ett\u00e4 t\u00e4ll\u00e4 p\u00e4iv\u00e4m\u00e4\u00e4r\u00e4ll\u00e4, 3.12.2025, olemme allekirjoittaneet kauppakirjan meid\u00e4n yhteisest\u00e4 kodista! Jenni ja Toni iloitsevat.<\/p>\n<p class=\"article-content article-content-width !bg-background\">\u2013 Aikaa meni toistemme l\u00f6yt\u00e4miseen, mutta niin meni asunnonkin! Yli 40 vuotta etsimme toisiamme ja asuntoa sen pari vuotta. Lapset kiljuu innosta!\u00a0<\/p>\n<p>        <a itemprop=\"url\" href=\"https:\/\/www.seiska.fi\/kotimaa\/jenni-alexandrovan-tyomatka-tyssasi-yllattaen-tassa-syy\/1851317\" rel=\"nofollow noopener\" target=\"_blank\"><\/p>\n<p>\nJenni Alexandrova\n<\/p>\n<p class=\"section-date\">\n        <strong class=\"article-section\" data-section=\"kotimaa\"><br \/>\n            kotimaa<br \/>\n        <\/strong><br \/>\n        28.6. 18:30\n    <\/p>\n<p>Jenni Alexandrovan ty\u00f6matka tyss\u00e4si yll\u00e4tt\u00e4en &#8211; t\u00e4ss\u00e4 syy\n    <\/p>\n<p itemprop=\"description\" class=\"subtitle \">\n    Juontaja oli matkassa kumppaninsa Toni L\u00e4hteen kanssa.\n<\/p>\n<p>        <\/a><\/p>\n<p>                <img decoding=\"async\" src=\"https:\/\/www.europesays.com\/fi\/wp-content\/uploads\/2025\/12\/1628440.webp\" width=\"576\" height=\"720\" alt=\"Jenni ja Toni helmikuussa Kenraaliharjoitus-elokuvan ensi-illassa.\" loading=\"lazy\" \/>            <\/p>\n<p>\n            Jenni ja Toni helmikuussa Kenraaliharjoitus-elokuvan ensi-illassa.<br \/>\n            ATTE KAJOVA\n        <\/p>\n<p>Jaajo ei tarjoudu remppa-avuksi<\/p>\n<p class=\"article-content article-content-width !bg-background\">Toni ja Jenni lis\u00e4\u00e4v\u00e4t, ett\u00e4 t\u00e4st\u00e4 alkaa &#8221;the remppa&#8221;.<\/p>\n<p class=\"article-content article-content-width !bg-background\">\u2013\u00a0Ja jos hyv\u00e4\u00e4 remppakaveria etsitte, niin tied\u00e4tte kelle ei kannata soittaa, Diili-ohjelmaa luotsannut  vitsailee.<\/p>\n<p class=\"article-content article-content-width !bg-background\">\u2013\u00a0Ihanaa, onnea pyllyhiiret! Kommentoi juontaja .<\/p>\n<p class=\"article-content article-content-width !bg-background\">Onnittelijoihin liittyiv\u00e4t my\u00f6s muun muassa radiojuontaja  ja hyvinvointivalmentaja .<\/p>\n<p>        <a itemprop=\"url\" href=\"https:\/\/www.seiska.fi\/kotimaa\/lavistys-kasvoissa-tunnistaisitko-diili-tonia-nuoruuskuvasta\/1929235\" rel=\"nofollow noopener\" target=\"_blank\"><\/p>\n<p>\nL\u00e4vistys kasvoissa!\n<\/p>\n<p class=\"section-date\">\n        <strong class=\"article-section\" data-section=\"kotimaa\"><br \/>\n            kotimaa<br \/>\n        <\/strong><br \/>\n        13.9. 19:00\n    <\/p>\n<p>L\u00e4vistys kasvoissa! Tunnistaisitko Diili-Tonia nuoruuskuvasta?\n    <\/p>\n<p itemprop=\"description\" class=\"subtitle \">\n    Tonin tyyli on k\u00e4ynyt l\u00e4pi aikamoisen muodonmuutoksen.\n<\/p>\n<p>        <\/a><\/p>\n<p class=\"article-content article-content-width !bg-background\">Kaksikon uusperheeseen kuuluu my\u00f6s kolme lasta \u2013\u00a0Tonilla on kaksi poikaa aiemmasta suhteestaan, ja Jennill\u00e4 on yksi. Kaikki lapset ovat alaik\u00e4isi\u00e4.<\/p>\n<p><script async src=\"\/\/www.instagram.com\/embed.js\"><\/script><\/p>\n","protected":false},"excerpt":{"rendered":"20250227 HELSINKI. KENRAALIHARJOITUS -ELOKUVAN ENSI-ILTA. Jenni Alexandrova ja Toni L\u00e4hde. KUVA: ATTE KAJOVA ATTE KAJOVA Kaksikko on ollut&hellip;\n","protected":false},"author":2,"featured_media":107391,"comment_status":"","ping_status":"","sticky":false,"template":"","format":"standard","meta":{"footnotes":""},"categories":[130],"tags":[20190,137,33,31,30,20189,2681,7385,3228,32,9777,109],"class_list":{"0":"post-107390","1":"post","2":"type-post","3":"status-publish","4":"format-standard","5":"has-post-thumbnail","7":"category-viihde","8":"tag-diili-ohjelma","9":"tag-entertainment","10":"tag-fi","11":"tag-finland","12":"tag-finnish","13":"tag-fiskars","14":"tag-jaajo-linnonmaa","15":"tag-jenni-alexandrova","16":"tag-radiojuontaja","17":"tag-suomi","18":"tag-toni-lahde","19":"tag-viihde"},"share_on_mastodon":{"url":"https:\/\/pubeurope.com\/@fi\/115660542816248020","error":""},"_links":{"self":[{"href":"https:\/\/www.europesays.com\/fi\/wp-json\/wp\/v2\/posts\/107390","targetHints":{"allow":["GET"]}}],"collection":[{"href":"https:\/\/www.europesays.com\/fi\/wp-json\/wp\/v2\/posts"}],"about":[{"href":"https:\/\/www.europesays.com\/fi\/wp-json\/wp\/v2\/types\/post"}],"author":[{"embeddable":true,"href":"https:\/\/www.europesays.com\/fi\/wp-json\/wp\/v2\/users\/2"}],"replies":[{"embeddable":true,"href":"https:\/\/www.europesays.com\/fi\/wp-json\/wp\/v2\/comments?post=107390"}],"version-history":[{"count":0,"href":"https:\/\/www.europesays.com\/fi\/wp-json\/wp\/v2\/posts\/107390\/revisions"}],"wp:featuredmedia":[{"embeddable":true,"href":"https:\/\/www.europesays.com\/fi\/wp-json\/wp\/v2\/media\/107391"}],"wp:attachment":[{"href":"https:\/\/www.europesays.com\/fi\/wp-json\/wp\/v2\/media?parent=107390"}],"wp:term":[{"taxonomy":"category","embeddable":true,"href":"https:\/\/www.europesays.com\/fi\/wp-json\/wp\/v2\/categories?post=107390"},{"taxonomy":"post_tag","embeddable":true,"href":"https:\/\/www.europesays.com\/fi\/wp-json\/wp\/v2\/tags?post=107390"}],"curies":[{"name":"wp","href":"https:\/\/api.w.org\/{rel}","templated":true}]}}