{"id":107415,"date":"2025-12-04T09:46:10","date_gmt":"2025-12-04T09:46:10","guid":{"rendered":"https:\/\/www.europesays.com\/fi\/107415\/"},"modified":"2025-12-04T09:46:10","modified_gmt":"2025-12-04T09:46:10","slug":"ruokalahetti-koki-kauhunhetkia-helsingissa","status":"publish","type":"post","link":"https:\/\/www.europesays.com\/fi\/107415\/","title":{"rendered":"Ruokal\u00e4hetti koki kauhunhetki\u00e4 Helsingiss\u00e4"},"content":{"rendered":"<p>Tapahtuneella oli silminn\u00e4kij\u00f6it\u00e4, jotka tunnistivat tuomitut. Iltalehden tietojen mukaan heist\u00e4 toisella on yhteyksi\u00e4 \u00e4\u00e4rioikeistoon.<\/p>\n<p><img decoding=\"async\" class=\"image image-show image-preview\" src=\"https:\/\/www.europesays.com\/fi\/wp-content\/uploads\/2025\/12\/2f27168276bef74b2bbbd1c55efb0db6626e7a89ff575b86484ee27370ad7b2a.jpg\" alt=\"\"\/><img decoding=\"async\" class=\"image image-show\" src=\"https:\/\/www.europesays.com\/fi\/wp-content\/uploads\/2025\/12\/1764841570_847_2f27168276bef74b2bbbd1c55efb0db6626e7a89ff575b86484ee27370ad7b2a.jpg\" alt=\"\"\/><\/p>\n<p>Tuomitut valokuvattiin esitutkinnassa. Iltalehden tietojen mukaan heist\u00e4 toisella on yhteyksi\u00e4 \u00e4\u00e4rioikeistolaiseen toimintaan. Oikeudenk\u00e4yntiaineisto<\/p>\n<p class=\"paragraph\">Ruokal\u00e4hetti pahoinpideltiin Helsingiss\u00e4 maaliskuussa 2023. K\u00e4r\u00e4j\u00e4oikeuden mukaan teon motiivi oli rasistinen.<\/p>\n<p class=\"paragraph\">Juuri tilauksen ravintolasta noutanut l\u00e4hetti oli menossa autolleen, kun h\u00e4nen kimppuunsa hy\u00f6k\u00e4ttiin. Huivilla kasvonsa peitt\u00e4nyt mies l\u00f6i l\u00e4hetti\u00e4 takaap\u00e4in.<\/p>\n<p class=\"paragraph\">Lopulta maahan kaatuneen l\u00e4hetin kimpussa oli kolme miest\u00e4. L\u00e4hetin p\u00e4\u00e4t\u00e4 painettiin auton eturenkaan v\u00e4liin samalla kun h\u00e4nt\u00e4 ly\u00f6tiin, potkittiin, nimiteltiin ja haukuttiin.<\/p>\n<p class=\"paragraph\">L\u00e4hetti ei osannut suomea, joten h\u00e4n ei ymm\u00e4rt\u00e4nyt solvausten merkityst\u00e4. Ulkopuolisten silminn\u00e4kij\u00f6iden mukaan uhria nimiteltiin rasistisella termill\u00e4.<\/p>\n<p class=\"paragraph\">Tapahtuneen j\u00e4lkeen kaksi pahoinpitelij\u00e4\u00e4 meni l\u00e4heiseen ravintolaan. Silminn\u00e4kij\u00e4 osoitti heid\u00e4t paikalle saapuneille poliiseille.<\/p>\n<p class=\"paragraph\">Kolmatta pahoinpitelij\u00e4\u00e4 ei tunnistettu.<\/p>\n<p>\u00c4\u00e4rioikeistoyhteyksi\u00e4<\/p>\n<p>28-vuotiaan miehen repusta l\u00f6ytyi paita, jollainen h\u00e4nell\u00e4 silminn\u00e4kij\u00e4n mukaan oli pahoinpitelyn aikana p\u00e4\u00e4ll\u00e4\u00e4n. Oikeudenk\u00e4yntiaineisto<\/p>\n<p class=\"paragraph\">Silminn\u00e4kij\u00e4 tunnisti 25-vuotiaan pahoinpitelij\u00e4n nimelt\u00e4, koska oli k\u00e4ynyt h\u00e4nen kanssaan samaa koulua. Helsingin k\u00e4r\u00e4j\u00e4oikeus piti tunnistamista luotettavana.<\/p>\n<p class=\"paragraph\">28-vuotiaan tuomitun syytteet hyl\u00e4ttiin alun perin k\u00e4r\u00e4jill\u00e4. Todistajan mukaan miehell\u00e4 oli p\u00e4\u00e4ll\u00e4\u00e4n musta Karhu-paita, jollaisen poliisit l\u00f6ysiv\u00e4t h\u00e4nen repustaan. K\u00e4r\u00e4j\u00e4oikeus ei kuitenkaan pit\u00e4nyt t\u00e4t\u00e4 riitt\u00e4v\u00e4n\u00e4 n\u00e4ytt\u00f6n\u00e4 ja hylk\u00e4si syytteet.<\/p>\n<p class=\"paragraph\">Syytt\u00e4j\u00e4 valitti tuomiosta Helsingin hovioikeuteen, joka p\u00e4\u00e4tyi erilaiseen ratkaisuun ja katsoi, ettei 28-vuotiaan miehen syyllisyydest\u00e4 j\u00e4\u00e4nyt varteenotettavaa ep\u00e4ilyst\u00e4. Todistajan kuvaus paidasta oli tarkka.<\/p>\n<p class=\"paragraph\">Kumpikaan tuomituista ei tuntenut ruokal\u00e4hetti\u00e4 entuudestaan. Hovioikeuden mukaan ohikulkenut ruokal\u00e4hetti valikoitui uhriksi tumman ihonv\u00e4rins\u00e4 vuoksi.<\/p>\n<p class=\"paragraph\">Iltalehden tietojen mukaan toisella tuomituista miehist\u00e4 on kamppailulajitaustaa. H\u00e4nell\u00e4 on my\u00f6s sosiaalisen median profiiliensa perusteella yhteyksi\u00e4 \u00e4\u00e4rioikeistolaiseen toimintaan ja jalkapallohuliganismiin.<\/p>\n<p>Yhdyskuntapalvelua ja ehdollista<\/p>\n<p class=\"paragraph\">25-vuotias mies tuomittiin k\u00e4r\u00e4j\u00e4oikeudessa l\u00e4hetin pahoinpitelyst\u00e4 kolmen kuukauden vankeusrangaistukseen, joka muunnettiin 90 tunniksi yhdyskuntapalvelusta. Lis\u00e4ksi h\u00e4net m\u00e4\u00e4r\u00e4ttiin korvaamaan uhrilleen 2000 euroa muun muassa aiheuttamastaan k\u00e4rsimyksest\u00e4 sek\u00e4 maksamaan t\u00e4m\u00e4n oikeudenk\u00e4yntikulut.<\/p>\n<p class=\"paragraph\">Hovioikeus tuomitsi 28-vuotiaan miehen kolmen kuukauden vankeusrangaistukseen. H\u00e4nen tuomiotaan ei muunnettu yhdyskuntapalvelukseksi vaan se on ehdollinen.<\/p>\n<p class=\"paragraph\">Teon rasistinen motiivi korotti kummankin tuomitun rangaistusta.<\/p>\n","protected":false},"excerpt":{"rendered":"Tapahtuneella oli silminn\u00e4kij\u00f6it\u00e4, jotka tunnistivat tuomitut. Iltalehden tietojen mukaan heist\u00e4 toisella on yhteyksi\u00e4 \u00e4\u00e4rioikeistoon. Tuomitut valokuvattiin esitutkinnassa. Iltalehden&hellip;\n","protected":false},"author":2,"featured_media":107416,"comment_status":"","ping_status":"","sticky":false,"template":"","format":"standard","meta":{"footnotes":""},"categories":[12],"tags":[35,22,23,26,27,33,31,30,17,53,24,25,28,29,15,977,976,18,21,38,32,19,20,16,40],"class_list":{"0":"post-107415","1":"post","2":"type-post","3":"status-publish","4":"format-standard","5":"has-post-thumbnail","7":"category-suomi","8":"tag-24h","9":"tag-breaking-news","10":"tag-breakingnews","11":"tag-featured-news","12":"tag-featurednews","13":"tag-fi","14":"tag-finland","15":"tag-finnish","16":"tag-headlines","17":"tag-laki-oikeus-ja-rikos","18":"tag-latest-news","19":"tag-latestnews","20":"tag-main-news","21":"tag-mainnews","22":"tag-news","23":"tag-oikeusistuimet","24":"tag-oikeusprosessit","25":"tag-otsikot","26":"tag-paauutiset","27":"tag-rikos","28":"tag-suomi","29":"tag-top-stories","30":"tag-topstories","31":"tag-uutiset","32":"tag-vakivalta"},"share_on_mastodon":{"url":"https:\/\/pubeurope.com\/@fi\/115660664924961147","error":""},"_links":{"self":[{"href":"https:\/\/www.europesays.com\/fi\/wp-json\/wp\/v2\/posts\/107415","targetHints":{"allow":["GET"]}}],"collection":[{"href":"https:\/\/www.europesays.com\/fi\/wp-json\/wp\/v2\/posts"}],"about":[{"href":"https:\/\/www.europesays.com\/fi\/wp-json\/wp\/v2\/types\/post"}],"author":[{"embeddable":true,"href":"https:\/\/www.europesays.com\/fi\/wp-json\/wp\/v2\/users\/2"}],"replies":[{"embeddable":true,"href":"https:\/\/www.europesays.com\/fi\/wp-json\/wp\/v2\/comments?post=107415"}],"version-history":[{"count":0,"href":"https:\/\/www.europesays.com\/fi\/wp-json\/wp\/v2\/posts\/107415\/revisions"}],"wp:featuredmedia":[{"embeddable":true,"href":"https:\/\/www.europesays.com\/fi\/wp-json\/wp\/v2\/media\/107416"}],"wp:attachment":[{"href":"https:\/\/www.europesays.com\/fi\/wp-json\/wp\/v2\/media?parent=107415"}],"wp:term":[{"taxonomy":"category","embeddable":true,"href":"https:\/\/www.europesays.com\/fi\/wp-json\/wp\/v2\/categories?post=107415"},{"taxonomy":"post_tag","embeddable":true,"href":"https:\/\/www.europesays.com\/fi\/wp-json\/wp\/v2\/tags?post=107415"}],"curies":[{"name":"wp","href":"https:\/\/api.w.org\/{rel}","templated":true}]}}