{"id":107417,"date":"2025-12-04T09:47:07","date_gmt":"2025-12-04T09:47:07","guid":{"rendered":"https:\/\/www.europesays.com\/fi\/107417\/"},"modified":"2025-12-04T09:47:07","modified_gmt":"2025-12-04T09:47:07","slug":"sarjahakija-haki-jalleen-ilta-sanomat","status":"publish","type":"post","link":"https:\/\/www.europesays.com\/fi\/107417\/","title":{"rendered":"Sarjahakija haki j\u00e4lleen &#8211; Ilta-Sanomat"},"content":{"rendered":"<p>Viimeksi syyskuussa Marks haki Tilastokeskuksen p\u00e4\u00e4johtajan pestiin. Elokuussa Marks haki elinvoimakeskuksen ylijohtajan virkaa ja lupa- ja valvontaviraston osastop\u00e4\u00e4llik\u00f6n virkaa.<\/p>\n<p class=\"article-body mb-nof-24 px-nof-16\">Sarjahakijaksi nimetty mysteerihenkil\u00f6 <a class=\"article-personlink\" href=\"https:\/\/www.is.fi\/haku\/?query=Peter%20Marks\" rel=\"nofollow noopener\" target=\"_blank\">Peter Marks<\/a> on hakenut j\u00e4lleen uutta korkea-arvoista virkaa.<\/p>\n<p class=\"article-body mb-nof-24 px-nof-16\">T\u00e4ll\u00e4 kertaa Marks haki Ymp\u00e4rist\u00f6ministeri\u00f6n vesi- ja luontoymp\u00e4rist\u00f6osaston ylijohtajan virkaa. T\u00e4m\u00e4n pestin lis\u00e4ksi Marks laittoi hakemuksen Mets\u00e4hallituksen luontopalvelujohtajan virkaan.<\/p>\n<p class=\"article-body mb-nof-24 px-nof-16\">Vesi- ja luontoymp\u00e4rist\u00f6osasto vastaa asioista, jotka koskevat luonnon monimuotoisuutta, pinta- ja pohjavesien sek\u00e4 merien suojelua, luonnon virkistysk\u00e4ytt\u00f6\u00e4, maa- ja mets\u00e4talouden sek\u00e4 maa-ainesten oton, biotekniikan ymp\u00e4rist\u00f6haittojen ehk\u00e4isemist\u00e4 sek\u00e4 ymp\u00e4rist\u00f6n seurannan yhteensovittamista.<\/p>\n<p class=\"article-body mb-nof-24 px-nof-16\">Lue lis\u00e4\u00e4: <a class=\"article-genericlink\" href=\"https:\/\/www.is.fi\/kotimaa\/art-2000009374208.html\" rel=\"nofollow noopener\" target=\"_blank\">Sama mies hakee l\u00e4hes kaikkia huippu\u00advirkoja Suomessa \u2013 IS tutustui Peter Marksin ty\u00f6\u00adhakemuksiin<\/a><\/p>\n<p class=\"article-body mb-nof-24 px-nof-16\">Lis\u00e4ksi osasto vastaa Mets\u00e4hallituksen luontopalveluiden tulosohjauksen valmisteluteht\u00e4vist\u00e4.<\/p>\n<p class=\"article-body mb-nof-24 px-nof-16\">Viimeksi syyskuussa Marks haki Tilastokeskuksen p\u00e4\u00e4johtajan pestiin. Elokuussa Marks haki elinvoimakeskuksen ylijohtajan virkaa ja lupa- ja valvontaviraston osastop\u00e4\u00e4llik\u00f6n virkaa.<\/p>\n<p class=\"article-body mb-nof-24 px-nof-16\">Kolmas hakupaikka oli Oulun ja Lapin poliisilaitoksen poliisip\u00e4\u00e4llikk\u00f6.<\/p>\n<p class=\"article-body mb-nof-24 px-nof-16\">Aiemmin Marks on\u202fhakenut muun muassa valtion kyberturvallisuusjohtajaksi, Pirkanmaan te-toimiston johtajaksi, verohallinnon p\u00e4\u00e4johtajaksi, valtakunnansovittelijaksi ja Ahvenan\u00admaan maaherraksi.<\/p>\n","protected":false},"excerpt":{"rendered":"Viimeksi syyskuussa Marks haki Tilastokeskuksen p\u00e4\u00e4johtajan pestiin. Elokuussa Marks haki elinvoimakeskuksen ylijohtajan virkaa ja lupa- ja valvontaviraston osastop\u00e4\u00e4llik\u00f6n&hellip;\n","protected":false},"author":2,"featured_media":107418,"comment_status":"","ping_status":"","sticky":false,"template":"","format":"standard","meta":{"footnotes":""},"categories":[5],"tags":[22,23,26,27,33,31,30,17,34,24,25,28,29,15,18,21,32,19,20,16],"class_list":{"0":"post-107417","1":"post","2":"type-post","3":"status-publish","4":"format-standard","5":"has-post-thumbnail","7":"category-otsikot","8":"tag-breaking-news","9":"tag-breakingnews","10":"tag-featured-news","11":"tag-featurednews","12":"tag-fi","13":"tag-finland","14":"tag-finnish","15":"tag-headlines","16":"tag-ilta-sanomat","17":"tag-latest-news","18":"tag-latestnews","19":"tag-main-news","20":"tag-mainnews","21":"tag-news","22":"tag-otsikot","23":"tag-paauutiset","24":"tag-suomi","25":"tag-top-stories","26":"tag-topstories","27":"tag-uutiset"},"share_on_mastodon":{"url":"https:\/\/pubeurope.com\/@fi\/115660668477976499","error":""},"_links":{"self":[{"href":"https:\/\/www.europesays.com\/fi\/wp-json\/wp\/v2\/posts\/107417","targetHints":{"allow":["GET"]}}],"collection":[{"href":"https:\/\/www.europesays.com\/fi\/wp-json\/wp\/v2\/posts"}],"about":[{"href":"https:\/\/www.europesays.com\/fi\/wp-json\/wp\/v2\/types\/post"}],"author":[{"embeddable":true,"href":"https:\/\/www.europesays.com\/fi\/wp-json\/wp\/v2\/users\/2"}],"replies":[{"embeddable":true,"href":"https:\/\/www.europesays.com\/fi\/wp-json\/wp\/v2\/comments?post=107417"}],"version-history":[{"count":0,"href":"https:\/\/www.europesays.com\/fi\/wp-json\/wp\/v2\/posts\/107417\/revisions"}],"wp:featuredmedia":[{"embeddable":true,"href":"https:\/\/www.europesays.com\/fi\/wp-json\/wp\/v2\/media\/107418"}],"wp:attachment":[{"href":"https:\/\/www.europesays.com\/fi\/wp-json\/wp\/v2\/media?parent=107417"}],"wp:term":[{"taxonomy":"category","embeddable":true,"href":"https:\/\/www.europesays.com\/fi\/wp-json\/wp\/v2\/categories?post=107417"},{"taxonomy":"post_tag","embeddable":true,"href":"https:\/\/www.europesays.com\/fi\/wp-json\/wp\/v2\/tags?post=107417"}],"curies":[{"name":"wp","href":"https:\/\/api.w.org\/{rel}","templated":true}]}}