{"id":107421,"date":"2025-12-04T09:59:12","date_gmt":"2025-12-04T09:59:12","guid":{"rendered":"https:\/\/www.europesays.com\/fi\/107421\/"},"modified":"2025-12-04T09:59:12","modified_gmt":"2025-12-04T09:59:12","slug":"laurence-fishburne-ei-muista-matrixin-tekemista-vain-hyvalla-minuun-sattui-ihan-koko-ajan","status":"publish","type":"post","link":"https:\/\/www.europesays.com\/fi\/107421\/","title":{"rendered":"Laurence Fishburne ei muista Matrixin tekemist\u00e4 vain hyv\u00e4ll\u00e4: \u201cMinuun sattui ihan koko ajan\u201d"},"content":{"rendered":"<p>Kuva: \u00a9 Warner Bros. Entertainment Inc. <\/p>\n<p>The Matrixin j\u00e4lkeen Lawrence Fisburne alkoi arvostaa kivun kanssa el\u00e4vi\u00e4 huippu-urheiljoita.<\/p>\n<p><a href=\"https:\/\/muropaketti.com\/avainsana\/laurence-fishburne\/\" rel=\"nofollow noopener\" target=\"_blank\">Laurence Fishburne<\/a> osallistui Marokossa j\u00e4rjestett\u00e4ville Marrakechin elokuvajuhlille, jossa h\u00e4n oli mukana yli 1,5 tunnin mittaisessa keskustelutilaisuudessa. N\u00e4yttelij\u00e4 muisteli ja k\u00e4vi l\u00e4pi uraansa <a href=\"https:\/\/variety.com\/2025\/film\/festivals\/laurence-fishburne-matrix-boyz-hood-abel-ferrara-1236597047\" target=\"_blank\" rel=\"noreferrer noopener nofollow\">Varietyn<\/a> mukaan lavalla leppoisaan tyyliin.<\/p>\n<p>Fishburne muisteli muun muassa vuoden 1999 Matrix-elokuvan tekemisen olleen kunnnon r\u00e4\u00e4kki\u00e4.<\/p>\n<p>\u201dOlimme Keanu Reevesin ja Carrie-Anne Mossin kannsa periaatteessa ensimm\u00e4isi\u00e4 l\u00e4nkk\u00e4reit\u00e4 jotka tekiv\u00e4t leffan Hong Kong -tyyliin. Taistelulaji-koreografi Yuen Woo-ping oli eritt\u00e4in huolissaan ennen kuvauksia, eik\u00e4 uskonut meid\u00e4n selvi\u00e4v\u00e4n niist\u00e4. H\u00e4n treenasi ja r\u00e4\u00e4kk\u00e4si meit\u00e4 kuin huippu-urheilijoita. Valmistaumisprosessin aikana tajusin miksi ammattiurheilijoille maksetaan huimia palkkioita. He el\u00e4v\u00e4t kivun kanssa koko ajan. Ei punttitreenin j\u00e4lkeisen lihaskivun kanssa, vaan kroonisen kivun. Minuun sattui ihan koko ajan.\u201d<\/p>\n<p>Fishburne k\u00e4vi juttutuokion aikana l\u00e4pi uraansa alusta asti. H\u00e4n puhui muun muassa l\u00e4pimurtoroolistaan elokuvassa Ilmestyskirja. Nyt. ja kertoi lis\u00e4ksi leffoista King of New York, Boyz N the Hood ja monista muista.<\/p>\n<p>Koko 1,5 tunnin rupattelusessiosta ei ole valitettavasti viel\u00e4 julkaistu netiss\u00e4.<\/p>\n","protected":false},"excerpt":{"rendered":"Kuva: \u00a9 Warner Bros. Entertainment Inc. The Matrixin j\u00e4lkeen Lawrence Fisburne alkoi arvostaa kivun kanssa el\u00e4vi\u00e4 huippu-urheiljoita. Laurence&hellip;\n","protected":false},"author":2,"featured_media":63676,"comment_status":"","ping_status":"","sticky":false,"template":"","format":"standard","meta":{"footnotes":""},"categories":[136],"tags":[407,137,33,31,30,408,14155,11932,32,109],"class_list":{"0":"post-107421","1":"post","2":"type-post","3":"status-publish","4":"format-standard","5":"has-post-thumbnail","7":"category-julkkikset","8":"tag-celebrities","9":"tag-entertainment","10":"tag-fi","11":"tag-finland","12":"tag-finnish","13":"tag-julkkikset","14":"tag-laurence-fishburne","15":"tag-matrix","16":"tag-suomi","17":"tag-viihde"},"share_on_mastodon":{"url":"https:\/\/pubeurope.com\/@fi\/115660715665757041","error":""},"_links":{"self":[{"href":"https:\/\/www.europesays.com\/fi\/wp-json\/wp\/v2\/posts\/107421","targetHints":{"allow":["GET"]}}],"collection":[{"href":"https:\/\/www.europesays.com\/fi\/wp-json\/wp\/v2\/posts"}],"about":[{"href":"https:\/\/www.europesays.com\/fi\/wp-json\/wp\/v2\/types\/post"}],"author":[{"embeddable":true,"href":"https:\/\/www.europesays.com\/fi\/wp-json\/wp\/v2\/users\/2"}],"replies":[{"embeddable":true,"href":"https:\/\/www.europesays.com\/fi\/wp-json\/wp\/v2\/comments?post=107421"}],"version-history":[{"count":0,"href":"https:\/\/www.europesays.com\/fi\/wp-json\/wp\/v2\/posts\/107421\/revisions"}],"wp:featuredmedia":[{"embeddable":true,"href":"https:\/\/www.europesays.com\/fi\/wp-json\/wp\/v2\/media\/63676"}],"wp:attachment":[{"href":"https:\/\/www.europesays.com\/fi\/wp-json\/wp\/v2\/media?parent=107421"}],"wp:term":[{"taxonomy":"category","embeddable":true,"href":"https:\/\/www.europesays.com\/fi\/wp-json\/wp\/v2\/categories?post=107421"},{"taxonomy":"post_tag","embeddable":true,"href":"https:\/\/www.europesays.com\/fi\/wp-json\/wp\/v2\/tags?post=107421"}],"curies":[{"name":"wp","href":"https:\/\/api.w.org\/{rel}","templated":true}]}}