{"id":107422,"date":"2025-12-04T10:03:12","date_gmt":"2025-12-04T10:03:12","guid":{"rendered":"https:\/\/www.europesays.com\/fi\/107422\/"},"modified":"2025-12-04T10:03:12","modified_gmt":"2025-12-04T10:03:12","slug":"mayhem-julkaisi-uuden-naytteen-tulevalta-levylta-muista-myos-alkuvuoden-suomen-keikka","status":"publish","type":"post","link":"https:\/\/www.europesays.com\/fi\/107422\/","title":{"rendered":"Mayhem julkaisi uuden n\u00e4ytteen tulevalta levylt\u00e4 &#8211; muista my\u00f6s alkuvuoden Suomen-keikka"},"content":{"rendered":"<p>Black metal -legenda <strong>Mayhem <\/strong>julkaisee uuden Liturgy of Death -pitk\u00e4soiton 6. helmikuuta. Levylt\u00e4 on aiemmin saatu n\u00e4ytteeksi Weep for Nothing -single <a href=\"https:\/\/youtu.be\/E7BxylkYCI0\" target=\"_blank\" rel=\"noreferrer noopener nofollow\">videoineen<\/a>, ja nyt julkaisuvuorossa on toinen singlelohkaisu Despair. Katso Despairin kylkeen tehty visualizer-video alta.<\/p>\n<p>Mayhem n\u00e4hd\u00e4\u00e4n Suomessa pian uuden levyn ilmestymisen j\u00e4lkeen. Norjalaislegenda konsertoi <strong>Mardukin <\/strong>ja <strong>Immolationin <\/strong>kanssa Helsingin Kulttuuritalolla 26. helmikuuta.<\/p>\n<p><img loading=\"lazy\" decoding=\"async\" alt=\"YouTube video\" width=\"480\" height=\"360\" data-pin-nopin=\"true\" nopin=\"nopin\" class=\"perfmatters-lazy\" src=\"https:\/\/www.europesays.com\/fi\/wp-content\/uploads\/2025\/12\/1764767048_127_hqdefault.jpg\"\/><\/p>\n<p>Lue my\u00f6s: <a href=\"https:\/\/www.inferno.fi\/uutiset\/suomeen-saapuva-mayhem-julkaisi-tulevan-levyn-ensimmaisen-singlen\/\" title=\"Suomeen saapuva Mayhem julkaisi tulevan levyn ensimm\u00e4isen singlen\" class=\"underline-custom !font-montserrat !font-bold !underline-offset-4 !decoration-4 !decoration-red-600 !text-md\" rel=\"nofollow noopener\" target=\"_blank\">Suomeen saapuva Mayhem julkaisi tulevan levyn ensimm\u00e4isen singlen<\/a><\/p>\n<p>Lue my\u00f6s: <a href=\"https:\/\/www.inferno.fi\/uutiset\/necrobutcher-mayhemin-pitkaikaisyydesta-tama-on-elamantyoni-olen-aina-uskonut-siihen\/\" title=\"Necrobutcher Mayhemin pitk\u00e4ik\u00e4isyydest\u00e4: \u201dT\u00e4m\u00e4 on el\u00e4m\u00e4nty\u00f6ni, olen aina uskonut siihen\u201d\" class=\"underline-custom !font-montserrat !font-bold !underline-offset-4 !decoration-4 !decoration-red-600 !text-md\" rel=\"nofollow noopener\" target=\"_blank\">Necrobutcher Mayhemin pitk\u00e4ik\u00e4isyydest\u00e4: \u201dT\u00e4m\u00e4 on el\u00e4m\u00e4nty\u00f6ni, olen aina uskonut siihen\u201d<\/a><\/p>\n<p>\t\t\t<a href=\"https:\/\/www.facebook.com\/sharer\/sharer.php?u=https:\/\/www.inferno.fi\/uutiset\/mayhem-julkaisi-uuden-naytteen-tulevalta-levylta-muista-myos-alkuvuoden-suomen-keikka\/\" target=\"_blank\" class=\"block px-4 py-2 text-sm text-gray-800 border-b hover:bg-gray-200\" rel=\"nofollow noopener\"><\/p>\n<p>\t\t\t\tFacebook<br \/>\n\t\t\t<\/a><br \/>\n\t\t\t<a href=\"https:\/\/twitter.com\/intent\/tweet?text=https:\/\/www.inferno.fi\/uutiset\/mayhem-julkaisi-uuden-naytteen-tulevalta-levylta-muista-myos-alkuvuoden-suomen-keikka\/\" target=\"_blank\" class=\"block px-4 py-2 text-sm text-gray-800 border-b hover:bg-gray-200\" rel=\"nofollow noopener\"><\/p>\n<p>\t\t\t\tTwitter<br \/>\n\t\t\t<\/a><br \/>\n\t\t\t<a href=\"mailto:?subject=Mayhem julkaisi uuden n\u00e4ytteen tulevalta levylt\u00e4 \u2013 muista my\u00f6s alkuvuoden Suomen-keikka&amp;body=https:\/\/www.inferno.fi\/uutiset\/mayhem-julkaisi-uuden-naytteen-tulevalta-levylta-muista-myos-alkuvuoden-suomen-keikka\/\" target=\"_blank\" class=\"block px-4 py-2 text-sm text-gray-800 border-b hover:bg-gray-200\"><\/p>\n<p>\t\t\t\tS\u00e4hk\u00f6posti<\/a><\/p>\n<p><script async src=\"https:\/\/platform.twitter.com\/widgets.js\" charset=\"utf-8\"><\/script><\/p>\n","protected":false},"excerpt":{"rendered":"Black metal -legenda Mayhem julkaisee uuden Liturgy of Death -pitk\u00e4soiton 6. helmikuuta. Levylt\u00e4 on aiemmin saatu n\u00e4ytteeksi Weep&hellip;\n","protected":false},"author":2,"featured_media":107423,"comment_status":"","ping_status":"","sticky":false,"template":"","format":"standard","meta":{"footnotes":""},"categories":[132],"tags":[1877,137,33,31,30,195,47,1244,32,1245,109,20195],"class_list":{"0":"post-107422","1":"post","2":"type-post","3":"status-publish","4":"format-standard","5":"has-post-thumbnail","7":"category-musiikki","8":"tag-black-metal","9":"tag-entertainment","10":"tag-fi","11":"tag-finland","12":"tag-finnish","13":"tag-music","14":"tag-musiikki","15":"tag-single","16":"tag-suomi","17":"tag-tuleva-levy","18":"tag-viihde","19":"tag-visualizer"},"share_on_mastodon":{"url":"https:\/\/pubeurope.com\/@fi\/115660731573245136","error":""},"_links":{"self":[{"href":"https:\/\/www.europesays.com\/fi\/wp-json\/wp\/v2\/posts\/107422","targetHints":{"allow":["GET"]}}],"collection":[{"href":"https:\/\/www.europesays.com\/fi\/wp-json\/wp\/v2\/posts"}],"about":[{"href":"https:\/\/www.europesays.com\/fi\/wp-json\/wp\/v2\/types\/post"}],"author":[{"embeddable":true,"href":"https:\/\/www.europesays.com\/fi\/wp-json\/wp\/v2\/users\/2"}],"replies":[{"embeddable":true,"href":"https:\/\/www.europesays.com\/fi\/wp-json\/wp\/v2\/comments?post=107422"}],"version-history":[{"count":0,"href":"https:\/\/www.europesays.com\/fi\/wp-json\/wp\/v2\/posts\/107422\/revisions"}],"wp:featuredmedia":[{"embeddable":true,"href":"https:\/\/www.europesays.com\/fi\/wp-json\/wp\/v2\/media\/107423"}],"wp:attachment":[{"href":"https:\/\/www.europesays.com\/fi\/wp-json\/wp\/v2\/media?parent=107422"}],"wp:term":[{"taxonomy":"category","embeddable":true,"href":"https:\/\/www.europesays.com\/fi\/wp-json\/wp\/v2\/categories?post=107422"},{"taxonomy":"post_tag","embeddable":true,"href":"https:\/\/www.europesays.com\/fi\/wp-json\/wp\/v2\/tags?post=107422"}],"curies":[{"name":"wp","href":"https:\/\/api.w.org\/{rel}","templated":true}]}}