{"id":107461,"date":"2025-12-04T11:05:08","date_gmt":"2025-12-04T11:05:08","guid":{"rendered":"https:\/\/www.europesays.com\/fi\/107461\/"},"modified":"2025-12-04T11:05:08","modified_gmt":"2025-12-04T11:05:08","slug":"kysytaanko-kaupoissa-papereita-nuorilta-tassa-testin-tulos","status":"publish","type":"post","link":"https:\/\/www.europesays.com\/fi\/107461\/","title":{"rendered":"Kysyt\u00e4\u00e4nk\u00f6 kaupoissa papereita nuorilta? T\u00e4ss\u00e4 testin tulos"},"content":{"rendered":"<p>Tampereella ja l\u00e4hikunnissa tehtiin elo- ja marraskuussa ostokokeita, joilla selvitettiin\u00a0alkoholin ja nikotiinituotteiden ik\u00e4rajavalvontaa v\u00e4hitt\u00e4iskaupoissa.<\/p>\n<p class=\"article-body mb-nof-24 px-nof-16\">Alkoholin ja nikotiinituotteiden ik\u00e4rajavalvonnassa on kuntien v\u00e4lill\u00e4 selkeit\u00e4 eroja, kertoo Pirkanmaan hyvinvointialue tiedotteessaan.<\/p>\n<p class=\"article-body mb-nof-24 px-nof-16\">Tampereella ja l\u00e4hikunnissa tehtiin elo- ja marraskuussa ostokokeita, joilla selvitettiin\u00a0alkoholin ja nikotiinituotteiden ik\u00e4rajavalvontaa v\u00e4hitt\u00e4iskaupoissa.<\/p>\n<p class=\"article-body mb-nof-24 px-nof-16\">Kokeissa selvitettiin, kysyt\u00e4\u00e4nk\u00f6 noin\u202f18\u201320-vuotiaalta koeostajalta henkil\u00f6llisyystodistusta. Lis\u00e4ksi\u00a0kokeessa seurattiin, myytiink\u00f6 tuotteita henkil\u00f6llisyystodistuksen tarkastuksen j\u00e4lkeen.<\/p>\n<p class=\"article-body mb-nof-24 px-nof-16\">Ostokokeita tehtiin kaikkiaan 354, ja ne kohdistuivat eri kokoisiin marketteihin sek\u00e4 kioskeille ja huoltoasemille Tampereella, Kangasalla, Lemp\u00e4\u00e4l\u00e4ss\u00e4, Nokialla, Pirkkalassa ja Yl\u00f6j\u00e4rvell\u00e4.<\/p>\n<p class=\"article-body mb-nof-24 px-nof-16\">Liikkeist\u00e4 78,8 prosentissa kysyttiin nuorelta ostajalta todistusta i\u00e4st\u00e4. Lopuissa ik\u00e4\u00e4 ei pyydetty todistamaan. Muutamassa tapauksessa alkoholia tai nikotiinituotteita myytiin, vaikka nuorella ei ollut esitt\u00e4\u00e4 henkil\u00f6llisyystodistusta.<\/p>\n<p class=\"article-body mb-nof-24 px-nof-16\">Ehk\u00e4isev\u00e4n p\u00e4ihdety\u00f6n suunnittelija Iina Nummi Pirkanmaan hyvinvointialueelta kertoo tiedotteessa, ett\u00e4 tuloksia on k\u00e4sitelty ty\u00f6ryhmiss\u00e4 sek\u00e4 paikkakunnittain ett\u00e4 liikkeiden koon perusteella.<\/p>\n<p class=\"article-body mb-nof-24 px-nof-16\">\u2013 Erityisesti niiss\u00e4 kunnissa, joissa ik\u00e4rajavalvonnassa havaittiin selkeit\u00e4 puutteita, on tarpeen k\u00e4yd\u00e4 keskustelua eri osapuolien kesken ja pohtia, miten tilannetta voitaisiin parantaa yhteisty\u00f6ss\u00e4, Nummi toteaa.<\/p>\n","protected":false},"excerpt":{"rendered":"Tampereella ja l\u00e4hikunnissa tehtiin elo- ja marraskuussa ostokokeita, joilla selvitettiin\u00a0alkoholin ja nikotiinituotteiden ik\u00e4rajavalvontaa v\u00e4hitt\u00e4iskaupoissa. Alkoholin ja nikotiinituotteiden ik\u00e4rajavalvonnassa&hellip;\n","protected":false},"author":2,"featured_media":107462,"comment_status":"","ping_status":"","sticky":false,"template":"","format":"standard","meta":{"footnotes":""},"categories":[12],"tags":[22,23,26,27,33,31,30,17,34,24,25,28,29,15,18,21,32,19,20,16],"class_list":{"0":"post-107461","1":"post","2":"type-post","3":"status-publish","4":"format-standard","5":"has-post-thumbnail","7":"category-suomi","8":"tag-breaking-news","9":"tag-breakingnews","10":"tag-featured-news","11":"tag-featurednews","12":"tag-fi","13":"tag-finland","14":"tag-finnish","15":"tag-headlines","16":"tag-ilta-sanomat","17":"tag-latest-news","18":"tag-latestnews","19":"tag-main-news","20":"tag-mainnews","21":"tag-news","22":"tag-otsikot","23":"tag-paauutiset","24":"tag-suomi","25":"tag-top-stories","26":"tag-topstories","27":"tag-uutiset"},"share_on_mastodon":{"url":"https:\/\/pubeurope.com\/@fi\/115660975315907537","error":""},"_links":{"self":[{"href":"https:\/\/www.europesays.com\/fi\/wp-json\/wp\/v2\/posts\/107461","targetHints":{"allow":["GET"]}}],"collection":[{"href":"https:\/\/www.europesays.com\/fi\/wp-json\/wp\/v2\/posts"}],"about":[{"href":"https:\/\/www.europesays.com\/fi\/wp-json\/wp\/v2\/types\/post"}],"author":[{"embeddable":true,"href":"https:\/\/www.europesays.com\/fi\/wp-json\/wp\/v2\/users\/2"}],"replies":[{"embeddable":true,"href":"https:\/\/www.europesays.com\/fi\/wp-json\/wp\/v2\/comments?post=107461"}],"version-history":[{"count":0,"href":"https:\/\/www.europesays.com\/fi\/wp-json\/wp\/v2\/posts\/107461\/revisions"}],"wp:featuredmedia":[{"embeddable":true,"href":"https:\/\/www.europesays.com\/fi\/wp-json\/wp\/v2\/media\/107462"}],"wp:attachment":[{"href":"https:\/\/www.europesays.com\/fi\/wp-json\/wp\/v2\/media?parent=107461"}],"wp:term":[{"taxonomy":"category","embeddable":true,"href":"https:\/\/www.europesays.com\/fi\/wp-json\/wp\/v2\/categories?post=107461"},{"taxonomy":"post_tag","embeddable":true,"href":"https:\/\/www.europesays.com\/fi\/wp-json\/wp\/v2\/tags?post=107461"}],"curies":[{"name":"wp","href":"https:\/\/api.w.org\/{rel}","templated":true}]}}