{"id":107463,"date":"2025-12-04T11:06:11","date_gmt":"2025-12-04T11:06:11","guid":{"rendered":"https:\/\/www.europesays.com\/fi\/107463\/"},"modified":"2025-12-04T11:06:11","modified_gmt":"2025-12-04T11:06:11","slug":"s-ryhma-havikkikassit-revitaan-nyt-kasista","status":"publish","type":"post","link":"https:\/\/www.europesays.com\/fi\/107463\/","title":{"rendered":"S-ryhm\u00e4: H\u00e4vikkikassit revit\u00e4\u00e4n nyt k\u00e4sist\u00e4"},"content":{"rendered":"<p>Tarjontaa laajennettiin asiakkaiden toiveesta, HOK-Elannosta kerrotaan.<\/p>\n<p class=\"article-body mb-nof-24 px-nof-16\">Verkosta tilattavat h\u00e4vikkiruokakassit ovat suomalaisten suosiossa, HOK-Elanto kertoo tiedotteessa. Aiemmin verkosta on voinut tilata h\u00e4vikkiruokakasseissa leipomo\u00adtuotteita ja valmisruokia, joiden parasta ennen -p\u00e4iv\u00e4ys on l\u00e4hentym\u00e4ss\u00e4.<\/p>\n<p class=\"article-body mb-nof-24 px-nof-16\">Vantaan ker\u00e4ilykeskuksen johtaja <a class=\"article-personlink\" href=\"https:\/\/www.is.fi\/haku\/?query=Sanna%20M%C3%A4enp%C3%A4%C3%A4\" rel=\"nofollow noopener\" target=\"_blank\">Sanna M\u00e4enp\u00e4\u00e4<\/a> kertoo, ett\u00e4 l\u00e4ht\u00f6kohtaisesti kaikki varastolla ker\u00e4tt\u00e4v\u00e4t h\u00e4vikkikassit myyd\u00e4\u00e4n.<\/p>\n<p class=\"article-body mb-nof-24 px-nof-16\">Marraskuussa HOK-Elannon Vantaan ker\u00e4ilylaitos laajensi tarjontaa hedelmiin ja vihanneksiin.<\/p>\n<p class=\"article-body mb-nof-24 px-nof-16\">\u2013 Arvioimme, ett\u00e4 hedelm\u00e4- ja vihannesh\u00e4vikkikassien tulon my\u00f6t\u00e4 erilaisten h\u00e4vikkikassien myynti nousee meill\u00e4 kappalem\u00e4\u00e4r\u00e4llisesti noin 5\u201310 tuhanteen kassiin vuodessa. H\u00e4vikkikassien myynnin ohella lahjoitamme elinkaarensa loppua l\u00e4hestyvi\u00e4, mutta yh\u00e4 t\u00e4ysin sy\u00f6m\u00e4kelpoisia elintarvikkeita my\u00f6s useille eri hyv\u00e4ntekev\u00e4isyys\u00adj\u00e4rjest\u00f6ille, M\u00e4enp\u00e4\u00e4 kertoo.<\/p>\n<p class=\"article-body mb-nof-24 px-nof-16\">M\u00e4enp\u00e4\u00e4n mukaan asiakkaat ovat toivoneet verkosta tilattavien h\u00e4vikkiruokien valikoimaan my\u00f6s hedelmi\u00e4 ja vihanneksia.<\/p>\n<p class=\"article-body mb-nof-24 px-nof-16\">Yleisimpi\u00e4 h\u00e4vikkiruokakasseissa olevia tuotteita ovat muun muassa paprikat, sitrushedelm\u00e4, omenat, juurekset ja marjat.<\/p>\n<p class=\"article-body mb-nof-24 px-nof-16\">\u2013 Hedelm\u00e4- ja vihannesh\u00e4vikkikasseihin poimitaan tuotteita, jotka ovat hieman kypsi\u00e4 tai ulkon\u00e4\u00f6lt\u00e4\u00e4n ep\u00e4t\u00e4ydellisi\u00e4, mutta silti t\u00e4ysin sy\u00f6m\u00e4kelpoisia. Ker\u00e4ilykeskuksemme ammattilaiset tarkastavat jokaisen Hyvikkikassiin ker\u00e4ilt\u00e4v\u00e4n hedelm\u00e4n ja vihanneksen huolellisesti, jotta asiakkaalle ei p\u00e4\u00e4dy pilaantuneita tuotteita. Tuotteet suositellaan kuitenkin sy\u00f6m\u00e4\u00e4n mahdollisimman pian tilauksen vastaanottamisesta.<\/p>\n","protected":false},"excerpt":{"rendered":"Tarjontaa laajennettiin asiakkaiden toiveesta, HOK-Elannosta kerrotaan. Verkosta tilattavat h\u00e4vikkiruokakassit ovat suomalaisten suosiossa, HOK-Elanto kertoo tiedotteessa. Aiemmin verkosta on&hellip;\n","protected":false},"author":2,"featured_media":107464,"comment_status":"","ping_status":"","sticky":false,"template":"","format":"standard","meta":{"footnotes":""},"categories":[5],"tags":[22,23,26,27,33,31,30,17,34,24,25,28,29,15,18,21,32,19,20,16],"class_list":{"0":"post-107463","1":"post","2":"type-post","3":"status-publish","4":"format-standard","5":"has-post-thumbnail","7":"category-otsikot","8":"tag-breaking-news","9":"tag-breakingnews","10":"tag-featured-news","11":"tag-featurednews","12":"tag-fi","13":"tag-finland","14":"tag-finnish","15":"tag-headlines","16":"tag-ilta-sanomat","17":"tag-latest-news","18":"tag-latestnews","19":"tag-main-news","20":"tag-mainnews","21":"tag-news","22":"tag-otsikot","23":"tag-paauutiset","24":"tag-suomi","25":"tag-top-stories","26":"tag-topstories","27":"tag-uutiset"},"share_on_mastodon":{"url":"https:\/\/pubeurope.com\/@fi\/115660979137020058","error":""},"_links":{"self":[{"href":"https:\/\/www.europesays.com\/fi\/wp-json\/wp\/v2\/posts\/107463","targetHints":{"allow":["GET"]}}],"collection":[{"href":"https:\/\/www.europesays.com\/fi\/wp-json\/wp\/v2\/posts"}],"about":[{"href":"https:\/\/www.europesays.com\/fi\/wp-json\/wp\/v2\/types\/post"}],"author":[{"embeddable":true,"href":"https:\/\/www.europesays.com\/fi\/wp-json\/wp\/v2\/users\/2"}],"replies":[{"embeddable":true,"href":"https:\/\/www.europesays.com\/fi\/wp-json\/wp\/v2\/comments?post=107463"}],"version-history":[{"count":0,"href":"https:\/\/www.europesays.com\/fi\/wp-json\/wp\/v2\/posts\/107463\/revisions"}],"wp:featuredmedia":[{"embeddable":true,"href":"https:\/\/www.europesays.com\/fi\/wp-json\/wp\/v2\/media\/107464"}],"wp:attachment":[{"href":"https:\/\/www.europesays.com\/fi\/wp-json\/wp\/v2\/media?parent=107463"}],"wp:term":[{"taxonomy":"category","embeddable":true,"href":"https:\/\/www.europesays.com\/fi\/wp-json\/wp\/v2\/categories?post=107463"},{"taxonomy":"post_tag","embeddable":true,"href":"https:\/\/www.europesays.com\/fi\/wp-json\/wp\/v2\/tags?post=107463"}],"curies":[{"name":"wp","href":"https:\/\/api.w.org\/{rel}","templated":true}]}}