{"id":107471,"date":"2025-12-04T11:29:08","date_gmt":"2025-12-04T11:29:08","guid":{"rendered":"https:\/\/www.europesays.com\/fi\/107471\/"},"modified":"2025-12-04T11:29:08","modified_gmt":"2025-12-04T11:29:08","slug":"tikkatauluista-naruista-ja-koysista-tunnettu-outokumpulainen-piippo-yhtio-vetaytyy-porssista-talous","status":"publish","type":"post","link":"https:\/\/www.europesays.com\/fi\/107471\/","title":{"rendered":"Tikkatauluista, naruista ja k\u00f6ysist\u00e4 tunnettu outokumpulainen Piippo-yhti\u00f6 vet\u00e4ytyy p\u00f6rssist\u00e4 | Talous"},"content":{"rendered":"<p class=\"aw-1gybjub aw-5vja16 kEtdKx kmuxyA yle__article__paragraph\">Yhti\u00f6 on myynyt liiketoimintansa aiemmin, joten kyse on suunnitellusta askeleesta kohti toiminnan lopettamista. <\/p>\n<p><img decoding=\"async\" alt=\"Sinist\u00e4 lankaa ker\u00e4t\u00e4\u00e4n rullalle koneessa.\" src=\"https:\/\/www.europesays.com\/fi\/wp-content\/uploads\/2025\/12\/39-10883356419b422d141d.jpeg\" class=\"aw-1l9m598 hKVVvP\"\/><\/p>\n<p>Avaa kuvien katselu<\/p>\n<p>Piipon l\u00e4ht\u00f6 p\u00f6rssist\u00e4 etenee askel askeleelta. Kuva: Piippo Oyj<\/p>\n<p class=\"aw-1gybjub aw-1p7kakr kEtdKx cEmitX yle__article__paragraph\">Outokumpulainen Piippo on j\u00e4tt\u00e4nyt hakemuksen osakkeidensa poistamiseksi Helsingin p\u00f6rssist\u00e4.<\/p>\n<p class=\"aw-1gybjub aw-1p7kakr kEtdKx cEmitX yle__article__paragraph\">Ennen kaupank\u00e4ynnin lopettamista yhti\u00f6n p\u00f6rssiosakkeella on kuuden kuukauden mittainen suoja-aika, jonka aikana osakkeella voi k\u00e4yd\u00e4 kauppaa normaalisti. T\u00e4m\u00e4 antaa sijoittajille aikaa reagoida tuleviin muutoksiin.<\/p>\n<p class=\"aw-1gybjub aw-1p7kakr kEtdKx cEmitX yle__article__paragraph\">Piipon p\u00f6rssist\u00e4 vet\u00e4ytymisen siunaa lopullisesti Helsingin p\u00f6rssi\u00e4 hallinnoiva Nasdaq Helsinki.<\/p>\n<p class=\"aw-1gybjub aw-1p7kakr kEtdKx cEmitX yle__article__paragraph\">Toimenpide on yksi askel kohti suunniteltua yhti\u00f6n toiminnan lopettamista.<a class=\"aw-iao6s4 iHOxEa yle__article__link\" href=\"https:\/\/yle.fi\/a\/74-20143332\" role=\"link\" rel=\"nofollow noopener\" target=\"_blank\"> Piippo on jo aiemmin myynyt liiketoimintansa ja lopettaa tuotantonsa Outokummussa.<\/a> Piippo myi paalausverkko ja -lankakoneet Portugaliin Cotesi-yhti\u00f6lle. Tyt\u00e4ryhti\u00f6ns\u00e4 Manila oy:n Piippo kauppasi suomalaiselle Inka oy:lle.<\/p>\n<p class=\"aw-1gybjub aw-1p7kakr kEtdKx cEmitX yle__article__paragraph\">Piipon nettovarat ovat yhti\u00f6n hallituksen mukaan 3,9 miljoonaa euroa. Summassa on mukana teollisuuskiinteist\u00f6 Outokummussa ja tontti Lemp\u00e4\u00e4l\u00e4ss\u00e4. Kiinteist\u00f6jen arvo on noin 1,4 miljoonaa euroa. Lis\u00e4ksi yhti\u00f6ll\u00e4 on saamisia noin 800 000 euroa.<\/p>\n<p class=\"aw-1gybjub aw-1p7kakr kEtdKx cEmitX yle__article__paragraph\">Piipolla oli 30. syyskuuta 2025 yhteens\u00e4 472 osakkeenomistajaa.<\/p>\n","protected":false},"excerpt":{"rendered":"Yhti\u00f6 on myynyt liiketoimintansa aiemmin, joten kyse on suunnitellusta askeleesta kohti toiminnan lopettamista. Avaa kuvien katselu Piipon l\u00e4ht\u00f6&hellip;\n","protected":false},"author":2,"featured_media":107472,"comment_status":"","ping_status":"","sticky":false,"template":"","format":"standard","meta":{"footnotes":""},"categories":[76],"tags":[79,77,33,31,30,4045,1133,20203,20202,20201,20204,11587,20200,1137,14478,1892,20205,32,78,3323],"class_list":{"0":"post-107471","1":"post","2":"type-post","3":"status-publish","4":"format-standard","5":"has-post-thumbnail","7":"category-talous","8":"tag-business","9":"tag-economy","10":"tag-fi","11":"tag-finland","12":"tag-finnish","13":"tag-helsingin-porssi","14":"tag-joensuu","15":"tag-koydet","16":"tag-koysi","17":"tag-langat","18":"tag-maataloustuotteet","19":"tag-outokumpu","20":"tag-piippo-oyj","21":"tag-pohjois-karjala","22":"tag-porssiin-listautuminen","23":"tag-porssit","24":"tag-porssitiedote","25":"tag-suomi","26":"tag-talous","27":"tag-yrityskaupat"},"share_on_mastodon":{"url":"https:\/\/pubeurope.com\/@fi\/115661069816312698","error":""},"_links":{"self":[{"href":"https:\/\/www.europesays.com\/fi\/wp-json\/wp\/v2\/posts\/107471","targetHints":{"allow":["GET"]}}],"collection":[{"href":"https:\/\/www.europesays.com\/fi\/wp-json\/wp\/v2\/posts"}],"about":[{"href":"https:\/\/www.europesays.com\/fi\/wp-json\/wp\/v2\/types\/post"}],"author":[{"embeddable":true,"href":"https:\/\/www.europesays.com\/fi\/wp-json\/wp\/v2\/users\/2"}],"replies":[{"embeddable":true,"href":"https:\/\/www.europesays.com\/fi\/wp-json\/wp\/v2\/comments?post=107471"}],"version-history":[{"count":0,"href":"https:\/\/www.europesays.com\/fi\/wp-json\/wp\/v2\/posts\/107471\/revisions"}],"wp:featuredmedia":[{"embeddable":true,"href":"https:\/\/www.europesays.com\/fi\/wp-json\/wp\/v2\/media\/107472"}],"wp:attachment":[{"href":"https:\/\/www.europesays.com\/fi\/wp-json\/wp\/v2\/media?parent=107471"}],"wp:term":[{"taxonomy":"category","embeddable":true,"href":"https:\/\/www.europesays.com\/fi\/wp-json\/wp\/v2\/categories?post=107471"},{"taxonomy":"post_tag","embeddable":true,"href":"https:\/\/www.europesays.com\/fi\/wp-json\/wp\/v2\/tags?post=107471"}],"curies":[{"name":"wp","href":"https:\/\/api.w.org\/{rel}","templated":true}]}}