{"id":107473,"date":"2025-12-04T11:30:13","date_gmt":"2025-12-04T11:30:13","guid":{"rendered":"https:\/\/www.europesays.com\/fi\/107473\/"},"modified":"2025-12-04T11:30:13","modified_gmt":"2025-12-04T11:30:13","slug":"jonas-karisti-suomen-tomut-jaloistaan-tienaa-nyt-5-000-euroa-parissa-viikossa","status":"publish","type":"post","link":"https:\/\/www.europesays.com\/fi\/107473\/","title":{"rendered":"Jonas karisti Suomen tomut jaloistaan \u2013 tienaa nyt 5\u202f000 euroa parissa viikossa"},"content":{"rendered":"<p><img decoding=\"async\" src=\"https:\/\/www.europesays.com\/fi\/wp-content\/uploads\/2025\/12\/1764847813_757_978.jpg\" alt=\"Vapaa-ajallaan Jonas l\u00e4htee mielell\u00e4\u00e4n vesille.\" class=\"_Img_1rerz_1\" style=\"aspect-ratio:1\" loading=\"eager\"\/><\/p>\n<p class=\"article-picture-caption\">Vapaa-ajallaan Jonas l\u00e4htee mielell\u00e4\u00e4n vesille. Kuva:\u00a0Jonas Lindfeltin arkisto<\/p>\n<p>Monella ik\u00e4toverilla on vaikeuksia l\u00f6yt\u00e4\u00e4 Suomesta t\u00f6it\u00e4. 25-vuotias Jonas l\u00f6ysi niit\u00e4 ulkomailta heti. Palkka, s\u00e4\u00e4 ja hintatasokin ovat kohdillaan. Jonas tienaa 5\u202f000 euroa parissa viikossa ja viett\u00e4\u00e4 unelmiensa vapaa-aikaa. \u2013 Ei kaikkien tarvitse menn\u00e4 siihen oravanpy\u00f6r\u00e4\u00e4n, ett\u00e4 k\u00e4yd\u00e4\u00e4n koulu, menn\u00e4\u00e4n t\u00f6ihin ja ostetaan talo.<\/p>\n<p class=\"article-body mb-nof-24 px-nof-16\">Kaksi viikkoa t\u00f6it\u00e4, viikko lomaa. Ilmainen asunto, ilmainen ruoka. Erillinen korvaus jokaisesta matkustusp\u00e4iv\u00e4st\u00e4.<\/p>\n<p class=\"article-body mb-nof-24 px-nof-16\">Siin\u00e4 miss\u00e4 Suomessa on pime\u00e4\u00e4 ja koleaa, t\u00e4\u00e4ll\u00e4 helliv\u00e4t jopa 30 asteen helteet. Vilvoittelun tarpeeseen ranta on aina l\u00e4hell\u00e4.<\/p>\n<p class=\"article-body mb-nof-24 px-nof-16\">Hintataso on Suomea huokeampi, eik\u00e4 palkastakaan voi valittaa.<\/p>\n","protected":false},"excerpt":{"rendered":"Vapaa-ajallaan Jonas l\u00e4htee mielell\u00e4\u00e4n vesille. Kuva:\u00a0Jonas Lindfeltin arkisto Monella ik\u00e4toverilla on vaikeuksia l\u00f6yt\u00e4\u00e4 Suomesta t\u00f6it\u00e4. 25-vuotias Jonas l\u00f6ysi&hellip;\n","protected":false},"author":2,"featured_media":107474,"comment_status":"","ping_status":"","sticky":false,"template":"","format":"standard","meta":{"footnotes":""},"categories":[14],"tags":[22,23,26,27,33,31,30,17,34,24,25,28,29,15,18,21,32,19,20,56,16,59,60,61],"class_list":{"0":"post-107473","1":"post","2":"type-post","3":"status-publish","4":"format-standard","5":"has-post-thumbnail","7":"category-ulkomaat","8":"tag-breaking-news","9":"tag-breakingnews","10":"tag-featured-news","11":"tag-featurednews","12":"tag-fi","13":"tag-finland","14":"tag-finnish","15":"tag-headlines","16":"tag-ilta-sanomat","17":"tag-latest-news","18":"tag-latestnews","19":"tag-main-news","20":"tag-mainnews","21":"tag-news","22":"tag-otsikot","23":"tag-paauutiset","24":"tag-suomi","25":"tag-top-stories","26":"tag-topstories","27":"tag-ulkomaat","28":"tag-uutiset","29":"tag-world","30":"tag-world-news","31":"tag-worldnews"},"share_on_mastodon":{"url":"https:\/\/pubeurope.com\/@fi\/115661073776103248","error":""},"_links":{"self":[{"href":"https:\/\/www.europesays.com\/fi\/wp-json\/wp\/v2\/posts\/107473","targetHints":{"allow":["GET"]}}],"collection":[{"href":"https:\/\/www.europesays.com\/fi\/wp-json\/wp\/v2\/posts"}],"about":[{"href":"https:\/\/www.europesays.com\/fi\/wp-json\/wp\/v2\/types\/post"}],"author":[{"embeddable":true,"href":"https:\/\/www.europesays.com\/fi\/wp-json\/wp\/v2\/users\/2"}],"replies":[{"embeddable":true,"href":"https:\/\/www.europesays.com\/fi\/wp-json\/wp\/v2\/comments?post=107473"}],"version-history":[{"count":0,"href":"https:\/\/www.europesays.com\/fi\/wp-json\/wp\/v2\/posts\/107473\/revisions"}],"wp:featuredmedia":[{"embeddable":true,"href":"https:\/\/www.europesays.com\/fi\/wp-json\/wp\/v2\/media\/107474"}],"wp:attachment":[{"href":"https:\/\/www.europesays.com\/fi\/wp-json\/wp\/v2\/media?parent=107473"}],"wp:term":[{"taxonomy":"category","embeddable":true,"href":"https:\/\/www.europesays.com\/fi\/wp-json\/wp\/v2\/categories?post=107473"},{"taxonomy":"post_tag","embeddable":true,"href":"https:\/\/www.europesays.com\/fi\/wp-json\/wp\/v2\/tags?post=107473"}],"curies":[{"name":"wp","href":"https:\/\/api.w.org\/{rel}","templated":true}]}}