{"id":107479,"date":"2025-12-04T11:45:12","date_gmt":"2025-12-04T11:45:12","guid":{"rendered":"https:\/\/www.europesays.com\/fi\/107479\/"},"modified":"2025-12-04T11:45:12","modified_gmt":"2025-12-04T11:45:12","slug":"antti-railio-joutui-sydanoireiden-takia-sairaalaan-tama-on-tilanne-nyt","status":"publish","type":"post","link":"https:\/\/www.europesays.com\/fi\/107479\/","title":{"rendered":"Antti Railio joutui syd\u00e4noireiden takia sairaalaan \u2013 T\u00e4m\u00e4 on tilanne nyt"},"content":{"rendered":"<p>Laulaja Antti Railio joutui syd\u00e4noireiden takia sairaalaan. H\u00e4n kertoo nyt tilanteestaan.<\/p>\n<p><img decoding=\"async\" class=\"image image-show image-preview\" src=\"https:\/\/www.europesays.com\/fi\/wp-content\/uploads\/2025\/12\/b0ed9b0afbebd3e617917b762e7423d1e7a72d4be90604520f216dff8025f962.jpg\" alt=\"\"\/><img decoding=\"async\" class=\"image image-show\" src=\"https:\/\/www.europesays.com\/fi\/wp-content\/uploads\/2025\/12\/1764848712_362_b0ed9b0afbebd3e617917b762e7423d1e7a72d4be90604520f216dff8025f962.jpg\" alt=\"\"\/><\/p>\n<p>Antti Railio kiert\u00e4\u00e4 paraikaa joulukiertueellaan eri paikkakunnilla. Ennen kiertueen alkua syd\u00e4noireet pys\u00e4ttiv\u00e4t artistin. Henri K\u00e4rkk\u00e4inen<\/p>\n<p class=\"paragraph\">Laulaja <strong>Antti Railio<\/strong>, 41, kiert\u00e4\u00e4 paraikaa Rakkauden joulu -kiertueella ymp\u00e4ri Suomen. Viikko ennen kiertueen alkua flunssaa sairastanut artisti joutui sairaalaan syd\u00e4noireiden ja hengitysvaikeuksien takia.<\/p>\n<p class=\"paragraph\">\u2013 Syd\u00e4nfilmist\u00e4 selvisi, ett\u00e4 syd\u00e4mess\u00e4 oli eteisv\u00e4rin\u00e4. L\u00e4\u00e4k\u00e4ri totesi, ett\u00e4 minulla on flimmeri p\u00e4\u00e4ll\u00e4, h\u00e4n kuvailee.<\/p>\n<p class=\"paragraph\">Tieto pel\u00e4stytti h\u00e4net toden teolla.<\/p>\n<p class=\"paragraph\">\u2013 Tuli hetkeksi se tunne, ett\u00e4 hitto min\u00e4 kuolen t\u00e4h\u00e4n. Se oli ensireaktio. Sitten tajusin, ett\u00e4 is\u00e4ll\u00e4ni on t\u00e4m\u00e4 sama vaiva. Soitin h\u00e4nelle ensimm\u00e4iseksi ja kerroin, ett\u00e4 minulla on flimmeri. Is\u00e4ni onnitteli, laulaja naurahtaa.<\/p>\n<p class=\"paragraph\">Antti Railio kertoo is\u00e4ns\u00e4 rauhoitelleen h\u00e4nt\u00e4, ett\u00e4 vaiva voi olla my\u00f6s hetkellinen, eik\u00e4 v\u00e4ltt\u00e4m\u00e4tt\u00e4 edes tule takaisin.<\/p>\n<p class=\"paragraph\">\u2013 Minulla syd\u00e4n oli kolme p\u00e4iv\u00e4\u00e4 v\u00e4\u00e4r\u00e4ss\u00e4 rytmiss\u00e4, ja se palautui itsekseen.<\/p>\n<p class=\"paragraph\"><a href=\"https:\/\/www.terveyskirjasto.fi\/dlk00015\/eteisvarina-flimmeri-ja-eteislepatus-flutteri#s4\" rel=\"noopener nofollow\" target=\"_blank\">Terveyskirjaston<\/a> mukaan eteisv\u00e4rin\u00e4\u00e4 voidaan hoitaa rytminsiirrolla, jossa rytmi k\u00e4\u00e4nnet\u00e4\u00e4n normaaliksi joko l\u00e4\u00e4kkeell\u00e4 tai lyhyess\u00e4 nukutuksessa s\u00e4hk\u00f6iskulla. Kohtaukset voivat uusia, joten usein aloitetaan beetasalpaajal\u00e4\u00e4kitys ensimm\u00e4isen kohtauksen j\u00e4lkeen. Yhten\u00e4 hoitomuotona saatetaan Terveyskirjaston mukaan k\u00e4ytt\u00e4\u00e4 my\u00f6s katetriablaatiota.<\/p>\n<p class=\"paragraph\">Railion mukaan h\u00e4nen kohdallaan l\u00e4\u00e4k\u00e4ri piti rytminsiirtoa riskin\u00e4, eik\u00e4 sit\u00e4 tehty. H\u00e4nelle aloitettiin sen sijaan verenohennusl\u00e4\u00e4kitys.<\/p>\n<p class=\"paragraph\">\u2013 He eiv\u00e4t olleet varmoja, kuinka kauan syd\u00e4n on ollut pois rytmist\u00e4, ja flimmeriss\u00e4 on vaarallista se, ett\u00e4 se voi tehd\u00e4 verihyytymi\u00e4. Jos sinne laittaa s\u00e4hk\u00f6\u00e4, hyytym\u00e4 voi l\u00e4hte\u00e4 liikkeelle ja p\u00e4\u00e4ty\u00e4 aivoihin tai keuhkoihin. Siin\u00e4 voi l\u00e4hte\u00e4 pahimmassa tapauksessa henki, h\u00e4n selitt\u00e4\u00e4 ja sanoo menev\u00e4ns\u00e4 ennen joulua kardiologin vastaanotolle.<\/p>\n<p class=\"paragraph\">Railio huolestui my\u00f6s joulukiertueensa vuoksi. L\u00e4\u00e4k\u00e4ri kehotti h\u00e4nt\u00e4 kuitenkin el\u00e4m\u00e4\u00e4n ihan tavallista el\u00e4m\u00e4\u00e4.<\/p>\n<p class=\"paragraph\">\u2013 Sain luvan menn\u00e4 kuntosalillekin, Railio kertoo.<\/p>\n<p class=\"paragraph\">Koettelemus on en\u00e4\u00e4 her\u00e4ttelev\u00e4 muisto. T\u00e4ll\u00e4 er\u00e4\u00e4 laulaja painaa kiertueella ja esitt\u00e4\u00e4 tuoreen joululevyns\u00e4 Rakkauden joulu -levyns\u00e4 kappaleita. Kun h\u00e4n kajauttaa Tulkoon joulu yleis\u00f6lle, \u00e4\u00e4ni kantaa.<\/p>\n<p class=\"paragraph\">\u2013 Nyt menn\u00e4\u00e4n eteenp\u00e4in ja pistet\u00e4\u00e4n isompaa vaihdetta silm\u00e4\u00e4n. Jos flimmeri vaivaa enemm\u00e4n, mietimme sitten kardiologin kanssa vaihtoehtoja. En halua el\u00e4\u00e4 sen vaivan kanssa, sill\u00e4 laulaessa pit\u00e4\u00e4 \u00e4\u00e4nen kulkea, h\u00e4n summaa.<\/p>\n","protected":false},"excerpt":{"rendered":"Laulaja Antti Railio joutui syd\u00e4noireiden takia sairaalaan. H\u00e4n kertoo nyt tilanteestaan. Antti Railio kiert\u00e4\u00e4 paraikaa joulukiertueellaan eri paikkakunnilla.&hellip;\n","protected":false},"author":2,"featured_media":107480,"comment_status":"","ping_status":"","sticky":false,"template":"","format":"standard","meta":{"footnotes":""},"categories":[136],"tags":[35,138,407,137,33,31,30,408,47,141,764,32,765,167,109],"class_list":{"0":"post-107479","1":"post","2":"type-post","3":"status-publish","4":"format-standard","5":"has-post-thumbnail","7":"category-julkkikset","8":"tag-24h","9":"tag-audio","10":"tag-celebrities","11":"tag-entertainment","12":"tag-fi","13":"tag-finland","14":"tag-finnish","15":"tag-julkkikset","16":"tag-musiikki","17":"tag-muusikot-bandit","18":"tag-sairaudet","19":"tag-suomi","20":"tag-taudit-ja-hairiot","21":"tag-terveys","22":"tag-viihde"},"share_on_mastodon":{"url":"https:\/\/pubeurope.com\/@fi\/115661132733434934","error":""},"_links":{"self":[{"href":"https:\/\/www.europesays.com\/fi\/wp-json\/wp\/v2\/posts\/107479","targetHints":{"allow":["GET"]}}],"collection":[{"href":"https:\/\/www.europesays.com\/fi\/wp-json\/wp\/v2\/posts"}],"about":[{"href":"https:\/\/www.europesays.com\/fi\/wp-json\/wp\/v2\/types\/post"}],"author":[{"embeddable":true,"href":"https:\/\/www.europesays.com\/fi\/wp-json\/wp\/v2\/users\/2"}],"replies":[{"embeddable":true,"href":"https:\/\/www.europesays.com\/fi\/wp-json\/wp\/v2\/comments?post=107479"}],"version-history":[{"count":0,"href":"https:\/\/www.europesays.com\/fi\/wp-json\/wp\/v2\/posts\/107479\/revisions"}],"wp:featuredmedia":[{"embeddable":true,"href":"https:\/\/www.europesays.com\/fi\/wp-json\/wp\/v2\/media\/107480"}],"wp:attachment":[{"href":"https:\/\/www.europesays.com\/fi\/wp-json\/wp\/v2\/media?parent=107479"}],"wp:term":[{"taxonomy":"category","embeddable":true,"href":"https:\/\/www.europesays.com\/fi\/wp-json\/wp\/v2\/categories?post=107479"},{"taxonomy":"post_tag","embeddable":true,"href":"https:\/\/www.europesays.com\/fi\/wp-json\/wp\/v2\/tags?post=107479"}],"curies":[{"name":"wp","href":"https:\/\/api.w.org\/{rel}","templated":true}]}}