{"id":107489,"date":"2025-12-04T11:57:09","date_gmt":"2025-12-04T11:57:09","guid":{"rendered":"https:\/\/www.europesays.com\/fi\/107489\/"},"modified":"2025-12-04T11:57:09","modified_gmt":"2025-12-04T11:57:09","slug":"stubb-joutui-propagandatempun-uhriksi-venajalla","status":"publish","type":"post","link":"https:\/\/www.europesays.com\/fi\/107489\/","title":{"rendered":"Stubb joutui propagandatempun uhriksi Ven\u00e4j\u00e4ll\u00e4"},"content":{"rendered":"<p>Ven\u00e4j\u00e4ll\u00e4 Stubbin puheet k\u00e4\u00e4nnettiin heti Kremlin narratiiviin sopiviksi.<\/p>\n<p><img decoding=\"async\" class=\"image image-show image-preview\" src=\"https:\/\/www.europesays.com\/fi\/wp-content\/uploads\/2025\/12\/e1c3d0aeea267da11c13889bb6d275cd48238eb9622638ae34c4ce78980aa192.jpg\" alt=\"\"\/><img decoding=\"async\" class=\"image image-show\" src=\"https:\/\/www.europesays.com\/fi\/wp-content\/uploads\/2025\/12\/1764849429_472_e1c3d0aeea267da11c13889bb6d275cd48238eb9622638ae34c4ce78980aa192.jpg\" alt=\"\"\/><\/p>\n<p>Ven\u00e4j\u00e4ll\u00e4 v\u00e4\u00e4ristell\u00e4\u00e4n Alexander Stubbin puheita. Inka Soveri<\/p>\n<p class=\"paragraph\">Tasavallan presidentti <a href=\"https:\/\/www.iltalehti.fi\/henkilot\/Alexander Stubb\" class=\"article-link-person-page\" rel=\"nofollow noopener\" target=\"_blank\">Alexander Stubbin<\/a> viime p\u00e4ivien lausunnot ovat nousseet otsikoihin my\u00f6s Ven\u00e4j\u00e4ll\u00e4.<\/p>\n<p class=\"paragraph\">Kremlin kontrolloima propagandamedia Tsargrad nostaa esiin Stubbin Foreign Affairs -lehdess\u00e4 julkaiseman esseen, jossa presidentti <a href=\"https:\/\/www.iltalehti.fi\/ulkomaat\/3532ca02-4e67-4c97-a266-b9128a26d118\" rel=\"nofollow noopener\" target=\"_blank\">varoittaa<\/a> k\u00e4sill\u00e4 olevan viimeinen mahdollisuus l\u00e4nnelle v\u00e4ltt\u00e4\u00e4 pahin mahdollinen.<\/p>\n<p class=\"paragraph\">Tsargrad kuitenkin tekee tyypillisen propagandatempun v\u00e4\u00e4nt\u00e4m\u00e4ll\u00e4 Stubbin sanat Ven\u00e4j\u00e4n narratiiviin sopivaksi.<\/p>\n<p class=\"paragraph\">Julkaisu v\u00e4itt\u00e4\u00e4 Stubbin kirjoittaneen, ett\u00e4 h\u00e4nen mainitsemansa viimeinen mahdollisuus koskee ennen kaikkea l\u00e4nnen vuoropuhelua Ukrainan kysymyksess\u00e4. Tosiasiassa Stubb puhuu esseess\u00e4\u00e4n l\u00e4nnen viimeisest\u00e4 mahdollisuudesta uudistaa koko s\u00e4\u00e4nt\u00f6pohjainen maailmanj\u00e4rjestys.<\/p>\n<p class=\"paragraph\">My\u00f6s Izvestija-lehti kehyst\u00e4\u00e4 Stubbin sanat osaksi Ven\u00e4j\u00e4n omaa narratiivia Ukrainan neuvotteluista ja liitt\u00e4\u00e4 niihin v\u00e4itteit\u00e4, joilla ei ole mit\u00e4\u00e4n yhteytt\u00e4 Stubbin tekstiin.<\/p>\n<p class=\"paragraph\">Kuten Tsargrad, my\u00f6s Izvestija v\u00e4\u00e4ristelee tarkoituksella Stubbin sanoman kehyst\u00e4m\u00e4ll\u00e4 sen osaksi Ukrainan neuvotteluja ja Kremlin propagandasta tuttua l\u00e4nnen syyllist\u00e4mist\u00e4.<\/p>\n<p class=\"paragraph\">Lehti liimaa Stubbin lauseiden per\u00e4\u00e4n Ven\u00e4j\u00e4n sis\u00e4ist\u00e4 propagandaa, jota on j\u00e4lleen viime p\u00e4ivin\u00e4 kuultu Moskovasta l\u00e4hes tauotta.<\/p>\n<p class=\"paragraph\">P\u00e4\u00e4viestin\u00e4 on, ett\u00e4 l\u00e4nsi olisi syyllinen Ukrainan tilanteeseen, ja ett\u00e4 Ven\u00e4j\u00e4 on aina valmis neuvotteluihin ja rauhaan.<\/p>\n<p>Rauhasta puhetta<\/p>\n<p class=\"paragraph\">Ven\u00e4l\u00e4inen Kremlin linjaa noudattava Vzgljad-verkkolehti puolestaan uutisoi Stubbin varoituksesta Ukrainaan liittyen. Stubb <a href=\"https:\/\/www.iltalehti.fi\/politiikka\/376e04a2-fb10-4a8f-ac3e-01d8f8a0c440\" rel=\"nofollow noopener\" target=\"_blank\">sanoi maanantaina<\/a>, ett\u00e4 Suomessa kannattaa valmistautua siihen, ett\u00e4 Ukrainan ja Ven\u00e4j\u00e4n v\u00e4linen mahdollinen rauha voi olla karvas.<\/p>\n<p class=\"paragraph\">Samasta aiheesta kertoo my\u00f6s valtiollinen uutistoimisto Tass sek\u00e4 Moskovassa ilmestyv\u00e4 iltap\u00e4iv\u00e4lehti Moskovski Komsomolets.<\/p>\n<p class=\"paragraph\">Viimeksi mainittu v\u00e4\u00e4nt\u00e4\u00e4 kuitenkin Stubbin sanat j\u00e4lleen Kremlin linjaan sopiviksi. Lehti painottaa Yhdysvaltain presidentti <a href=\"https:\/\/www.iltalehti.fi\/henkilot\/Donald Trump\" class=\"article-link-person-page\" rel=\"nofollow noopener\" target=\"_blank\">Donald Trumpin<\/a> lausuntoa siit\u00e4, ett\u00e4 <a href=\"https:\/\/www.iltalehti.fi\/henkilot\/Vladimir Putin\" class=\"article-link-person-page\" rel=\"nofollow noopener\" target=\"_blank\">Vladimir Putinin<\/a> haluaa v\u00e4itetysti lopettaa sodan.<\/p>\n<p class=\"paragraph\">Ratkaisu on propagandajulkaisun mukaan siis jo l\u00e4hell\u00e4, kunhan vain l\u00e4nsi joustaa ensin vaatimuksistaan.<\/p>\n","protected":false},"excerpt":{"rendered":"Ven\u00e4j\u00e4ll\u00e4 Stubbin puheet k\u00e4\u00e4nnettiin heti Kremlin narratiiviin sopiviksi. Ven\u00e4j\u00e4ll\u00e4 v\u00e4\u00e4ristell\u00e4\u00e4n Alexander Stubbin puheita. Inka Soveri Tasavallan presidentti Alexander&hellip;\n","protected":false},"author":2,"featured_media":107490,"comment_status":"","ping_status":"","sticky":false,"template":"","format":"standard","meta":{"footnotes":""},"categories":[14],"tags":[35,22,23,26,27,33,31,30,17,24,25,121,72,28,29,15,18,21,32,502,167,19,20,56,16,59,60,61],"class_list":{"0":"post-107489","1":"post","2":"type-post","3":"status-publish","4":"format-standard","5":"has-post-thumbnail","7":"category-ulkomaat","8":"tag-24h","9":"tag-breaking-news","10":"tag-breakingnews","11":"tag-featured-news","12":"tag-featurednews","13":"tag-fi","14":"tag-finland","15":"tag-finnish","16":"tag-headlines","17":"tag-latest-news","18":"tag-latestnews","19":"tag-liikenne-ja-kuljetus","20":"tag-luonto","21":"tag-main-news","22":"tag-mainnews","23":"tag-news","24":"tag-otsikot","25":"tag-paauutiset","26":"tag-suomi","27":"tag-terveydenhoito","28":"tag-terveys","29":"tag-top-stories","30":"tag-topstories","31":"tag-ulkomaat","32":"tag-uutiset","33":"tag-world","34":"tag-world-news","35":"tag-worldnews"},"share_on_mastodon":{"url":"https:\/\/pubeurope.com\/@fi\/115661179919083523","error":""},"_links":{"self":[{"href":"https:\/\/www.europesays.com\/fi\/wp-json\/wp\/v2\/posts\/107489","targetHints":{"allow":["GET"]}}],"collection":[{"href":"https:\/\/www.europesays.com\/fi\/wp-json\/wp\/v2\/posts"}],"about":[{"href":"https:\/\/www.europesays.com\/fi\/wp-json\/wp\/v2\/types\/post"}],"author":[{"embeddable":true,"href":"https:\/\/www.europesays.com\/fi\/wp-json\/wp\/v2\/users\/2"}],"replies":[{"embeddable":true,"href":"https:\/\/www.europesays.com\/fi\/wp-json\/wp\/v2\/comments?post=107489"}],"version-history":[{"count":0,"href":"https:\/\/www.europesays.com\/fi\/wp-json\/wp\/v2\/posts\/107489\/revisions"}],"wp:featuredmedia":[{"embeddable":true,"href":"https:\/\/www.europesays.com\/fi\/wp-json\/wp\/v2\/media\/107490"}],"wp:attachment":[{"href":"https:\/\/www.europesays.com\/fi\/wp-json\/wp\/v2\/media?parent=107489"}],"wp:term":[{"taxonomy":"category","embeddable":true,"href":"https:\/\/www.europesays.com\/fi\/wp-json\/wp\/v2\/categories?post=107489"},{"taxonomy":"post_tag","embeddable":true,"href":"https:\/\/www.europesays.com\/fi\/wp-json\/wp\/v2\/tags?post=107489"}],"curies":[{"name":"wp","href":"https:\/\/api.w.org\/{rel}","templated":true}]}}