{"id":107497,"date":"2025-12-04T12:16:08","date_gmt":"2025-12-04T12:16:08","guid":{"rendered":"https:\/\/www.europesays.com\/fi\/107497\/"},"modified":"2025-12-04T12:16:08","modified_gmt":"2025-12-04T12:16:08","slug":"james-cameronin-seuraava-leffa-ei-valttamatta-ole-avatar-4-vaan-taman-ikonisen-scifi-leffan-jatko-osa","status":"publish","type":"post","link":"https:\/\/www.europesays.com\/fi\/107497\/","title":{"rendered":"James Cameronin seuraava leffa ei v\u00e4ltt\u00e4m\u00e4tt\u00e4 ole Avatar 4 vaan t\u00e4m\u00e4n ikonisen scifi-leffan jatko-osa"},"content":{"rendered":"<p><strong>James Cameron <\/strong>on vihjaillut hieman siihen suuntaan, ettei Avatar 4:n tekeminen ole mahdollisesti, mik\u00e4li Avatar: Fire and Ash ei tienaa tarpeeksi lippukassoilla.<\/p>\n<p>Cameron on kuitenkin tehnyt kolmannen elokuvansa sen mukaisesti, ett\u00e4 leffasarja voi p\u00e4\u00e4tty\u00e4 my\u00f6s siihen.<\/p>\n<p>Lue my\u00f6s: <a href=\"https:\/\/www.episodi.fi\/uutiset\/muistatko-viela-terminator-2n-kuumottavan-loppukohtauksen-james-cameron-hamasi-katsojaa-yllattavalla-kikalla\/\" title=\"Muistatko viel\u00e4 Terminator 2:n kuumottavan loppukohtauksen? James Cameron h\u00e4m\u00e4si katsojaa yll\u00e4tt\u00e4v\u00e4ll\u00e4 kikalla\" class=\"underline-custom !font-montserrat !font-bold !underline-offset-4 !decoration-4 !decoration-episodi-blue !text-md\" rel=\"nofollow noopener\" target=\"_blank\">Muistatko viel\u00e4 Terminator 2:n kuumottavan loppukohtauksen? James Cameron h\u00e4m\u00e4si katsojaa yll\u00e4tt\u00e4v\u00e4ll\u00e4 kikalla<\/a><\/p>\n<p>Lue my\u00f6s: <a href=\"https:\/\/www.episodi.fi\/uutiset\/milta-olisi-nayttanyt-satuelokuva-wicked-terminator-ohjaajan-kasissa-se-oli-lahella\/\" title=\"Milt\u00e4 olisi n\u00e4ytt\u00e4nyt satuelokuva Wicked Terminator-ohjaajan k\u00e4siss\u00e4 \u2013 \u201dSe oli l\u00e4hell\u00e4\u201d\" class=\"underline-custom !font-montserrat !font-bold !underline-offset-4 !decoration-4 !decoration-episodi-blue !text-md\" rel=\"nofollow noopener\" target=\"_blank\">Milt\u00e4 olisi n\u00e4ytt\u00e4nyt satuelokuva Wicked Terminator-ohjaajan k\u00e4siss\u00e4 \u2013 \u201dSe oli l\u00e4hell\u00e4\u201d<\/a><\/p>\n<p>Samalla on vihjeit\u00e4, ett\u00e4 Cameron olisi palaamassa takaisin kaikkien tuntemaan scifi-maailmaan.<\/p>\n<p>Legenda on nimitt\u00e4in vahvistanut, ett\u00e4 h\u00e4n ty\u00f6st\u00e4\u00e4 ideoita uutta Terminator-elokuvaa varten.<\/p>\n<p>\u2013 Minulla on n\u00e4in paksu nippu muistiinpanoja [pit\u00e4en sormia noin kymmenen sentin et\u00e4isyydell\u00e4 toisistaan] siit\u00e4, mit\u00e4 haluan tehd\u00e4 uudella Terminator-elokuvalla, Cameron kertoi uudessa haastattelussa.<\/p>\n<p>\u2013 Aion todella uppoutua siihen kirjoittajana.<\/p>\n<p>Samalla mies kertoi, ett\u00e4 h\u00e4n aikoo aloittaa ty\u00f6st\u00e4misen heti Fire and Ashin pressikiertueen j\u00e4lkeen.<\/p>\n<p>\u2013 Minulla on siin\u00e4 jonkin verran aikaa kirjoittaa ja mietti\u00e4 tulevia projektejani, ja p\u00e4\u00e4tt\u00e4\u00e4 mit\u00e4 haluan seuraavaksi tehd\u00e4.<\/p>\n<p>Tulevaisuutta on kuitenkin vaikea ennustaa, koska el\u00e4mme Cameronin mukaan scifi-maailmassa ja olemme ottaneet kiinni scifi-kirjojen ja -elokuvien kehityksen.<\/p>\n<p>Lue my\u00f6s: <a href=\"https:\/\/www.episodi.fi\/uutiset\/james-cameron-tykitteli-mielipiteensa-netflixista-ja-oscar-gaalasta-minusta-oscarit-on-kaapattu-ja-se-on-kauheaa\/\" title=\"James Cameron tykitteli mielipiteens\u00e4 Netflixist\u00e4 ja Oscar-gaalasta \u2013 \u201dMinusta Oscarit on kaapattu, ja se on kauheaa\u201d\" class=\"underline-custom !font-montserrat !font-bold !underline-offset-4 !decoration-4 !decoration-episodi-blue !text-md\" rel=\"nofollow noopener\" target=\"_blank\">James Cameron tykitteli mielipiteens\u00e4 Netflixist\u00e4 ja Oscar-gaalasta \u2013 \u201dMinusta Oscarit on kaapattu, ja se on kauheaa\u201d<\/a><\/p>\n<p>\u2013 Toisin kuin vuonna 1984, kukaan ei pysty ennustamaan mit\u00e4 tapahtuu vuoden tai kahden p\u00e4\u00e4st\u00e4. Haluan kuitenkin varmistaa olevani ajan tasalla olemalla pari vuotta edell\u00e4.<\/p>\n<p>Cameron kehittelee samalla elokuvaa atomipommeista toisessa maailmansodassa sek\u00e4 The Devils -kirjan elokuvaversiota.<\/p>\n<p>Avatar: Fire and Ash teattereissa 17. joulukuuta alkaen.<\/p>\n<p>L\u00e4hde: <a href=\"https:\/\/www.comingsoon.net\/movies\/news\/2069577-the-terminator-reboot-new-movie-james-cameron-direct\" target=\"_blank\" rel=\"noreferrer noopener nofollow\">Comingsoon<\/a><\/p>\n<p>Lue my\u00f6s: <a href=\"https:\/\/www.episodi.fi\/uutiskirje\/?uutiskirjemainos=tekstilinkkimainos\" title=\"Tilaa Episodin uutiskirje ja voit voittaa leffalippuja! Nappaa tv-vinkit suoraan s\u00e4hk\u00f6postiin t\u00e4st\u00e4.\" class=\"underline-custom !font-montserrat !font-bold !underline-offset-4 !decoration-4 !decoration-episodi-blue !text-md\" rel=\"nofollow noopener\" target=\"_blank\">Tilaa Episodin uutiskirje ja voit voittaa leffalippuja! Nappaa katseluvinkit suoraan s\u00e4hk\u00f6postiin t\u00e4st\u00e4.<\/a><\/p>\n","protected":false},"excerpt":{"rendered":"James Cameron on vihjaillut hieman siihen suuntaan, ettei Avatar 4:n tekeminen ole mahdollisesti, mik\u00e4li Avatar: Fire and Ash&hellip;\n","protected":false},"author":2,"featured_media":107498,"comment_status":"","ping_status":"","sticky":false,"template":"","format":"standard","meta":{"footnotes":""},"categories":[131],"tags":[1092,155,137,33,173,31,30,434,172,32,435,109],"class_list":{"0":"post-107497","1":"post","2":"type-post","3":"status-publish","4":"format-standard","5":"has-post-thumbnail","7":"category-elokuvat","8":"tag-avatar","9":"tag-elokuvat","10":"tag-entertainment","11":"tag-fi","12":"tag-film","13":"tag-finland","14":"tag-finnish","15":"tag-james-cameron","16":"tag-movies","17":"tag-suomi","18":"tag-terminator","19":"tag-viihde"},"share_on_mastodon":{"url":"https:\/\/pubeurope.com\/@fi\/115661254368279111","error":""},"_links":{"self":[{"href":"https:\/\/www.europesays.com\/fi\/wp-json\/wp\/v2\/posts\/107497","targetHints":{"allow":["GET"]}}],"collection":[{"href":"https:\/\/www.europesays.com\/fi\/wp-json\/wp\/v2\/posts"}],"about":[{"href":"https:\/\/www.europesays.com\/fi\/wp-json\/wp\/v2\/types\/post"}],"author":[{"embeddable":true,"href":"https:\/\/www.europesays.com\/fi\/wp-json\/wp\/v2\/users\/2"}],"replies":[{"embeddable":true,"href":"https:\/\/www.europesays.com\/fi\/wp-json\/wp\/v2\/comments?post=107497"}],"version-history":[{"count":0,"href":"https:\/\/www.europesays.com\/fi\/wp-json\/wp\/v2\/posts\/107497\/revisions"}],"wp:featuredmedia":[{"embeddable":true,"href":"https:\/\/www.europesays.com\/fi\/wp-json\/wp\/v2\/media\/107498"}],"wp:attachment":[{"href":"https:\/\/www.europesays.com\/fi\/wp-json\/wp\/v2\/media?parent=107497"}],"wp:term":[{"taxonomy":"category","embeddable":true,"href":"https:\/\/www.europesays.com\/fi\/wp-json\/wp\/v2\/categories?post=107497"},{"taxonomy":"post_tag","embeddable":true,"href":"https:\/\/www.europesays.com\/fi\/wp-json\/wp\/v2\/tags?post=107497"}],"curies":[{"name":"wp","href":"https:\/\/api.w.org\/{rel}","templated":true}]}}