{"id":107503,"date":"2025-12-04T12:22:10","date_gmt":"2025-12-04T12:22:10","guid":{"rendered":"https:\/\/www.europesays.com\/fi\/107503\/"},"modified":"2025-12-04T12:22:10","modified_gmt":"2025-12-04T12:22:10","slug":"omnicom-media-finland-uusi-mediatoimistokonserni-suomeen-toimitusjohtajaksi-on-nimitetty-anna-riikka-hovi-taunila","status":"publish","type":"post","link":"https:\/\/www.europesays.com\/fi\/107503\/","title":{"rendered":"Omnicom Media Finland \u2013 Uusi mediatoimistokonserni Suomeen, toimitusjohtajaksi on nimitetty Anna-Riikka Hovi-Taunila"},"content":{"rendered":"<p><strong><\/p>\n<p>Omnicomin ja IPG:n v\u00e4lisen yritysoston toteuduttua 26. marraskuuta Suomeen on syntynyt uusi mediatoimistokonserni, Omnicom Media Finland. Sen my\u00f6t\u00e4 Omnicom Media Group ja IPG Mediabrands ovat yhdistyneet muodostaen Suomeen uuden markkinajohtajan. Uusi konserni tuo samaan kokonaisuuteen mediatoimistobr\u00e4ndit Hearts &amp; Science, Initiative Finland, OMD Finland, ToinenPHD ja VirtaUM sek\u00e4 globaalit ja lokaalit tarjoamat, kuten Annalect, Kuulas, TRKKN ja Fuse.<\/p>\n<p><\/strong><\/p>\n<p>Omnicom Media Finlandin toimitusjohtajaksi on nimitetty Anna-Riikka Hovi Taunila ja talousjohtajaksi Eeva Vakkilainen. Anna-Riikka Hovi Taunila korostaa henkil\u00f6st\u00f6n ja teknologian merkityst\u00e4 menestyksen rakentamisessa: &#8221;Olen innostunut johtamaan Omnicom Media Finlandia ja rakentamaan yhdess\u00e4 kokeneen tiimimme kanssa uudenlaista mediatoimistokonsernia Suomeen. Yhdist\u00e4m\u00e4ll\u00e4 paikallisen ja kansainv\u00e4lisen osaamisen huippuluokan teknologiaan ja dataan voimme tarjota asiakkaillemme merkitt\u00e4v\u00e4\u00e4 lis\u00e4arvoa sek\u00e4 auttaa heit\u00e4 menestym\u00e4\u00e4n nopeasti muuttuvassa markkinoinnin ja median ymp\u00e4rist\u00f6ss\u00e4.\u201d<\/p>\n<p>Yhdistymisen my\u00f6t\u00e4 asiakkaat hy\u00f6tyv\u00e4t entist\u00e4 \u00e4lykk\u00e4\u00e4mmist\u00e4 ja tehokkaammista ratkaisuista. Vahva panostus osaamiseen, dataan, teko\u00e4lyyn ja teknologiaan mahdollistaa:<\/p>\n<ul>\n<li>poikkeuksellisen vahvan markkinoinnin ja median strategisen ymm\u00e4rryksen<\/li>\n<li>oman, ostetun ja ansaitun median kokonaisvaltaisen suunnittelun<\/li>\n<li>syvemm\u00e4n kuluttajaymm\u00e4rryksen<\/li>\n<li>vaikuttavammat ratkaisut<\/li>\n<\/ul>\n<p>Teknologian rooli korostuu erityisesti datan hy\u00f6dynt\u00e4misess\u00e4, automaatiossa ja mittaamisessa, joka mahdollistaa entist\u00e4 toimivammat markkinoinnin kokonaisuudet.<\/p>\n<p>Omnicom Media Finland on osa kansainv\u00e4list\u00e4 Omnicom Mediaa ja toimii Suomessa mediatoimistokonsernina, joka k\u00e4sitt\u00e4\u00e4 mediatoimistot Hearts &amp; Science, Initiative Finland, OMD Finland, ToinenPHD ja VirtaUM sek\u00e4 globaalit ja lokaalit tarjoamat Annalect, Fuse, Kuulas ja TRKKN. Suomen konserni tarjoaa kattavat mediatoimisto-, data- ja markkinointiteknologiapalvelut sek\u00e4 strategista konsultointia. Asiakaskuntaan kuuluu sek\u00e4 kotimaisia ett\u00e4 kansainv\u00e4lisi\u00e4 br\u00e4ndej\u00e4 eri toimialoilta, kuten v\u00e4hitt\u00e4iskauppa, finanssi, autot, hyvinvointi ja terveys, viestint\u00e4, kuluttajatuotteet, b2b ja palvelut. Omnicom Media Finlandin tavoitteena on olla asiakkaidensa strateginen kumppani, joka auttaa heit\u00e4 menestym\u00e4\u00e4n koko ajan nopeammin muuttuvassa mediaymp\u00e4rist\u00f6ss\u00e4.<\/p>\n<p>Lis\u00e4tietoja: <br \/>Anna-Riikka Hovi Taunila, toimitusjohtaja, Omnicom Media Finland <a href=\"https:\/\/www.sttinfo.fi\/tiedote\/71663145\/mailto:anna-riikka.hovi-taunila@omc.com\" rel=\"nofollow noopener\" target=\"_blank\">anna-riikka.hovi-taunila@omc.com<\/a>, 040 540 5530 <br \/>Eeva Vakkilainen, talousjohtaja, Omnicom Media Finland<br \/><a href=\"https:\/\/www.sttinfo.fi\/tiedote\/71663145\/mailto:eeva.vakkilainen@omc.com\" rel=\"nofollow noopener\" target=\"_blank\">eeva.vakkilainen@omc.com<\/a>, 040 5715757<\/p>\n","protected":false},"excerpt":{"rendered":"Omnicomin ja IPG:n v\u00e4lisen yritysoston toteuduttua 26. marraskuuta Suomeen on syntynyt uusi mediatoimistokonserni, Omnicom Media Finland. Sen my\u00f6t\u00e4&hellip;\n","protected":false},"author":2,"featured_media":107504,"comment_status":"","ping_status":"","sticky":false,"template":"","format":"standard","meta":{"footnotes":""},"categories":[76],"tags":[79,77,33,31,30,32,78],"class_list":{"0":"post-107503","1":"post","2":"type-post","3":"status-publish","4":"format-standard","5":"has-post-thumbnail","7":"category-talous","8":"tag-business","9":"tag-economy","10":"tag-fi","11":"tag-finland","12":"tag-finnish","13":"tag-suomi","14":"tag-talous"},"share_on_mastodon":{"url":"https:\/\/pubeurope.com\/@fi\/115661278064118238","error":""},"_links":{"self":[{"href":"https:\/\/www.europesays.com\/fi\/wp-json\/wp\/v2\/posts\/107503","targetHints":{"allow":["GET"]}}],"collection":[{"href":"https:\/\/www.europesays.com\/fi\/wp-json\/wp\/v2\/posts"}],"about":[{"href":"https:\/\/www.europesays.com\/fi\/wp-json\/wp\/v2\/types\/post"}],"author":[{"embeddable":true,"href":"https:\/\/www.europesays.com\/fi\/wp-json\/wp\/v2\/users\/2"}],"replies":[{"embeddable":true,"href":"https:\/\/www.europesays.com\/fi\/wp-json\/wp\/v2\/comments?post=107503"}],"version-history":[{"count":0,"href":"https:\/\/www.europesays.com\/fi\/wp-json\/wp\/v2\/posts\/107503\/revisions"}],"wp:featuredmedia":[{"embeddable":true,"href":"https:\/\/www.europesays.com\/fi\/wp-json\/wp\/v2\/media\/107504"}],"wp:attachment":[{"href":"https:\/\/www.europesays.com\/fi\/wp-json\/wp\/v2\/media?parent=107503"}],"wp:term":[{"taxonomy":"category","embeddable":true,"href":"https:\/\/www.europesays.com\/fi\/wp-json\/wp\/v2\/categories?post=107503"},{"taxonomy":"post_tag","embeddable":true,"href":"https:\/\/www.europesays.com\/fi\/wp-json\/wp\/v2\/tags?post=107503"}],"curies":[{"name":"wp","href":"https:\/\/api.w.org\/{rel}","templated":true}]}}