{"id":107505,"date":"2025-12-04T12:23:09","date_gmt":"2025-12-04T12:23:09","guid":{"rendered":"https:\/\/www.europesays.com\/fi\/107505\/"},"modified":"2025-12-04T12:23:09","modified_gmt":"2025-12-04T12:23:09","slug":"the-new-york-times-haastaa-yhdysvaltain-puolustusministerion-oikeuteen-uutisia-lyhyesti","status":"publish","type":"post","link":"https:\/\/www.europesays.com\/fi\/107505\/","title":{"rendered":"The New York Times haastaa Yhdysvaltain puolustusministeri\u00f6n oikeuteen | Uutisia lyhyesti"},"content":{"rendered":"<p class=\"aw-1gybjub aw-1p7kakr kEtdKx cEmitX yle__article__paragraph\">Yhdysvalloissa sanomalehti <a class=\"aw-iao6s4 iHOxEa yle__article__link\" href=\"https:\/\/www.nytimes.com\/2025\/12\/04\/business\/media\/new-york-times-pentagon-lawsuit.html\" role=\"link\" rel=\"nofollow noopener\" target=\"_blank\">The New York Times<\/a> (NYT) kertoo haastavansa maan puolustusministeri\u00f6n Pentagonin oikeuteen.<\/p>\n<p class=\"aw-1gybjub aw-1p7kakr kEtdKx cEmitX yle__article__paragraph\">Lehden mukaan puolustusministeri\u00f6n uudet rajoitukset lehdist\u00f6lle loukkaavat toimittajien perustuslaillisia oikeuksia. S\u00e4\u00e4nt\u00f6jen mukaan toimittajat eiv\u00e4t saa hankkia tai julkaista tietoja, joita Yhdysvaltain puolustusministeri\u00f6 ei ole virallisesti hyv\u00e4ksynyt julkistettavaksi. Rajoitukset koskevat my\u00f6s tietoja, jotka eiv\u00e4t ole salassapidett\u00e4vi\u00e4.<\/p>\n<p class=\"aw-1gybjub aw-1p7kakr kEtdKx cEmitX yle__article__paragraph\">NYT:n mukaan Pentagon yritt\u00e4\u00e4 sulkea ovensa lehdist\u00f6lt\u00e4. Pentagonin mukaan uusilla, puolustusministeri <strong class=\"aw-ak79eh KyCXm yle__article__strong\">Pete Hegsethin<\/strong> ajamilla s\u00e4\u00e4nn\u00f6ill\u00e4 pyrit\u00e4\u00e4n tukkimaan vuotoja ministeri\u00f6st\u00e4.<\/p>\n","protected":false},"excerpt":{"rendered":"Yhdysvalloissa sanomalehti The New York Times (NYT) kertoo haastavansa maan puolustusministeri\u00f6n Pentagonin oikeuteen. Lehden mukaan puolustusministeri\u00f6n uudet rajoitukset&hellip;\n","protected":false},"author":2,"featured_media":107506,"comment_status":"","ping_status":"","sticky":false,"template":"","format":"standard","meta":{"footnotes":""},"categories":[14],"tags":[22,23,26,27,33,31,30,17,24,25,28,29,15,18,21,5663,32,10823,19,20,56,16,59,60,61,619,5804],"class_list":{"0":"post-107505","1":"post","2":"type-post","3":"status-publish","4":"format-standard","5":"has-post-thumbnail","7":"category-ulkomaat","8":"tag-breaking-news","9":"tag-breakingnews","10":"tag-featured-news","11":"tag-featurednews","12":"tag-fi","13":"tag-finland","14":"tag-finnish","15":"tag-headlines","16":"tag-latest-news","17":"tag-latestnews","18":"tag-main-news","19":"tag-mainnews","20":"tag-news","21":"tag-otsikot","22":"tag-paauutiset","23":"tag-pentagon","24":"tag-suomi","25":"tag-the-new-york-times","26":"tag-top-stories","27":"tag-topstories","28":"tag-ulkomaat","29":"tag-uutiset","30":"tag-world","31":"tag-world-news","32":"tag-worldnews","33":"tag-yhdysvallat","34":"tag-yhdysvaltain-puolustusministerio"},"share_on_mastodon":{"url":"https:\/\/pubeurope.com\/@fi\/115661281972423836","error":""},"_links":{"self":[{"href":"https:\/\/www.europesays.com\/fi\/wp-json\/wp\/v2\/posts\/107505","targetHints":{"allow":["GET"]}}],"collection":[{"href":"https:\/\/www.europesays.com\/fi\/wp-json\/wp\/v2\/posts"}],"about":[{"href":"https:\/\/www.europesays.com\/fi\/wp-json\/wp\/v2\/types\/post"}],"author":[{"embeddable":true,"href":"https:\/\/www.europesays.com\/fi\/wp-json\/wp\/v2\/users\/2"}],"replies":[{"embeddable":true,"href":"https:\/\/www.europesays.com\/fi\/wp-json\/wp\/v2\/comments?post=107505"}],"version-history":[{"count":0,"href":"https:\/\/www.europesays.com\/fi\/wp-json\/wp\/v2\/posts\/107505\/revisions"}],"wp:featuredmedia":[{"embeddable":true,"href":"https:\/\/www.europesays.com\/fi\/wp-json\/wp\/v2\/media\/107506"}],"wp:attachment":[{"href":"https:\/\/www.europesays.com\/fi\/wp-json\/wp\/v2\/media?parent=107505"}],"wp:term":[{"taxonomy":"category","embeddable":true,"href":"https:\/\/www.europesays.com\/fi\/wp-json\/wp\/v2\/categories?post=107505"},{"taxonomy":"post_tag","embeddable":true,"href":"https:\/\/www.europesays.com\/fi\/wp-json\/wp\/v2\/tags?post=107505"}],"curies":[{"name":"wp","href":"https:\/\/api.w.org\/{rel}","templated":true}]}}