{"id":107507,"date":"2025-12-04T12:24:12","date_gmt":"2025-12-04T12:24:12","guid":{"rendered":"https:\/\/www.europesays.com\/fi\/107507\/"},"modified":"2025-12-04T12:24:12","modified_gmt":"2025-12-04T12:24:12","slug":"poliisitehtava-vihdissa-koululla-uhkaavasti-kayttaytyva-oppilas-uutisia-lyhyesti","status":"publish","type":"post","link":"https:\/\/www.europesays.com\/fi\/107507\/","title":{"rendered":"Poliisiteht\u00e4v\u00e4 Vihdiss\u00e4: Koululla uhkaavasti k\u00e4ytt\u00e4ytyv\u00e4 oppilas | Uutisia lyhyesti"},"content":{"rendered":"<p class=\"aw-1gybjub aw-5vja16 kEtdKx kmuxyA yle__article__paragraph\">Poliisi otti Vihdin yhteiskoululla kiinni uhkaavasti k\u00e4ytt\u00e4ytyneen henkil\u00f6n, joka alustavien tietojen perusteella on koulun oppilas. Kukaan ei loukkaantunut tilanteessa.<\/p>\n<p><img decoding=\"async\" alt=\"Kartta, johon merkitty Vihti ja Vihdin yhteiskoulu.\" src=\"https:\/\/www.europesays.com\/fi\/wp-content\/uploads\/2025\/12\/39-1564339693175eee8068.jpeg\" class=\"aw-1l9m598 hKVVvP\"\/><\/p>\n<p>Avaa kuvien katselu<\/p>\n<p>Poliisioperaatio on Vihdin yhteiskoululla. Kuva: Laura Merikalla \/ Yle, Mapcreator, OpenStreetMap<\/p>\n<p>13:51\u2022P\u00e4ivitetty 14:19<\/p>\n<p class=\"aw-1gybjub aw-1p7kakr kEtdKx cEmitX yle__article__paragraph\">Vihdin yhteiskoululla oli torstaina poliisiteht\u00e4v\u00e4.<\/p>\n<p class=\"aw-1gybjub aw-1p7kakr kEtdKx cEmitX yle__article__paragraph\">H\u00e4t\u00e4keskukseen tulleen ilmoituksen mukaan koulun tiloissa oli uhkaavasti k\u00e4ytt\u00e4ytyv\u00e4 henkil\u00f6. Poliisin alustavien tietojen mukaan h\u00e4n on koulun oppilas.<\/p>\n<p class=\"aw-1gybjub aw-1p7kakr kEtdKx cEmitX yle__article__paragraph\">Poliisi otti henkil\u00f6n kiinni. Poliisin mukaan kukaan ei loukkaantunut tilanteessa.<\/p>\n<p class=\"aw-1gybjub aw-1p7kakr kEtdKx cEmitX yle__article__paragraph\">Oppilaat suojautuivat poliisin ohjeistuksesta luokkiin, kertoo koulun rehtori <strong class=\"aw-ak79eh KyCXm yle__article__strong\">Minna Kela<\/strong> Ylelle.<\/p>\n<p class=\"aw-1gybjub aw-1p7kakr kEtdKx cEmitX yle__article__paragraph\">H\u00e4t\u00e4keskus sai ilmoituksen tapahtuneesta kello 12.47. Kela kertoi Ylelle hieman kello kahden j\u00e4lkeen poliisioperaation p\u00e4\u00e4ttyneen.<\/p>\n<p class=\"aw-1gybjub aw-1p7kakr kEtdKx cEmitX yle__article__paragraph\">Vihdin yhteiskoulussa on noin 360 oppilasta 7.\u20139. luokilla.<\/p>\n<p class=\"aw-1gybjub aw-1p7kakr kEtdKx cEmitX yle__article__paragraph\">Uutinen p\u00e4ivittyy.<\/p>\n","protected":false},"excerpt":{"rendered":"Poliisi otti Vihdin yhteiskoululla kiinni uhkaavasti k\u00e4ytt\u00e4ytyneen henkil\u00f6n, joka alustavien tietojen perusteella on koulun oppilas. Kukaan ei loukkaantunut&hellip;\n","protected":false},"author":2,"featured_media":107508,"comment_status":"","ping_status":"","sticky":false,"template":"","format":"standard","meta":{"footnotes":""},"categories":[12],"tags":[22,23,26,27,33,31,30,17,71,24,25,28,29,15,18,21,1263,32,19,20,1168,16],"class_list":{"0":"post-107507","1":"post","2":"type-post","3":"status-publish","4":"format-standard","5":"has-post-thumbnail","7":"category-suomi","8":"tag-breaking-news","9":"tag-breakingnews","10":"tag-featured-news","11":"tag-featurednews","12":"tag-fi","13":"tag-finland","14":"tag-finnish","15":"tag-headlines","16":"tag-kotimaa","17":"tag-latest-news","18":"tag-latestnews","19":"tag-main-news","20":"tag-mainnews","21":"tag-news","22":"tag-otsikot","23":"tag-paauutiset","24":"tag-rikosepailyt","25":"tag-suomi","26":"tag-top-stories","27":"tag-topstories","28":"tag-uusimaa","29":"tag-uutiset"},"share_on_mastodon":{"url":"https:\/\/pubeurope.com\/@fi\/115661286240815680","error":""},"_links":{"self":[{"href":"https:\/\/www.europesays.com\/fi\/wp-json\/wp\/v2\/posts\/107507","targetHints":{"allow":["GET"]}}],"collection":[{"href":"https:\/\/www.europesays.com\/fi\/wp-json\/wp\/v2\/posts"}],"about":[{"href":"https:\/\/www.europesays.com\/fi\/wp-json\/wp\/v2\/types\/post"}],"author":[{"embeddable":true,"href":"https:\/\/www.europesays.com\/fi\/wp-json\/wp\/v2\/users\/2"}],"replies":[{"embeddable":true,"href":"https:\/\/www.europesays.com\/fi\/wp-json\/wp\/v2\/comments?post=107507"}],"version-history":[{"count":0,"href":"https:\/\/www.europesays.com\/fi\/wp-json\/wp\/v2\/posts\/107507\/revisions"}],"wp:featuredmedia":[{"embeddable":true,"href":"https:\/\/www.europesays.com\/fi\/wp-json\/wp\/v2\/media\/107508"}],"wp:attachment":[{"href":"https:\/\/www.europesays.com\/fi\/wp-json\/wp\/v2\/media?parent=107507"}],"wp:term":[{"taxonomy":"category","embeddable":true,"href":"https:\/\/www.europesays.com\/fi\/wp-json\/wp\/v2\/categories?post=107507"},{"taxonomy":"post_tag","embeddable":true,"href":"https:\/\/www.europesays.com\/fi\/wp-json\/wp\/v2\/tags?post=107507"}],"curies":[{"name":"wp","href":"https:\/\/api.w.org\/{rel}","templated":true}]}}