{"id":107509,"date":"2025-12-04T12:25:09","date_gmt":"2025-12-04T12:25:09","guid":{"rendered":"https:\/\/www.europesays.com\/fi\/107509\/"},"modified":"2025-12-04T12:25:09","modified_gmt":"2025-12-04T12:25:09","slug":"poliisi-loysi-vaarallisesti-kaahailleen-autoilijan-tajuttomana-vesiojasta-kurikassa-etsinnoissa-kaytettiin-apuna-droonia","status":"publish","type":"post","link":"https:\/\/www.europesays.com\/fi\/107509\/","title":{"rendered":"Poliisi l\u00f6ysi vaarallisesti kaahailleen autoilijan tajuttomana vesiojasta Kurikassa \u2013 Etsinn\u00f6iss\u00e4 k\u00e4ytettiin apuna droonia"},"content":{"rendered":"<p class=\"article__paragraph\">\n      H\u00e4t\u00e4keskus sai keskiviikkona useita ilmoituksia autoilijasta, joka oli aiheuttanut Ilmajoella vaaratilanteita ajamalla muun muassa vastaantulevan liikenteen kaistalla. Autoilija oli lopulta t\u00f6rm\u00e4nnyt edell\u00e4 ajaneen auton per\u00e4\u00e4n Ahonkyl\u00e4ss\u00e4 risteyksess\u00e4. T\u00e4m\u00e4n j\u00e4lkeen autoilija oli poistunut paikalta kovalla vauhdilla autoja ohitellen Kurikan suuntaan.\n    <\/p>\n<p class=\"article__paragraph\">\n      Pohjanmaan poliisi kertoo tiedotteessaan, ett\u00e4 poliisipartio aloitti auton etsinn\u00e4t, ja noin tunnin kuluttua auto l\u00f6ytyi ojasta Varpahaiskyl\u00e4ntielt\u00e4 Kurikasta. Autossa olivat h\u00e4t\u00e4vilkut p\u00e4\u00e4ll\u00e4 ja turvatyynyt olivat lauenneet.\n    <\/p>\n<p class=\"article__paragraph\">\n      Poliisi havaitsi mutaiselta tielt\u00e4 keng\u00e4nj\u00e4lki\u00e4, ja kuljettajan etsint\u00e4\u00e4 jatkettiin l\u00e4mp\u00f6kameralla varustetun droonin avulla.\n    <\/p>\n<p class=\"article__paragraph\">\n      Noin tunnin kest\u00e4neen etsinn\u00e4n j\u00e4lkeen sammunut kuljettaja l\u00f6ydettiin vesiojasta.\n    <\/p>\n<p class=\"article__paragraph\">\n      \u2013 Mies saatiin hereille, mutta h\u00e4n oli eritt\u00e4in sekavan oloinen. Alkometritesti oli negatiivinen, mutta huumepikatesti antoi positiivisen tuloksen, tiedotteessa todetaan.\n    <\/p>\n<p class=\"article__paragraph\">\n      Miest\u00e4 ep\u00e4ill\u00e4\u00e4n t\u00f6rke\u00e4st\u00e4 liikenneturvallisuuden vaarantamisesta ja t\u00f6rke\u00e4st\u00e4 rattijuopumuksesta.\n    <\/p>\n<p class=\"article__paragraph\">\n      Poliisi pyyt\u00e4\u00e4 kolarissa osallisena ollutta toista autoilijaa olemaan yhteydess\u00e4 Pohjanmaan poliisilaitokseen s\u00e4hk\u00f6postitse osoitteeseen vihjeet.pohjanmaa@poliisi.fi\n    <\/p>\n","protected":false},"excerpt":{"rendered":"H\u00e4t\u00e4keskus sai keskiviikkona useita ilmoituksia autoilijasta, joka oli aiheuttanut Ilmajoella vaaratilanteita ajamalla muun muassa vastaantulevan liikenteen kaistalla. Autoilija&hellip;\n","protected":false},"author":2,"featured_media":107510,"comment_status":"","ping_status":"","sticky":false,"template":"","format":"standard","meta":{"footnotes":""},"categories":[5],"tags":[22,23,26,27,33,31,30,17,24,25,28,29,15,18,21,32,19,20,16],"class_list":{"0":"post-107509","1":"post","2":"type-post","3":"status-publish","4":"format-standard","5":"has-post-thumbnail","7":"category-otsikot","8":"tag-breaking-news","9":"tag-breakingnews","10":"tag-featured-news","11":"tag-featurednews","12":"tag-fi","13":"tag-finland","14":"tag-finnish","15":"tag-headlines","16":"tag-latest-news","17":"tag-latestnews","18":"tag-main-news","19":"tag-mainnews","20":"tag-news","21":"tag-otsikot","22":"tag-paauutiset","23":"tag-suomi","24":"tag-top-stories","25":"tag-topstories","26":"tag-uutiset"},"share_on_mastodon":{"url":"https:\/\/pubeurope.com\/@fi\/115661289719266524","error":""},"_links":{"self":[{"href":"https:\/\/www.europesays.com\/fi\/wp-json\/wp\/v2\/posts\/107509","targetHints":{"allow":["GET"]}}],"collection":[{"href":"https:\/\/www.europesays.com\/fi\/wp-json\/wp\/v2\/posts"}],"about":[{"href":"https:\/\/www.europesays.com\/fi\/wp-json\/wp\/v2\/types\/post"}],"author":[{"embeddable":true,"href":"https:\/\/www.europesays.com\/fi\/wp-json\/wp\/v2\/users\/2"}],"replies":[{"embeddable":true,"href":"https:\/\/www.europesays.com\/fi\/wp-json\/wp\/v2\/comments?post=107509"}],"version-history":[{"count":0,"href":"https:\/\/www.europesays.com\/fi\/wp-json\/wp\/v2\/posts\/107509\/revisions"}],"wp:featuredmedia":[{"embeddable":true,"href":"https:\/\/www.europesays.com\/fi\/wp-json\/wp\/v2\/media\/107510"}],"wp:attachment":[{"href":"https:\/\/www.europesays.com\/fi\/wp-json\/wp\/v2\/media?parent=107509"}],"wp:term":[{"taxonomy":"category","embeddable":true,"href":"https:\/\/www.europesays.com\/fi\/wp-json\/wp\/v2\/categories?post=107509"},{"taxonomy":"post_tag","embeddable":true,"href":"https:\/\/www.europesays.com\/fi\/wp-json\/wp\/v2\/tags?post=107509"}],"curies":[{"name":"wp","href":"https:\/\/api.w.org\/{rel}","templated":true}]}}