{"id":107511,"date":"2025-12-04T12:37:12","date_gmt":"2025-12-04T12:37:12","guid":{"rendered":"https:\/\/www.europesays.com\/fi\/107511\/"},"modified":"2025-12-04T12:37:12","modified_gmt":"2025-12-04T12:37:12","slug":"eve-kulmalan-aidin-lomailusta-mokilla-syntyi-hulvaton-sketsihahmo","status":"publish","type":"post","link":"https:\/\/www.europesays.com\/fi\/107511\/","title":{"rendered":"Eve Kulmalan \u00e4idin \u201dlomailusta\u201d m\u00f6kill\u00e4 syntyi hulvaton sketsihahmo"},"content":{"rendered":"<p class=\"ingress\">Koomikko Eve Kulmalan suositun Instagram-\u00e4itihahmon innoittaja on oma \u00e4iti P\u00e4ivi Kulmala. H\u00e4n opetti, ett\u00e4 haaveitten toteutumisen eteen t\u00e4ytyy itsekin tehd\u00e4 t\u00f6it\u00e4.<\/p>\n<p>Vastassa on yll\u00e4tys: koomikko <strong>Eve Kulmalan<\/strong> \u00e4iti ei ole yht\u00e4\u00e4n \u201d\u00c4idin\u201d n\u00e4k\u00f6inen. Siis sen hupaisan, h\u00f6ss\u00f6tt\u00e4v\u00e4n ja monen riemulla tunnistaman \u00e4itihahmon, joka huvittaa jo l\u00e4hes 90 000 seuraajaa Even Instagram-sketsivideoissa.<\/p>\n<p>J\u00e4rvenp\u00e4\u00e4l\u00e4isen omakotitalon oven on avannut vaalea polkkatukkainen lady, kun taas sketsivideoiden \u201d\u00c4idill\u00e4\u201d on tummanruskea, t\u00e4tim\u00e4inen kampaus ja touhukas, tuulipuvun kahinan mieleen tuova olemus.<\/p>\n<p><strong>P\u00e4ivi Kulmala <\/strong>puhkeaa nauruun huomatessaan h\u00e4mmennykseni. Min\u00e4kin nauran. Vaikka Eve oli etuk\u00e4teen kertonut, ett\u00e4 h\u00e4nen \u00e4idiss\u00e4\u00e4n ja \u201d\u00c4idiss\u00e4\u201d on paljon samaa, on totta kai h\u00f6lm\u00f6\u00e4 odottaa komediallisen \u00e4itihahmon muistuttavan ulkoisesti sen luojan ja esitt\u00e4j\u00e4n \u00e4iti\u00e4. <\/p>\n<p>Eve ilmestyy eteiseen \u00e4itins\u00e4 taakse ja tajuaa tilanteen salamannopeasti. Nauramme \u00e4\u00e4neen kaikki kolme.<\/p>\n<p><strong>Lue my\u00f6s:\u00a0<\/strong><a href=\"https:\/\/anna.fi\/ihmiset\/eve-kulmala-aitihahmo\" rel=\"nofollow noopener\" target=\"_blank\">Koomikko Eve Kulmala loi someen hysteerisen hauskan \u00e4itihahmon \u2013 h\u00e4n tiet\u00e4\u00e4, miksi sit\u00e4 rakastetaan<\/a><\/p>\n<p>Eve Kulmala, 27\u00a0<\/p>\n<p><strong>Ty\u00f6:\u00a0<\/strong>Koomikko, k\u00e4sikirjoittaja, tuottaja ja ohjaaja, jolla on Instagramissa ja Tiktokissa noin 110 000 seuraajaa.\u00a0<br \/><strong>Koti:<\/strong>\u00a0Helsingiss\u00e4.\u00a0<br \/><strong>Perhe:\u00a0<\/strong>Puoliso Meeri ja kaksivuotias lapsi. <\/p>\n<p>P\u00e4ivi Kulmala, 52\u00a0<\/p>\n<p><strong>Ty\u00f6:<\/strong>\u00a0Pornaisten Parkkojan kyl\u00e4koulun rehtori ja luokanopettaja. <br \/><strong>Koti:<\/strong>\u00a0Asuu miehens\u00e4 ja kahden koiran kanssa omakotitalossa J\u00e4rvenp\u00e4\u00e4ss\u00e4.\u00a0<br \/><strong>Perhe:\u00a0<\/strong>Puoliso Mika ja kaksi tyt\u00e4rt\u00e4, Eve ja Alisa.<\/p>\n<p>\u201dGenetiikka on ihmeellist\u00e4\u201d, P\u00e4ivi sanoo astuessaan leivinuunin jakamaan tupakeitti\u00f6\u00f6n. Ruokap\u00f6yt\u00e4\u00e4 koristavat Marimekon p\u00f6yt\u00e4liina ja kokoelma Iittalan tuikkuja. <\/p>\n<p>\u201dJoku sanoi joskus, ett\u00e4 ulkon\u00e4\u00f6ss\u00e4mme samaa ovat vain solisluut. Mutta meill\u00e4 on samanlaisia eleit\u00e4 ja ilmeit\u00e4, ja luonteeltamme olemme molemmat aika toimeliaita\u201d, Eve jatkaa.<\/p>\n<p>Eve asettaa p\u00f6yd\u00e4lle keitti\u00f6n kaapista hakemansa kahvipurkin, mallaa sen p\u00e4\u00e4lle puuterirasian ja kurkistaa sen peiliin: h\u00e4n meikkaa t\u00e4ss\u00e4 samalla. Koska meikkipeili\u00e4 ei taloudesta l\u00f6ydy, homma hoituu k\u00e4tev\u00e4sti n\u00e4inkin.<\/p>\n<p>Kahvipurkkipeilip\u00f6yt\u00e4 edustaa \u00e4idin ja tytt\u00e4ren yhteisi\u00e4 puolia: k\u00e4tevyytt\u00e4, ongelmanratkaisukyky\u00e4, multitaskaamistakin. Etenkin P\u00e4ivi on siin\u00e4 haka. H\u00e4n ei esimerkiksi voisi kuvitella, ett\u00e4 vain istuisi paikallaan puhuessaan puhelimessa tai kuunnellessaan \u00e4\u00e4nikirjaa.<\/p>\n<p>\u201dAina siin\u00e4 nyt ainakin jokin r\u00e4tti samalla heiluu.\u201d<\/p>\n<p>Eve sai inspiraation \u00e4idin puuhastelusta<\/p>\n<p>Instagramin \u00e4itihahmo syntyi perheen kes\u00e4m\u00f6kill\u00e4 puolitoista vuotta sitten. Kulmalan perhe oli tullut sinne suoraan Jukolan viesti -suunnistuskilpailusta, johon se on ottanut vuosien ajan osaa Hernem\u00e4en Porina -joukkueessa. <\/p>\n<p>Koko perhe oli kisannut tosissaan, ja m\u00f6kill\u00e4 oli tarkoitus lomailla ja rentoutua.<\/p>\n<p>Eve on parikymppisest\u00e4 asti toiminut ammattimaisena sosiaalisen median sis\u00e4ll\u00f6ntuottajana ja tiesi, ett\u00e4 kohta h\u00e4nen pit\u00e4isi tehd\u00e4 taas uusi sketsivideo Instagramiin. Mutta mist\u00e4 aiheesta?<\/p>\n<p>\u00c4itins\u00e4 loputonta puuhastelua ja siivoamista katsellessaan Eve sen keksi. H\u00e4n veti p\u00e4\u00e4h\u00e4ns\u00e4 tumman peruukin ja ylleen verkkaritakin ja alkoi imitoida \u00e4itins\u00e4 \u201dlomanviettoa\u201d. <\/p>\n<p>Syntyi sketsivideo \u00c4iti lomalla, jossa \u00e4itihahmo kantaa j\u00e4rvest\u00e4 vett\u00e4 vaikka letkukin olisi, harjaa puhtaita puuportaita ja v\u00e4h\u00e4n pihaakin, suunnittelee vaihtavansa lipputangon, taivastelee terassille j\u00e4tettyj\u00e4 urheilusukkia, j\u00e4rjestelee halkopinoa, puhdistaa r\u00e4till\u00e4 pihan koristekivi\u00e4 ja kaiken keskell\u00e4 viel\u00e4 keppijumppaa saadakseen \u00e4lykelloonsa aktiivisuusrinkulan. <\/p>\n<p>Puuhastellessaan \u00c4iti juttelee koko ajan, ja puheessa vilahtelevat sellaiset ilmaisut kuin \u201dm\u00e4 ihan v\u00e4h\u00e4n otan t\u00e4st\u00e4\u201d ja \u201dhei ihan oikeesti nyt\u201d ja \u201djoku raja sent\u00e4\u00e4n!\u201d<\/p>\n<p>P\u00e4ivi oli sketsin teossa innolla mukana ja ideoi, mit\u00e4 kaikkea hahmo viel\u00e4 voisi tehd\u00e4.<\/p>\n<p>\u201dNe koristekivet ja halkojen j\u00e4rjestelyn min\u00e4 ainakin keksin\u201d, h\u00e4n muistelee.<\/p>\n<p>\u00c4itisketsi sai somessa riemukkaan vastaanoton. Aito ja tunnistettava hahmo her\u00e4tti hilpeytt\u00e4, ja sana siit\u00e4 alkoi levit\u00e4 nopeasti.<\/p>\n<p>Suomalaisen naisen arkkityyppi<\/p>\n<p>Puolessatoista vuodessa sketsej\u00e4 on tullut lis\u00e4\u00e4 ja Eve Kulmalan seuraajam\u00e4\u00e4r\u00e4t ovat yli kolminkertaistuneet.<\/p>\n<p>\u201d\u00c4itihahmo on tavallisen suomalaisen naisen arkkityyppi\u201d, Eve miettii suosion syyt\u00e4. <\/p>\n<p>\u201dH\u00e4n pukeutuu k\u00e4yt\u00e4nn\u00f6llisesti ja mukavasti, viuhtoo eteenp\u00e4in matalapohjaisissa kengiss\u00e4 eik\u00e4 heitt\u00e4ydy avuttomana odottamaan, ett\u00e4 joku tulee hoitamaan asian, joka pit\u00e4\u00e4 hoitaa nyt.\u201d<\/p>\n<p>Sellaisiahan me monet suomalaiset naiset olemme, ja siksi Even siit\u00e4 tekem\u00e4 oivaltava mutta harmiton huumori osuu ja uppoaa juuri naisiin. Jos katsoja ei tunnista hahmosta itse\u00e4\u00e4n, h\u00e4n tunnistaa siit\u00e4 \u00e4itins\u00e4 tai naapurinsa. <\/p>\n<p>\u201d\u00c4idin hauskuus perustuu my\u00f6s itseironiaan \u2013 siihen, ett\u00e4 katsoja nauraa samalla itselleen.\u201d<\/p>\n<p>Ammennettavaa riitt\u00e4\u00e4. <\/p>\n<p>\u201dViisi-kuusikymppinen nainen ei ole mik\u00e4\u00e4n mummo, vaan aktiviinen ja kova tekem\u00e4\u00e4n\u201d, Eve sanoo ja k\u00e4\u00e4ntyy \u00e4itins\u00e4 puoleen:<\/p>\n<p>\u201dSinullakin on aina 15 \u00e4\u00e4nikirjaa kuunneltu, 10 Netflix-sarjaa katsottu, koti siivottu, koirat hoidettu, ja jossain v\u00e4liss\u00e4 olet k\u00e4ynyt vet\u00e4m\u00e4ss\u00e4 jumppakerhoakin.\u201d <\/p>\n<p>\u201dJos et kuole, tee niin jos haluat\u201d<\/p>\n<p>Vaikka Eve Kulmala naureskelee lempe\u00e4sti \u00e4itins\u00e4 aikaansaavuudelle, h\u00e4n on itse samaa maata. Luonteenpiirre nousi esiin jo lapsuudessa, jolloin Eve ei leikkinyt perinteisi\u00e4 leikkej\u00e4 vaan pikemminkin teki projekteja: askarteli, teki k\u00e4sit\u00f6it\u00e4 ja n\u00e4ytelmi\u00e4, esiintyi.<\/p>\n<p>Omina ja pikkusiskonsa syntym\u00e4p\u00e4ivin\u00e4 Eve toimi projektikoordinaattorina. Ikean liitutauluun kirjoitettiin juhlan ohjelma esityksineen, kakunsy\u00f6nteineen ja lahjanjakoineen.<\/p>\n<p>\u00c4iti ja tyt\u00e4r muistavat hyvin ne viisivuotissyntt\u00e4rit, jolloin kaikki ei mennyt ihan suunnitelmien mukaan.<\/p>\n<p>\u201dRaivosin \u00e4\u00e4nekk\u00e4\u00e4sti\u201d, Eve kuvailee.<\/p>\n<p>\u201dTunteet tulivat l\u00e4pi\u201d, P\u00e4ivi muotoilee.<\/p>\n<p>Niin ne saivat tulla muulloinkin, sill\u00e4 kasvatustapa kotona oli salliva ja ymm\u00e4rt\u00e4v\u00e4. <\/p>\n<p>Even mukaan h\u00e4nt\u00e4 ei lapsena tai nuorena pahemmin kielletty tekem\u00e4st\u00e4 mit\u00e4\u00e4n. Mielipiteit\u00e4 toki kerrottiin.<\/p>\n<p>\u201dJos halusin kiinnitt\u00e4\u00e4 keinun kattoon, minulle sanottiin, ett\u00e4 se kuulostaa todella tyhm\u00e4lt\u00e4 idealta, mutta jos et kuole, tee niin, jos haluat.\u201d<\/p>\n<p>\u201dEn ollut kullanmurunen\u201d<\/p>\n<p>P\u00e4ivin oma lapsuus oli ollut kurinalaisempi. H\u00e4nen sota-aikana syntyneet vanhempansa olivat sukupolvelleen tyypillisesti ankarampia kasvattajia.<\/p>\n<p>\u201dSiksi en itse ole halunnut liikaa kielt\u00e4\u00e4, neuvoa, tai paheksua lasteni tekemisi\u00e4, sanoa ett\u00e4 tuo on tuhon tie tai tuota et ainakaan tee.\u201d<\/p>\n<p>Vapaasta ja rajattomasta kasvatuksesta ei kuitenkaan ollut kyse, Eve tarkentaa ja k\u00e4\u00e4ntyy \u00e4itins\u00e4 puoleen.<\/p>\n<p>\u201dMin\u00e4 en ollut mik\u00e4\u00e4n kullanmurunen, joka olisi ollut paras kaikessa. Sin\u00e4 kyll\u00e4 kannustit, mutta sanoit my\u00f6s aina, ett\u00e4 jos haluaa olla hyv\u00e4, pit\u00e4\u00e4 harjoitella. Laulamaan oppisin vain treenaamalla, ymm\u00e4rr\u00e4nh\u00e4n sen!\u201d <\/p>\n<p>Molempia naurattaa. Komediamaailmassa Eve Kulmala on tutustunut lempe\u00e4\u00e4n kannustamiseen ja on kommentoinut P\u00e4ivin suorittamista ihannoivaa kasvatusta ennenkin.<\/p>\n<p>P\u00e4ivi ei pid\u00e4 itse\u00e4\u00e4n suorittajana, mutta h\u00e4nen mielest\u00e4\u00e4n on v\u00e4\u00e4rin odottaa, ett\u00e4 asiat tippuvat taivaalta suoraan syliin.<\/p>\n<p>\u201dSoitin pitk\u00e4\u00e4n viulua, ja siin\u00e4 jos miss\u00e4 oppi harjoittelun t\u00e4rkeyden. Viulua ei opi soittamaan, ellei sit\u00e4 treenaa p\u00e4ivitt\u00e4in. \u201d<\/p>\n<p>Ihmisen on P\u00e4ivin mielest\u00e4 hyv\u00e4 oppia n\u00e4kem\u00e4\u00e4n v\u00e4h\u00e4n vaivaa, ponnistelemaan ja v\u00e4h\u00e4n pettym\u00e4\u00e4nkin v\u00e4lill\u00e4. <\/p>\n<p>\u201dMuuten sitkeyden tuoma palkinto ja omin voimin onnistumisen tyydytys voivat j\u00e4\u00e4d\u00e4 kokematta.\u201d<\/p>\n<p>My\u00f6s vanhemman on helpompaa tukea lapsen intohimoja, jos t\u00e4m\u00e4 ei odota saavansa kaikkea valmiina.<\/p>\n<p><strong>Lue my\u00f6s Kotiliesi.fi:\u00a0<\/strong><a href=\"https:\/\/kotiliesi.fi\/hyvinvointi\/suhteet\/miksi-aidin-ja-tyttaren-suhde-on-usein-niin-vaikea-psykoterapeutti-kehottaa-olemaan-jamakka\/\" target=\"_blank\" rel=\"noreferrer noopener nofollow\">Miksi \u00e4idin ja tytt\u00e4ren suhde on usein niin vaikea? Psykoterapeutti kehottaa olemaan j\u00e4m\u00e4kk\u00e4<\/a><\/p>\n<p>Eve Kulmala: \u201dKyll\u00e4 minulla sitkeytt\u00e4 l\u00f6ytyy\u201d<\/p>\n<p>Ty\u00f6n merkitys tavoitteiden saavuttamiseksi on perheess\u00e4 sis\u00e4istetty my\u00f6s urheilun kautta. P\u00e4ivill\u00e4 ja Even is\u00e4ll\u00e4 <strong>Mika Kulmalalla <\/strong>on kilpaurheilutaustaa suunnistuksessa ja hiihdossa, ja Mika toimi vuosien ajan urheilun huippupestiss\u00e4 Hiihtoliiton toiminnanjohtajana. <\/p>\n<p>Huippu-urheilussa on itsest\u00e4\u00e4nselvyys, ett\u00e4 tuloksia ei synny ilman pitk\u00e4j\u00e4nteist\u00e4 ty\u00f6t\u00e4 ja itsens\u00e4 likoon laittamista silloinkin, kun se on tyls\u00e4\u00e4 eik\u00e4 huvittaisi yht\u00e4\u00e4n. <\/p>\n<p>My\u00f6s Eve treenasi urheilua pitk\u00e4\u00e4n tavoitteellisesti. Ensin lajeina olivat suunnistus ja hiihto. 15-vuotiaana h\u00e4n osallistui showtanssin Suomen-mestaruuskisoihin, ja lukiolaisena h\u00e4n treenasi triathlonille.<\/p>\n<p>\u201d\u00c4idin musikaalisuus- ja kest\u00e4vyysgeenit eiv\u00e4t valitettavasti periytyneet minulle. Olen vahva, painava ja astmakeuhkoinen, joten ei minusta huippu-urheilijaa tullut\u201d, Eve Kulmala virnist\u00e4\u00e4.<\/p>\n<p>Kiinnostus esiintymist\u00e4 kohtaan sen sijaan s\u00e4ilytti vetovoimansa. Eve oli yl\u00e4koululaisesta asti harrastanut nuorisoteatteria, ja varsinkin komedian teko kiehtoi. Sit\u00e4 h\u00e4n halusi tehd\u00e4 isona, se olisi h\u00e4nen unelma-ammattinsa.<\/p>\n<p>\u201dMinua ei v\u00e4ltt\u00e4m\u00e4tt\u00e4 tunneta pitk\u00e4j\u00e4nteisyydest\u00e4ni, mutta kyll\u00e4 minulta sitkeytt\u00e4 l\u00f6ytyy, kun olen jostakin innostunut. Lukion j\u00e4lkeen en ole tehnyt muuta kuin keskittynyt komedia-asioihin.\u201d<\/p>\n<p>Ensimm\u00e4inen askel kohti haaveiden toteutumista oli HEO-kansanopiston stand up \u2013 ja komedialinja. Opintojen ohessa Eve alkoi esiinty\u00e4 stand up -keikoilla. <\/p>\n<p>Even sketsit olivat yhteiskunnallisia ja feministisi\u00e4. Niiss\u00e4 h\u00e4n otti kantaa muun muassa seksismiin, rasismiin ja sukupuolirooleihin. <\/p>\n<p>Kun korona vei esiintymismahdollisuudet, Eve alkoi tehd\u00e4 videoita someen. H\u00e4n piti tykk\u00e4yk\u00adsist\u00e4 kirjaa, teki tilastoja ja analysoi, mik\u00e4 ihmisi\u00e4 naurattaa, ja toimi sen mukaan.<\/p>\n<p>Ahkeruus, omaleimaisuus ja rohkeus alkoivat tuottaa tulosta. Eve oli vain 22-vuotias, kun h\u00e4nt\u00e4 pyydettiin tekem\u00e4\u00e4n sis\u00e4lt\u00f6j\u00e4 Yle Areenan Stories-tilille. Oman yrityksens\u00e4 h\u00e4n perusti samana vuonna. Sitten ilmestyi Hauskan tyt\u00f6n k\u00e4sikirja, jossa Eve kertoi kokemuksistaan komedian teosta ja sketsiens\u00e4 aiheista.<\/p>\n<p>Yleisradiossa Eve on p\u00e4\u00e4ssyt my\u00f6s k\u00e4sikirjoittamaan ja ohjaamaan. Urahaaveista on monella tapaa tullut totta. <\/p>\n<p>\u00c4iti-sketsit syntyv\u00e4t usein lapsuudenkodissa<\/p>\n<p>Palataan viel\u00e4 \u00e4itihahmoon ja -sketseihin, joiden \u201dtuottajana\u201d P\u00e4ivi toimii. H\u00e4nt\u00e4 termi hymyilytt\u00e4\u00e4, mutta totta on, ett\u00e4 kun Eve kertoo P\u00e4iville uuden \u00e4itivideon teeman, P\u00e4ivin p\u00e4\u00e4ss\u00e4 alkaa raksuttaa. Kohta h\u00e4n jo l\u00e4hettelee tytt\u00e4relleen ideoita siit\u00e4, mit\u00e4 videossa voisi olla. P\u00e4ivi tekee my\u00f6s taustat\u00f6it\u00e4 ja kertoo Evelle esimerkkej\u00e4 el\u00e4v\u00e4st\u00e4 el\u00e4m\u00e4st\u00e4.<\/p>\n<p>\u201dEsimerkiksi sen, ett\u00e4 osa puutarhaihmisist\u00e4 menee aivan tolaltaan, jos sanoja istuttaa ja kylv\u00e4\u00e4 k\u00e4ytt\u00e4\u00e4 v\u00e4\u00e4rin.\u201d <\/p>\n<p>Sketsit kuvataan usein Even vanhempien luona J\u00e4rvenp\u00e4\u00e4ss\u00e4. T\u00e4\u00e4lt\u00e4 l\u00f6ytyy yleens\u00e4 my\u00f6s sketseiss\u00e4 tarvittava rekvisiitta.<\/p>\n<p>Osa videoista on maksettuja tilaust\u00f6it\u00e4 tai somemainoksia. My\u00f6s mainostajat ja PR-ihmiset ovat tajunneet \u00c4idin suosion monet mahdollisuudet. <\/p>\n<p>Tilaust\u00f6it\u00e4 Eve tekee siksi, ett\u00e4 h\u00e4n on alusta l\u00e4htien halunnut my\u00f6s el\u00e4tt\u00e4\u00e4 itsens\u00e4 komiikallaan. H\u00e4n on onnistunut siin\u00e4 jo nelj\u00e4n vuoden ajan. <\/p>\n<p>Kun Evest\u00e4 pari vuotta sitten tuli itse \u00e4iti, asia konkretisoitui entisest\u00e4\u00e4n.<\/p>\n<p>\u201dAiemmin saatoin sinnitell\u00e4 pari kuukautta ilman tuloja, mutta lapsen kanssa en voi niin en\u00e4\u00e4 toimia.\u201d<\/p>\n<p>\u00c4idiksi tullessaan Eve oli 24-vuotias ja iso\u00e4idiksi tullut P\u00e4ivi viisikymppinen. Even suunnitelmat perheen perustamisesta olivat tulleet h\u00e4nen \u00e4idilleen yll\u00e4tyksen\u00e4.<\/p>\n<p>\u201dOlin k\u00e4velyll\u00e4, kun Eve soitti minulle ja kertoi muuttaneensa <strong>Meerin<\/strong> kanssa yhteen. V\u00e4h\u00e4n my\u00f6hemmin Eve ilmoitti, ett\u00e4 \u2019by the way, \u00e4l\u00e4 pel\u00e4sty, mutta me ollaan Meerin kanssa suunniteltu, ett\u00e4 me hankitaan lapsi\u2019.\u201d<\/p>\n<p>P\u00e4ivi arvelee, ett\u00e4 joku muu olisi voinut kehottaa tyt\u00e4rt\u00e4\u00e4n miettim\u00e4\u00e4n v\u00e4h\u00e4n aikaa ennen noin suuria p\u00e4\u00e4t\u00f6ksi\u00e4.<\/p>\n<p>\u201dMutta min\u00e4 otan asiat aika rauhallisesti. En menett\u00e4nyt y\u00f6uniani tai mit\u00e4\u00e4n.\u201d <\/p>\n<p>Even kutsumanimi muuttui ilmoitusasiana 12-vuotiaana<\/p>\n<p>P\u00e4ivi tiet\u00e4\u00e4, ett\u00e4 kun tyt\u00e4r jotain p\u00e4\u00e4tt\u00e4\u00e4, h\u00e4n my\u00f6s p\u00e4\u00e4t\u00f6ksess\u00e4\u00e4n pysyy. Se tuli selv\u00e4ksi jo, kun <strong>Ainoksi<\/strong> ristitty Eve 12-vuotiaana ilmoitusasiana kertoi, ett\u00e4 h\u00e4n on sitten t\u00e4st\u00e4 eteenp\u00e4in Eveliina toisen nimens\u00e4 mukaan.<\/p>\n<p>\u201dSin\u00e4 et ole koskaan harrastanut vatulointa tai veivaamista vaan mennyt eteenp\u00e4in kertap\u00e4\u00e4t\u00f6ksell\u00e4. Sen j\u00e4lkeen olet kysellyt muilta, ett\u00e4 \u2019mik\u00e4 t\u00e4ss\u00e4 nyt on ongelma. Onko t\u00e4ss\u00e4 muka jokin vaihtoehto?\u2019\u201d<\/p>\n<p>\u201dEi, m\u00e4 en oo pohtinut el\u00e4m\u00e4ss\u00e4ni mit\u00e4\u00e4n kertaakaan\u201d, Eve sanoo ja nauraa.<\/p>\n<p>Eve haluaa kasvattaa omaa kaksivuotiasta lastaan pitk\u00e4lti lapsuudenkodin opeilla: hyv\u00e4ksyen, liikoja paineita asettamatta. <\/p>\n<p>P\u00e4ivi on kuitenkin huomannut yhden eron: Eve puhuu lapselleen t\u00e4m\u00e4n tunteista eri tavoin kuin h\u00e4n itse teki. <\/p>\n<p>\u201dEn min\u00e4k\u00e4\u00e4n hyssytellyt tunteiden n\u00e4ytt\u00e4mist\u00e4, mutta niin vahva tunteiden sanoittaminen on minulle uutta\u201d, P\u00e4ivi sanoo.<\/p>\n<p>Even mukaan seuraava sukupolvi oppii aina jotain edelliselt\u00e4 ja lis\u00e4\u00e4 jotain omaa. <\/p>\n<p>\u201dToivottavasti minultakin joku oppii jotain ja toisaalta katsoo kasvatusmetodejani siten, ett\u00e4 tuo ei en\u00e4\u00e4 k\u00e4y. Monessa muussakin asiassa toivoisin, ett\u00e4 asiat menisiv\u00e4t niin.\u201d<\/p>\n<p>Even lapsi saa toteuttaa itse\u00e4\u00e4n ja k\u00e4ytt\u00e4\u00e4 omia vahvuuksiaan, mutta oppii perinton\u00e4 senkin, ett\u00e4 haaveiden toteutumiseen tarvitaan my\u00f6s omaa panosta.<\/p>\n<p>\u201dVaikka itse\u00e4\u00e4n pit\u00e4\u00e4 kuunnella ja olla armollinen, siit\u00e4 on hy\u00f6ty\u00e4, ett\u00e4 v\u00e4lill\u00e4 tekee my\u00f6s asioita, joista ei pid\u00e4. Haluan kannustaa kaikkia muitakin siihen, ett\u00e4 tavoitteiden eteen tehd\u00e4\u00e4n ty\u00f6t\u00e4 ja v\u00e4lill\u00e4 v\u00e4h\u00e4n my\u00f6s suoritetaan. Se tekee ihmiselle ihan hyv\u00e4\u00e4\u201d, Eve sanoo. <\/p>\n<p>Juttu on ilmestynyt Anna-lehden numerossa 49\/2025.<\/p>\n<p>    Sinua voi kiinnostaa my\u00f6s:<\/p>\n<ol class=\"read-also__list\">\n<li>\n<p>            <img loading=\"lazy\" decoding=\"async\" class=\"card__image awpo-lqip awpo-lazy\" width=\"2560\" height=\"1600\" src=\"https:\/\/www.europesays.com\/fi\/wp-content\/uploads\/2025\/12\/juha-hurme-1-scaled.jpg\"\/>                <a href=\"https:\/\/anna.fi\/kategoria\/ihmiset\" class=\"card__vignette\" rel=\"nofollow noopener\" target=\"_blank\"><br \/>\n            Ihmiset          <\/a><\/p>\n<p>      <a href=\"https:\/\/anna.fi\/ihmiset\/juha-hurme-ei-kaipaa-enaa-parisuhdetta\" class=\"card__link-overlay\" rel=\"nofollow noopener\" target=\"_blank\">Juha Hurme ei kaipaa en\u00e4\u00e4 parisuhdetta \u2013 hallitseva \u00e4iti vaikutti liittojen p\u00e4\u00e4ttymiseen<\/a><\/p>\n<\/li>\n<li>\n<p>            <img loading=\"lazy\" decoding=\"async\" class=\"card__image awpo-lqip awpo-lazy\" width=\"2560\" height=\"1600\" src=\"https:\/\/www.europesays.com\/fi\/wp-content\/uploads\/2025\/12\/kissahotelli-scaled.jpg\"\/>                <a href=\"https:\/\/anna.fi\/kategoria\/ihmiset\" class=\"card__vignette\" rel=\"nofollow noopener\" target=\"_blank\"><br \/>\n            Ihmiset          <\/a><\/p>\n<p>      <a href=\"https:\/\/anna.fi\/ihmiset\/tiina-ryhtyi-kissahotellin-emannaksi\" class=\"card__link-overlay\" rel=\"nofollow noopener\" target=\"_blank\">Tiina ryhtyi kissahotellin em\u00e4nn\u00e4ksi \u2013 t\u00e4m\u00e4n kaiken asiakas saa 48 eurolla p\u00e4iv\u00e4ss\u00e4<\/a><\/p>\n<\/li>\n<li>\n<p>            <img loading=\"lazy\" decoding=\"async\" class=\"card__image awpo-lqip awpo-lazy\" width=\"2100\" height=\"1400\" src=\"https:\/\/www.europesays.com\/fi\/wp-content\/uploads\/2025\/12\/me-2-monika-fagerholm-5_artikkeli.jpg\"\/>                <a href=\"https:\/\/anna.fi\/kategoria\/ihmiset\" class=\"card__vignette\" rel=\"nofollow noopener\" target=\"_blank\"><br \/>\n            Ihmiset          <\/a><\/p>\n<p>      <a href=\"https:\/\/anna.fi\/ihmiset\/kotiliesi-finlandia-voittaja-monika-fagerholm\" class=\"card__link-overlay\" rel=\"nofollow noopener\" target=\"_blank\">Kotiliesi: Kirjailija Monika Fagerholmin ja talonmies Hilding Nylundin rakkaus syttyi hurjalla roihulla \u2013 &#8221;Koko maailma oli mullin mallin&#8221;<\/a><\/p>\n<\/li>\n<\/ol>\n","protected":false},"excerpt":{"rendered":"Koomikko Eve Kulmalan suositun Instagram-\u00e4itihahmon innoittaja on oma \u00e4iti P\u00e4ivi Kulmala. H\u00e4n opetti, ett\u00e4 haaveitten toteutumisen eteen t\u00e4ytyy&hellip;\n","protected":false},"author":2,"featured_media":107512,"comment_status":"","ping_status":"","sticky":false,"template":"","format":"standard","meta":{"footnotes":""},"categories":[136],"tags":[11274,16225,407,137,33,31,30,2675,408,2341,32,109],"class_list":{"0":"post-107511","1":"post","2":"type-post","3":"status-publish","4":"format-standard","5":"has-post-thumbnail","7":"category-julkkikset","8":"tag-aidit","9":"tag-aiti-tytarsuhde","10":"tag-celebrities","11":"tag-entertainment","12":"tag-fi","13":"tag-finland","14":"tag-finnish","15":"tag-instagram","16":"tag-julkkikset","17":"tag-some","18":"tag-suomi","19":"tag-viihde"},"share_on_mastodon":{"url":"https:\/\/pubeurope.com\/@fi\/115661337103744726","error":""},"_links":{"self":[{"href":"https:\/\/www.europesays.com\/fi\/wp-json\/wp\/v2\/posts\/107511","targetHints":{"allow":["GET"]}}],"collection":[{"href":"https:\/\/www.europesays.com\/fi\/wp-json\/wp\/v2\/posts"}],"about":[{"href":"https:\/\/www.europesays.com\/fi\/wp-json\/wp\/v2\/types\/post"}],"author":[{"embeddable":true,"href":"https:\/\/www.europesays.com\/fi\/wp-json\/wp\/v2\/users\/2"}],"replies":[{"embeddable":true,"href":"https:\/\/www.europesays.com\/fi\/wp-json\/wp\/v2\/comments?post=107511"}],"version-history":[{"count":0,"href":"https:\/\/www.europesays.com\/fi\/wp-json\/wp\/v2\/posts\/107511\/revisions"}],"wp:featuredmedia":[{"embeddable":true,"href":"https:\/\/www.europesays.com\/fi\/wp-json\/wp\/v2\/media\/107512"}],"wp:attachment":[{"href":"https:\/\/www.europesays.com\/fi\/wp-json\/wp\/v2\/media?parent=107511"}],"wp:term":[{"taxonomy":"category","embeddable":true,"href":"https:\/\/www.europesays.com\/fi\/wp-json\/wp\/v2\/categories?post=107511"},{"taxonomy":"post_tag","embeddable":true,"href":"https:\/\/www.europesays.com\/fi\/wp-json\/wp\/v2\/tags?post=107511"}],"curies":[{"name":"wp","href":"https:\/\/api.w.org\/{rel}","templated":true}]}}