{"id":107521,"date":"2025-12-04T12:46:10","date_gmt":"2025-12-04T12:46:10","guid":{"rendered":"https:\/\/www.europesays.com\/fi\/107521\/"},"modified":"2025-12-04T12:46:10","modified_gmt":"2025-12-04T12:46:10","slug":"otsonikerros-palautuu-ennalleen-vuoteen-2066-mennessa","status":"publish","type":"post","link":"https:\/\/www.europesays.com\/fi\/107521\/","title":{"rendered":"Otsonikerros: palautuu ennalleen vuoteen 2066 menness\u00e4"},"content":{"rendered":"<p>Tutkijoiden mukaan havainto on \u201dhuojentava\u201d.<\/p>\n<p>N\u00e4in otsonikerros muuttui vuosina 1979\u20132017.Video: Nasa<\/p>\n<p>3.12. 17:30<\/p>\n<p class=\"article-body mb-nof-24 px-nof-16\">Etel\u00e4mantereen yll\u00e4 oleva otsoniaukko oli t\u00e4n\u00e4 vuonna pienin ja lyhytaikaisin sitten vuoden 2019, kertoo EU:n ymp\u00e4rist\u00f6tiedon palveluverkosto Copernicus-ohjelma. Tutkijoiden mukaan havainto on \u201dhuojentava merkki\u201d otsonikerroksen palautumisesta, kertoo <a class=\"article-genericlink\" href=\"https:\/\/www.theguardian.com\/environment\/2025\/dec\/01\/hole-in-ozone-layer-antarctica-smallest-since-2019-scientists-copernicus-eu\" rel=\"nofollow noopener\" target=\"_blank\">The Guardian<\/a>.<\/p>\n<p class=\"article-body mb-nof-24 px-nof-16\">Otsoniaukot ovat Maan napa-alueilla esiintyvi\u00e4 voimakkaita, jaksoittaisia otsonikerroksen ohentumia.<\/p>\n<p class=\"article-body mb-nof-24 px-nof-16\">Otsonikerros on vaurioitunein Etel\u00e4mantereen alueella, jossa sen odotetaan palautuvan ennalleen noin vuoteen 2066 menness\u00e4. Arktisilla alueilla otsonikerroksen odotetaan elpyv\u00e4n vuoteen 2045 menness\u00e4, muualla maailmassa jo paria vuotta aiemmin.<\/p>\n<p class=\"article-body mb-nof-24 px-nof-16\">T\u00e4n\u00e4 vuonna Etel\u00e4mantereen yll\u00e4 havaittu otsoniaukko oli laajimmillaan syyskuussa 21 miljoonaa neli\u00f6kilometri\u00e4 kun vuonna 2023 koko oli 26 miljoonaa neli\u00f6kilometri\u00e4. Otsoniaukko pieneni, kunnes oli maanantaina jo liki sulkeutunut.<\/p>\n<p class=\"article-body mb-nof-24 px-nof-16\">\u2013 Otsoniaukon aiempi sulkeutuminen ja suhteellisen pieni koko t\u00e4n\u00e4 vuonna on huojentava merkki. Se osoittaa otsonikerrosta tuhoavien aineiden k\u00e4ytt\u00f6rajoituksen tuovan tasaisesti, vuosi vuodelta edistyst\u00e4 otsonikerroksen palautumisessa, toteaa Copernicus-ohjelman ilmakeh\u00e4\u00e4 seuraavan Cams-palvelun johtaja <a class=\"article-personlink\" href=\"https:\/\/www.is.fi\/haku\/?query=Laurence%20Rouil\" rel=\"nofollow noopener\" target=\"_blank\">Laurence Rouil<\/a>.<\/p>\n<p class=\"article-body mb-nof-24 px-nof-16\">Nykyinen otsonikato johtuu ihmisen ilmakeh\u00e4\u00e4n p\u00e4\u00e4st\u00e4mist\u00e4 kemiallisista yhdisteist\u00e4. Niist\u00e4 otsonikerroksen kannalta haitallisimpia ovat olleet aiemmin esimerkiksi kylm\u00e4aineissa ja ponnekaasuissa k\u00e4ytetyt kloorista, fluorista ja hiilest\u00e4 muodostuneet CFC-yhdisteet.<\/p>\n","protected":false},"excerpt":{"rendered":"Tutkijoiden mukaan havainto on \u201dhuojentava\u201d. N\u00e4in otsonikerros muuttui vuosina 1979\u20132017.Video: Nasa 3.12. 17:30 Etel\u00e4mantereen yll\u00e4 oleva otsoniaukko oli&hellip;\n","protected":false},"author":2,"featured_media":107522,"comment_status":"","ping_status":"","sticky":false,"template":"","format":"standard","meta":{"footnotes":""},"categories":[112],"tags":[33,31,30,34,118,32,119],"class_list":{"0":"post-107521","1":"post","2":"type-post","3":"status-publish","4":"format-standard","5":"has-post-thumbnail","7":"category-tiede","8":"tag-fi","9":"tag-finland","10":"tag-finnish","11":"tag-ilta-sanomat","12":"tag-science","13":"tag-suomi","14":"tag-tiede"},"share_on_mastodon":{"url":"https:\/\/pubeurope.com\/@fi\/115661372370507614","error":""},"_links":{"self":[{"href":"https:\/\/www.europesays.com\/fi\/wp-json\/wp\/v2\/posts\/107521","targetHints":{"allow":["GET"]}}],"collection":[{"href":"https:\/\/www.europesays.com\/fi\/wp-json\/wp\/v2\/posts"}],"about":[{"href":"https:\/\/www.europesays.com\/fi\/wp-json\/wp\/v2\/types\/post"}],"author":[{"embeddable":true,"href":"https:\/\/www.europesays.com\/fi\/wp-json\/wp\/v2\/users\/2"}],"replies":[{"embeddable":true,"href":"https:\/\/www.europesays.com\/fi\/wp-json\/wp\/v2\/comments?post=107521"}],"version-history":[{"count":0,"href":"https:\/\/www.europesays.com\/fi\/wp-json\/wp\/v2\/posts\/107521\/revisions"}],"wp:featuredmedia":[{"embeddable":true,"href":"https:\/\/www.europesays.com\/fi\/wp-json\/wp\/v2\/media\/107522"}],"wp:attachment":[{"href":"https:\/\/www.europesays.com\/fi\/wp-json\/wp\/v2\/media?parent=107521"}],"wp:term":[{"taxonomy":"category","embeddable":true,"href":"https:\/\/www.europesays.com\/fi\/wp-json\/wp\/v2\/categories?post=107521"},{"taxonomy":"post_tag","embeddable":true,"href":"https:\/\/www.europesays.com\/fi\/wp-json\/wp\/v2\/tags?post=107521"}],"curies":[{"name":"wp","href":"https:\/\/api.w.org\/{rel}","templated":true}]}}