{"id":107527,"date":"2025-12-04T12:50:09","date_gmt":"2025-12-04T12:50:09","guid":{"rendered":"https:\/\/www.europesays.com\/fi\/107527\/"},"modified":"2025-12-04T12:50:09","modified_gmt":"2025-12-04T12:50:09","slug":"oppilas-kayttaytyi-uhkaavasti-koulussa-poliisi-paikalle-uutissuomalainen","status":"publish","type":"post","link":"https:\/\/www.europesays.com\/fi\/107527\/","title":{"rendered":"Oppilas k\u00e4ytt\u00e4ytyi uhkaavasti koulussa \u2013 poliisi paikalle | Uutissuomalainen"},"content":{"rendered":"<p>Poliisi h\u00e4lytettiin torstaina Vihdin yhteiskouluun uhkaavasti k\u00e4ytt\u00e4ytyv\u00e4n henkil\u00f6n takia.<\/p>\n<p>L\u00e4nsi-Uudenmaan poliisin mukaan h\u00e4t\u00e4keskus sai kello 12.47 ilmoituksen koulun tiloissa uhkaavasti k\u00e4ytt\u00e4ytyneest\u00e4 henkil\u00f6st\u00e4.<\/p>\n<p>Paikalle nopeasti saapunut otti kyseisen henkil\u00f6n kiinni. Poliisin mukaan kukaan ei loukkaantunut tilanteessa.<\/p>\n<p>Poliisin alustavien tietojen mukaan uhkaavasti k\u00e4ytt\u00e4ytynyt henkil\u00f6 on koulun oppilas.<\/p>\n<p>Tilanne koululla on rauhallinen ja poliisi jatkaa asian selvitt\u00e4mist\u00e4.<\/p>\n<p>Henkil\u00f6n nuoren i\u00e4n vuoksi poliisi ei kommentoi tapahtunutta yksityiskohtaisemmin.<\/p>\n","protected":false},"excerpt":{"rendered":"Poliisi h\u00e4lytettiin torstaina Vihdin yhteiskouluun uhkaavasti k\u00e4ytt\u00e4ytyv\u00e4n henkil\u00f6n takia. L\u00e4nsi-Uudenmaan poliisin mukaan h\u00e4t\u00e4keskus sai kello 12.47 ilmoituksen koulun&hellip;\n","protected":false},"author":2,"featured_media":49136,"comment_status":"","ping_status":"","sticky":false,"template":"","format":"standard","meta":{"footnotes":""},"categories":[12],"tags":[22,23,26,27,33,31,30,17,615,96,757,100,24,25,28,29,15,18,21,98,103,32,19,20,16,796],"class_list":{"0":"post-107527","1":"post","2":"type-post","3":"status-publish","4":"format-standard","5":"has-post-thumbnail","7":"category-suomi","8":"tag-breaking-news","9":"tag-breakingnews","10":"tag-featured-news","11":"tag-featurednews","12":"tag-fi","13":"tag-finland","14":"tag-finnish","15":"tag-headlines","16":"tag-koulut","17":"tag-koulutus","18":"tag-koulutus-ja-kasvatus","19":"tag-lapset-ja-nuoret","20":"tag-latest-news","21":"tag-latestnews","22":"tag-main-news","23":"tag-mainnews","24":"tag-news","25":"tag-otsikot","26":"tag-paauutiset","27":"tag-perhe","28":"tag-sosiaalikysymykset","29":"tag-suomi","30":"tag-top-stories","31":"tag-topstories","32":"tag-uutiset","33":"tag-yhteiskunta"},"share_on_mastodon":{"url":"https:\/\/pubeurope.com\/@fi\/115661388141085005","error":""},"_links":{"self":[{"href":"https:\/\/www.europesays.com\/fi\/wp-json\/wp\/v2\/posts\/107527","targetHints":{"allow":["GET"]}}],"collection":[{"href":"https:\/\/www.europesays.com\/fi\/wp-json\/wp\/v2\/posts"}],"about":[{"href":"https:\/\/www.europesays.com\/fi\/wp-json\/wp\/v2\/types\/post"}],"author":[{"embeddable":true,"href":"https:\/\/www.europesays.com\/fi\/wp-json\/wp\/v2\/users\/2"}],"replies":[{"embeddable":true,"href":"https:\/\/www.europesays.com\/fi\/wp-json\/wp\/v2\/comments?post=107527"}],"version-history":[{"count":0,"href":"https:\/\/www.europesays.com\/fi\/wp-json\/wp\/v2\/posts\/107527\/revisions"}],"wp:featuredmedia":[{"embeddable":true,"href":"https:\/\/www.europesays.com\/fi\/wp-json\/wp\/v2\/media\/49136"}],"wp:attachment":[{"href":"https:\/\/www.europesays.com\/fi\/wp-json\/wp\/v2\/media?parent=107527"}],"wp:term":[{"taxonomy":"category","embeddable":true,"href":"https:\/\/www.europesays.com\/fi\/wp-json\/wp\/v2\/categories?post=107527"},{"taxonomy":"post_tag","embeddable":true,"href":"https:\/\/www.europesays.com\/fi\/wp-json\/wp\/v2\/tags?post=107527"}],"curies":[{"name":"wp","href":"https:\/\/api.w.org\/{rel}","templated":true}]}}