{"id":107531,"date":"2025-12-04T13:12:09","date_gmt":"2025-12-04T13:12:09","guid":{"rendered":"https:\/\/www.europesays.com\/fi\/107531\/"},"modified":"2025-12-04T13:12:09","modified_gmt":"2025-12-04T13:12:09","slug":"levyarvio-yksi-de-la-soulin-jasenista-kuoli-ja-nyt-ikoninen-ryhma-tekee-surutyota-uudella-levyllaan","status":"publish","type":"post","link":"https:\/\/www.europesays.com\/fi\/107531\/","title":{"rendered":"Levyarvio: Yksi De La Soulin j\u00e4senist\u00e4 kuoli, ja nyt ikoninen ryhm\u00e4 tekee suruty\u00f6t\u00e4 uudella levyll\u00e4\u00e4n"},"content":{"rendered":"<p>Levyarvio|De La Soulin 20 kappaleen Cabin in the Sky on viihdytt\u00e4v\u00e4 ja helposti pureskeltava levy klassisen r\u00e4pin ja tuttujen viittausten yst\u00e4ville.<\/p>\n<p>30.11. 15:00<\/p>\n<p class=\"article-body mb-nof-24 px-nof-16\">Rap \/ albumi<\/p>\n<p class=\"article-body mb-nof-24 px-nof-16\">De La Soul: Cabin in the Sky. Mass Appeal.<\/p>\n<p class=\"article-body mb-nof-24 px-nof-16\">\u2605\u2605\u2605<\/p>\n<p class=\"article-body mb-nof-24 px-nof-16\">Vuonna 1988 perustettu De La Soul on yksi merkitt\u00e4vimmist\u00e4 yhtyeist\u00e4 r\u00e4pin historiassa. Trion eksentrinen hyv\u00e4ntuulisuus on toiminut synkempien visioiden vastavoimana. Sen vaikutukset kuuluvat yh\u00e4 Suomessa asti Good Boysin, <a class=\"article-personlink\" href=\"https:\/\/www.hs.fi\/haku\/?query=Stepan\" rel=\"nofollow noopener\" target=\"_blank\">Stepan<\/a> ja <a class=\"article-personlink\" href=\"https:\/\/www.hs.fi\/haku\/?query=Krison\" rel=\"nofollow noopener\" target=\"_blank\">Krison<\/a> kaltaisten artistien hassuttelussa.<\/p>\n","protected":false},"excerpt":{"rendered":"Levyarvio|De La Soulin 20 kappaleen Cabin in the Sky on viihdytt\u00e4v\u00e4 ja helposti pureskeltava levy klassisen r\u00e4pin ja&hellip;\n","protected":false},"author":2,"featured_media":107532,"comment_status":"","ping_status":"","sticky":false,"template":"","format":"standard","meta":{"footnotes":""},"categories":[132],"tags":[137,33,31,30,46,195,47,32,109],"class_list":{"0":"post-107531","1":"post","2":"type-post","3":"status-publish","4":"format-standard","5":"has-post-thumbnail","7":"category-musiikki","8":"tag-entertainment","9":"tag-fi","10":"tag-finland","11":"tag-finnish","12":"tag-helsingin-sanomat","13":"tag-music","14":"tag-musiikki","15":"tag-suomi","16":"tag-viihde"},"share_on_mastodon":{"url":"https:\/\/pubeurope.com\/@fi\/115661474640198410","error":""},"_links":{"self":[{"href":"https:\/\/www.europesays.com\/fi\/wp-json\/wp\/v2\/posts\/107531","targetHints":{"allow":["GET"]}}],"collection":[{"href":"https:\/\/www.europesays.com\/fi\/wp-json\/wp\/v2\/posts"}],"about":[{"href":"https:\/\/www.europesays.com\/fi\/wp-json\/wp\/v2\/types\/post"}],"author":[{"embeddable":true,"href":"https:\/\/www.europesays.com\/fi\/wp-json\/wp\/v2\/users\/2"}],"replies":[{"embeddable":true,"href":"https:\/\/www.europesays.com\/fi\/wp-json\/wp\/v2\/comments?post=107531"}],"version-history":[{"count":0,"href":"https:\/\/www.europesays.com\/fi\/wp-json\/wp\/v2\/posts\/107531\/revisions"}],"wp:featuredmedia":[{"embeddable":true,"href":"https:\/\/www.europesays.com\/fi\/wp-json\/wp\/v2\/media\/107532"}],"wp:attachment":[{"href":"https:\/\/www.europesays.com\/fi\/wp-json\/wp\/v2\/media?parent=107531"}],"wp:term":[{"taxonomy":"category","embeddable":true,"href":"https:\/\/www.europesays.com\/fi\/wp-json\/wp\/v2\/categories?post=107531"},{"taxonomy":"post_tag","embeddable":true,"href":"https:\/\/www.europesays.com\/fi\/wp-json\/wp\/v2\/tags?post=107531"}],"curies":[{"name":"wp","href":"https:\/\/api.w.org\/{rel}","templated":true}]}}