{"id":107535,"date":"2025-12-04T13:15:07","date_gmt":"2025-12-04T13:15:07","guid":{"rendered":"https:\/\/www.europesays.com\/fi\/107535\/"},"modified":"2025-12-04T13:15:07","modified_gmt":"2025-12-04T13:15:07","slug":"jokereiden-valmennus-taydentyy-ensi-kaudeksi-juuso-hahlilla-jokerit","status":"publish","type":"post","link":"https:\/\/www.europesays.com\/fi\/107535\/","title":{"rendered":"Jokereiden valmennus t\u00e4ydentyy ensi kaudeksi Juuso Hahlilla \u2014 JOKERIT"},"content":{"rendered":"<p class=\"\" style=\"white-space:pre-wrap;\">Helsingin Jokerit t\u00e4ydent\u00e4\u00e4 valmennustaan ensi kaudelle, kun <strong>Juuso Hahl<\/strong> liittyy tiimiin 1. toukokuuta 2026 alkaen. Hahlin valmentajasopimus on kaksivuotinen.<\/p>\n<p class=\"\" style=\"white-space:pre-wrap;\">Hahlilla on valmentajakokemusta Liigasta yhdeks\u00e4lt\u00e4 kaudelta, joista kahdella viimeisell\u00e4 h\u00e4n toimi Vaasan Sportin p\u00e4\u00e4valmentajana. Sportin lis\u00e4ksi h\u00e4nelt\u00e4 l\u00f6ytyy liigavalmennuskokemusta Mikkelin Jukureista.<\/p>\n<p class=\"\" style=\"white-space:pre-wrap;\">Hahl tulee t\u00e4ydent\u00e4m\u00e4\u00e4n <strong>Tomek Valtosen<\/strong> johtamaa valmennusryhm\u00e4\u00e4 tuoden mukanaan tietotaitoa Liigan nykyisist\u00e4 vaatimuksesta.<\/p>\n<p class=\"\" style=\"white-space:pre-wrap;\">&#8211; Juusolla on laaja kokemus valmennuksen eri rooleista liigaorganisaatioissa, ja t\u00e4m\u00e4n my\u00f6t\u00e4 h\u00e4n tuo tiimiimme juuri sellaista n\u00e4kemyst\u00e4 ja kokemusta, joka tekee valmennusryhm\u00e4st\u00e4mme entist\u00e4 kokonaisvaltaisemman sek\u00e4 tuo lis\u00e4\u00e4 n\u00e4kemyst\u00e4 joukkueen rakentamiseen, Jokereiden urheilutoimenjohtaja <strong>Olli-Pekka Yrj\u00e4nheikki<\/strong> toteaa.<\/p>\n<p class=\"\" style=\"white-space:pre-wrap;\">Valmennustiimin vahvistaminen on osa Jokereiden urheilustrategiaa, ja sen luonteva ensimm\u00e4inen askel, kun organisaatio\u00a0 k\u00e4ynnist\u00e4\u00e4 joukkueen rakentamisen kohti Liigaa ja kautta 2026-2027.\u00a0<\/p>\n<p class=\"\" style=\"white-space:pre-wrap;\">Hahl vahvistaa Jokereiden valmennusryhm\u00e4\u00e4, johon kuuluvat p\u00e4\u00e4valmentaja Valtonen, valmentaja <strong>Waltteri Immonen<\/strong> sek\u00e4 maalivahtivalmentaja <strong>Samuli Nordman<\/strong>. Kun Jokereille my\u00f6nnet\u00e4\u00e4n Liiga-lisenssi kaudelle 2026-2027, Valtosen ja Immosen sopimukset ovat voimassa kauden 2027-2028 loppuun saakka (optio 2028-2029). My\u00f6s Jokerit ja Nordman ovat tehneet jatkosopimuksen, joka on kaksivuotinen ja voimassa kauden 2027-2028 loppuun saakka.<\/p>\n","protected":false},"excerpt":{"rendered":"Helsingin Jokerit t\u00e4ydent\u00e4\u00e4 valmennustaan ensi kaudelle, kun Juuso Hahl liittyy tiimiin 1. toukokuuta 2026 alkaen. Hahlin valmentajasopimus on&hellip;\n","protected":false},"author":2,"featured_media":107536,"comment_status":"","ping_status":"","sticky":false,"template":"","format":"standard","meta":{"footnotes":""},"categories":[158],"tags":[33,31,30,159,32,160],"class_list":{"0":"post-107535","1":"post","2":"type-post","3":"status-publish","4":"format-standard","5":"has-post-thumbnail","7":"category-urheilu","8":"tag-fi","9":"tag-finland","10":"tag-finnish","11":"tag-sports","12":"tag-suomi","13":"tag-urheilu"},"share_on_mastodon":{"url":"https:\/\/pubeurope.com\/@fi\/115661486470988117","error":""},"_links":{"self":[{"href":"https:\/\/www.europesays.com\/fi\/wp-json\/wp\/v2\/posts\/107535","targetHints":{"allow":["GET"]}}],"collection":[{"href":"https:\/\/www.europesays.com\/fi\/wp-json\/wp\/v2\/posts"}],"about":[{"href":"https:\/\/www.europesays.com\/fi\/wp-json\/wp\/v2\/types\/post"}],"author":[{"embeddable":true,"href":"https:\/\/www.europesays.com\/fi\/wp-json\/wp\/v2\/users\/2"}],"replies":[{"embeddable":true,"href":"https:\/\/www.europesays.com\/fi\/wp-json\/wp\/v2\/comments?post=107535"}],"version-history":[{"count":0,"href":"https:\/\/www.europesays.com\/fi\/wp-json\/wp\/v2\/posts\/107535\/revisions"}],"wp:featuredmedia":[{"embeddable":true,"href":"https:\/\/www.europesays.com\/fi\/wp-json\/wp\/v2\/media\/107536"}],"wp:attachment":[{"href":"https:\/\/www.europesays.com\/fi\/wp-json\/wp\/v2\/media?parent=107535"}],"wp:term":[{"taxonomy":"category","embeddable":true,"href":"https:\/\/www.europesays.com\/fi\/wp-json\/wp\/v2\/categories?post=107535"},{"taxonomy":"post_tag","embeddable":true,"href":"https:\/\/www.europesays.com\/fi\/wp-json\/wp\/v2\/tags?post=107535"}],"curies":[{"name":"wp","href":"https:\/\/api.w.org\/{rel}","templated":true}]}}