{"id":107541,"date":"2025-12-04T13:20:08","date_gmt":"2025-12-04T13:20:08","guid":{"rendered":"https:\/\/www.europesays.com\/fi\/107541\/"},"modified":"2025-12-04T13:20:08","modified_gmt":"2025-12-04T13:20:08","slug":"ukrainalaisen-tsn-ohjelman-toimittajat-tapasivat-pariisissa-putinin-tyttareksi-vaitetyn-naisen","status":"publish","type":"post","link":"https:\/\/www.europesays.com\/fi\/107541\/","title":{"rendered":"Ukrainalaisen TSN-ohjelman toimittajat tapasivat Pariisissa Putinin tytt\u00e4reksi v\u00e4itetyn naisen"},"content":{"rendered":"<p>Ukrainalaiset odottivat naisen poistumista taidegallerian avajaisista ja p\u00e4\u00e4siv\u00e4t esitt\u00e4m\u00e4\u00e4n t\u00e4lle kysymyksi\u00e4.<\/p>\n<p class=\"article-body mb-nof-24 px-nof-16\">Ukrainalaisen <a class=\"article-genericlink\" href=\"https:\/\/tsn.ua\/exclusive\/donku-putina-upiymaly-v-paryzi-shcho-vona-rozpovila-zurnalistovi-2970596.html\" rel=\"nofollow noopener\" target=\"_blank\">TSN<\/a>-uutisohjelman toimittajat kohtasivat Pariisissa keskiviikkona naisen, jonka v\u00e4itet\u00e4\u00e4n olevan Ven\u00e4j\u00e4n presidentin <a class=\"article-personlink\" href=\"https:\/\/www.is.fi\/haku\/?query=Vladimir%20Putinin\" rel=\"nofollow noopener\" target=\"_blank\">Vladimir Putinin<\/a> tyt\u00e4r. Toimittajien esitt\u00e4ess\u00e4 naiselle kysymyksi\u00e4 t\u00e4m\u00e4 ei my\u00f6nt\u00e4nyt tai my\u00f6sk\u00e4\u00e4n kiist\u00e4nyt sukulaisuuttaan Putiniin.<\/p>\n<p class=\"article-body mb-nof-24 px-nof-16\">Ven\u00e4l\u00e4inen uutissivusto Projekt julkaisi jo <a class=\"article-genericlink\" href=\"https:\/\/www.is.fi\/ulkomaat\/art-2000007643811.html\" rel=\"nofollow noopener\" target=\"_blank\">vuonna 2020<\/a> laajan selvityksen Putinin rakastajattareksi uskotun pietarilaisen miljon\u00e4\u00e4rin <a class=\"article-personlink\" href=\"https:\/\/www.is.fi\/haku\/?query=Svetlana%20Krivonogihin\" rel=\"nofollow noopener\" target=\"_blank\">Svetlana Krivonogihin<\/a> taustoista. Samassa yhteydess\u00e4 sivusto kertoi naisen vuonna 2003 syntyneest\u00e4 tytt\u00e4rest\u00e4 <a class=\"article-personlink\" href=\"https:\/\/www.is.fi\/haku\/?query=Jelizaveta%20Vladimirovna%20Krivonogihista\" rel=\"nofollow noopener\" target=\"_blank\">Jelizaveta Vladimirovna Krivonogihista<\/a>, jonka is\u00e4ksi ep\u00e4ill\u00e4\u00e4n Putinia.<\/p>\n<p class=\"article-body mb-nof-24 px-nof-16\">TSN uutisoi <a class=\"article-genericlink\" href=\"https:\/\/www.is.fi\/ulkomaat\/art-2000010872676.html\" rel=\"nofollow noopener\" target=\"_blank\">joulukuussa 2024<\/a>, ett\u00e4 Putinin ep\u00e4ilty tyt\u00e4r oli muuttanut nime\u00e4\u00e4n ja ainakin jossain vaiheessa asunut Pariisissa. Viime <a class=\"article-genericlink\" href=\"https:\/\/www.is.fi\/ulkomaat\/art-2000011284684.html\" rel=\"nofollow noopener\" target=\"_blank\">kes\u00e4kuussa<\/a> ven\u00e4l\u00e4istaustainen toimittaja <a class=\"article-personlink\" href=\"https:\/\/www.is.fi\/haku\/?query=Nastja%20Rodionova\" rel=\"nofollow noopener\" target=\"_blank\">Nastja Rodionova<\/a> v\u00e4itti, ett\u00e4 nainen ty\u00f6skentelee Pariisissa taidegallerioissa, joissa on esill\u00e4 ven\u00e4l\u00e4isten ja ukrainalaisten sodanvastaista taidetta.<\/p>\n<p class=\"article-body mb-nof-24 px-nof-16\">Virallista vahvistusta Svetlana Krivonigihin ja Putinin suhteesta ei ole koskaan saatu, kuten ei my\u00f6sk\u00e4\u00e4n siit\u00e4, ett\u00e4 Putin olisi \u201dLisaksi\u201d ja my\u00f6s \u201dLuizaksi\u201d kutsutun Jelizavetan is\u00e4.<\/p>\n<p><img decoding=\"async\" src=\"https:\/\/www.europesays.com\/fi\/wp-content\/uploads\/2025\/12\/1764854408_423_468.jpg\" alt=\"T\u00e4m\u00e4 kuva Putinin v\u00e4itetyst\u00e4 tytt\u00e4rest\u00e4 on levinnyt maailmalla ainakin vuodesta 2020 l\u00e4htien. Monet ovat n\u00e4hneet siin\u00e4 yhdenn\u00e4k\u00f6isyytt\u00e4 Ven\u00e4j\u00e4n presidentin kanssa.\" class=\"_Img_1rerz_1\" style=\"aspect-ratio:0.7046875\" loading=\"eager\"\/><\/p>\n<p class=\"article-picture-caption\">T\u00e4m\u00e4 kuva Putinin v\u00e4itetyst\u00e4 tytt\u00e4rest\u00e4 on levinnyt maailmalla ainakin vuodesta 2020 l\u00e4htien. Monet ovat n\u00e4hneet siin\u00e4 yhdenn\u00e4k\u00f6isyytt\u00e4 Ven\u00e4j\u00e4n presidentin kanssa. Kuva:\u00a0East2West News \/ MVPhotos<\/p>\n<p class=\"article-body mb-nof-24 px-nof-16\">Keskiviikkona pariisilaisessa L-taidegalleriassa pidettiin n\u00e4yttelyn avajaiset, joihin Putinin tytt\u00e4reksi v\u00e4itetty nainen osallistui. TSN:n julkaisemalla videolla naista kuvattiin ensin gallerian ikkunan l\u00e4pi.<\/p>\n<p class=\"article-body mb-nof-24 px-nof-16\">Gallerian sulkeuduttua sis\u00e4lle j\u00e4i TSN:n mukaan \u201dLisan\u201d lis\u00e4ksi nelj\u00e4 gallerian johtoon kuuluvaa henkil\u00f6\u00e4 sek\u00e4 tuntematon mies, jonka p\u00e4\u00e4teltiin olevan todenn\u00e4k\u00f6isesti naisen henkivartija.<\/p>\n<p class=\"article-body mb-nof-24 px-nof-16\">\u201dLisa\u201d poistui galleriasta viimeisen\u00e4, jolloin TSN:n toimittaja <a class=\"article-personlink\" href=\"https:\/\/www.is.fi\/haku\/?query=Dmytro%20Svjatnenko\" rel=\"nofollow noopener\" target=\"_blank\">Dmytro Svjatnenko<\/a> p\u00e4\u00e4si esitt\u00e4m\u00e4\u00e4n t\u00e4lle kysymyksi\u00e4. Naisen ja t\u00e4m\u00e4n seurassa olleiden henkil\u00f6iden kerrottiin vaikuttaneen pel\u00e4styneilt\u00e4, kun toimittaja tervehti n\u00e4it\u00e4 ja kertoi olevansa Ukrainasta.<\/p>\n<p class=\"article-body mb-nof-24 px-nof-16\">Putinin v\u00e4itetty tyt\u00e4r ilmoitti pian, ettei ollut antanut lupaa kuvaamiselle. Svjatnenko haastoi h\u00e4nt\u00e4 sanomalla, ett\u00e4 my\u00f6sk\u00e4\u00e4n ukrainalaiset eiv\u00e4t ole antaneet lupaa heihin kohdistetuille pommituksille.<\/p>\n<p><img decoding=\"async\" src=\"https:\/\/www.europesays.com\/fi\/wp-content\/uploads\/2025\/12\/1764854408_585_468.jpg\" alt=\"TSN-uutisohjelma julkaisi videon kohtaamisestaan Putinin tytt\u00e4reksi v\u00e4itetyn \u201dLisan\u201d kanssa Pariisissa.\" class=\"_Img_1rerz_1\" style=\"aspect-ratio:1.7877094972067038\" loading=\"eager\"\/><\/p>\n<p class=\"article-picture-caption\">TSN-uutisohjelma julkaisi videon kohtaamisestaan Putinin tytt\u00e4reksi v\u00e4itetyn \u201dLisan\u201d kanssa Pariisissa. Kuva:\u00a0Kuvakaappaus videolta \/ TSN<\/p>\n<p class=\"article-body mb-nof-24 px-nof-16\">Sitten toimittaja kysyi \u201dLisalta\u201d suoraan, mit\u00e4 t\u00e4m\u00e4 ajattelee v\u00e4itetyn is\u00e4ns\u00e4 politiikasta ja tukeeko t\u00e4m\u00e4 sit\u00e4.<\/p>\n<p class=\"article-body mb-nof-24 px-nof-16\">\u2013 Mit\u00e4 min\u00e4 teen t\u00e4\u00e4ll\u00e4? nainen sanoi pariin otteeseen.<\/p>\n<p class=\"article-body mb-nof-24 px-nof-16\">Svjatnenko ehdotti, ett\u00e4 nainen soittaisi is\u00e4lleen ja pyyt\u00e4isi t\u00e4t\u00e4 lopettamaan Kiovan pommittamisen.<\/p>\n<p class=\"article-body mb-nof-24 px-nof-16\">\u2013 No, tietenkin, \u201dLisa\u201d vastasi.<\/p>\n<p class=\"article-body mb-nof-24 px-nof-16\">Svjatnenko ehdotti my\u00f6s, ett\u00e4 h\u00e4n ostaisi \u201dLisalle\u201d lentolipun Kiovaan, jossa t\u00e4m\u00e4 voisi l\u00e4sn\u00e4olollaan toimia \u201dilmapuolustuksena\u201d ukrainalaisille. Heti per\u00e4\u00e4n h\u00e4n kuitenkin sanoi, ett\u00e4 lentoja ei kuitenkaan ole \u201dLisan\u201d v\u00e4itetyn is\u00e4n toimien seurauksena.<\/p>\n<p class=\"article-body mb-nof-24 px-nof-16\">\u2013 Valitettavasti en voi auttaa sinua mitenk\u00e4\u00e4n. Olen hyvin pahoillani. Luulen, ett\u00e4 olen puhunut kanssasi tarpeeksi. Olen todella pahoillani, ett\u00e4 kaikki menee n\u00e4in. Valitettavasti en ole vastuussa t\u00e4st\u00e4 tilanteesta, nainen sanoi.<\/p>\n<p class=\"article-body mb-nof-24 px-nof-16\">\u2013 Olen iloinen, ett\u00e4 sinulla oli rohkeutta tulla luokseni ja puhua minulle, mutta valitettavasti en voi auttaa mitenk\u00e4\u00e4n. Toivotan sinulle hyv\u00e4\u00e4 illanjatkoa. N\u00e4hd\u00e4\u00e4n my\u00f6hemmin, nainen p\u00e4\u00e4tti keskustelun Svjatnenkon kanssa.<\/p>\n<p><img decoding=\"async\" src=\"https:\/\/www.europesays.com\/fi\/wp-content\/uploads\/2025\/12\/1764854408_763_468.jpg\" alt=\"Vladimir Putinilla v\u00e4itet\u00e4\u00e4n olevan ainakin viisi lasta kolmesta eri suhteesta. Virallisesti tunnustettuja lapsia ovat ainoastaan Ljudmila Putinan kanssa avioliitossa saadut tytt\u00e4ret Maria Vorontsova ja Katerina Tihonova.\" class=\"_Img_1rerz_1\" style=\"aspect-ratio:1.5\" loading=\"eager\"\/><\/p>\n<p class=\"article-picture-caption\">Vladimir Putinilla v\u00e4itet\u00e4\u00e4n olevan ainakin viisi lasta kolmesta eri suhteesta. Virallisesti tunnustettuja lapsia ovat ainoastaan Ljudmila Putinan kanssa avioliitossa saadut tytt\u00e4ret Maria Vorontsova ja Katerina Tihonova. Kuva:\u00a0Alexander Shcherbak \/ TASS \/ ZUMA \/ MVPhotos<\/p>\n<p class=\"article-body mb-nof-24 px-nof-16\">TSN:n mukaan tilanteesta kuvatun videon editoimisen yhteydess\u00e4 huomattiin, ett\u00e4 yksi \u201dLisan\u201d kanssa galleriasta poistuneista miehist\u00e4 k\u00e4ytt\u00e4ytyi kuin ammattimainen henkivartija. Lis\u00e4ksi toimittajien k\u00e4ytt\u00e4m\u00e4n langattoman mikrofonin sanottiin lakanneen toimimasta keskustelun aikana.<\/p>\n<p class=\"article-body mb-nof-24 px-nof-16\">TSN:n mukaan mikrofoni saatettiin mykist\u00e4\u00e4. Kamera kuitenkin taltioi koko keskustelun \u00e4\u00e4nineen p\u00e4ivineen.<\/p>\n<p class=\"article-body mb-nof-24 px-nof-16\">Videolta ei kuitenkaan ole p\u00e4\u00e4telt\u00e4viss\u00e4 varmasti, oliko TSN:n toimittajien Pariisissa kohtaama \u201dLisa\u201d sama nuori nainen, josta Projekt vuonna 2020 uutisoi.<\/p>\n<p class=\"article-body mb-nof-24 px-nof-16\">Jelizaveta Krivonigihin on kerrottu aiemmin k\u00e4ytt\u00e4neen my\u00f6s sukunimi\u00e4 <a class=\"article-personlink\" href=\"https:\/\/www.is.fi\/haku\/?query=Rozova\" rel=\"nofollow noopener\" target=\"_blank\">Rozova<\/a> ja <a class=\"article-personlink\" href=\"https:\/\/www.is.fi\/haku\/?query=Rudnova\" rel=\"nofollow noopener\" target=\"_blank\">Rudnova<\/a>. J\u00e4lkimm\u00e4isen nimen on p\u00e4\u00e4telty olevan per\u00e4isin Putinin vanhalta yst\u00e4v\u00e4lt\u00e4 Oleg Rudnovilta, joka kuoli 2015.<\/p>\n","protected":false},"excerpt":{"rendered":"Ukrainalaiset odottivat naisen poistumista taidegallerian avajaisista ja p\u00e4\u00e4siv\u00e4t esitt\u00e4m\u00e4\u00e4n t\u00e4lle kysymyksi\u00e4. Ukrainalaisen TSN-uutisohjelman toimittajat kohtasivat Pariisissa keskiviikkona naisen,&hellip;\n","protected":false},"author":2,"featured_media":107542,"comment_status":"","ping_status":"","sticky":false,"template":"","format":"standard","meta":{"footnotes":""},"categories":[14],"tags":[22,23,26,27,33,31,30,17,34,24,25,28,29,15,18,21,32,19,20,56,16,59,60,61],"class_list":{"0":"post-107541","1":"post","2":"type-post","3":"status-publish","4":"format-standard","5":"has-post-thumbnail","7":"category-ulkomaat","8":"tag-breaking-news","9":"tag-breakingnews","10":"tag-featured-news","11":"tag-featurednews","12":"tag-fi","13":"tag-finland","14":"tag-finnish","15":"tag-headlines","16":"tag-ilta-sanomat","17":"tag-latest-news","18":"tag-latestnews","19":"tag-main-news","20":"tag-mainnews","21":"tag-news","22":"tag-otsikot","23":"tag-paauutiset","24":"tag-suomi","25":"tag-top-stories","26":"tag-topstories","27":"tag-ulkomaat","28":"tag-uutiset","29":"tag-world","30":"tag-world-news","31":"tag-worldnews"},"share_on_mastodon":{"url":"https:\/\/pubeurope.com\/@fi\/115661506296550233","error":""},"_links":{"self":[{"href":"https:\/\/www.europesays.com\/fi\/wp-json\/wp\/v2\/posts\/107541","targetHints":{"allow":["GET"]}}],"collection":[{"href":"https:\/\/www.europesays.com\/fi\/wp-json\/wp\/v2\/posts"}],"about":[{"href":"https:\/\/www.europesays.com\/fi\/wp-json\/wp\/v2\/types\/post"}],"author":[{"embeddable":true,"href":"https:\/\/www.europesays.com\/fi\/wp-json\/wp\/v2\/users\/2"}],"replies":[{"embeddable":true,"href":"https:\/\/www.europesays.com\/fi\/wp-json\/wp\/v2\/comments?post=107541"}],"version-history":[{"count":0,"href":"https:\/\/www.europesays.com\/fi\/wp-json\/wp\/v2\/posts\/107541\/revisions"}],"wp:featuredmedia":[{"embeddable":true,"href":"https:\/\/www.europesays.com\/fi\/wp-json\/wp\/v2\/media\/107542"}],"wp:attachment":[{"href":"https:\/\/www.europesays.com\/fi\/wp-json\/wp\/v2\/media?parent=107541"}],"wp:term":[{"taxonomy":"category","embeddable":true,"href":"https:\/\/www.europesays.com\/fi\/wp-json\/wp\/v2\/categories?post=107541"},{"taxonomy":"post_tag","embeddable":true,"href":"https:\/\/www.europesays.com\/fi\/wp-json\/wp\/v2\/tags?post=107541"}],"curies":[{"name":"wp","href":"https:\/\/api.w.org\/{rel}","templated":true}]}}